{"id":9968,"date":"2024-07-08T20:12:14","date_gmt":"2024-07-08T23:12:14","guid":{"rendered":"https:\/\/guialimeira.com.br\/2024\/07\/08\/confederacao-de-atletismo-confirma-43-atletas-do-brasil-em-paris-2024\/"},"modified":"2024-07-08T20:12:14","modified_gmt":"2024-07-08T23:12:14","slug":"confederacao-de-atletismo-confirma-43-atletas-do-brasil-em-paris-2024","status":"publish","type":"post","link":"https:\/\/guialimeira.com.br\/news\/confederacao-de-atletismo-confirma-43-atletas-do-brasil-em-paris-2024\/","title":{"rendered":"Confedera\u00e7\u00e3o de Atletismo confirma 43 atletas do Brasil em Paris 2024"},"content":{"rendered":"<p> <br \/>\n<\/p>\n<div>\n<p>A Confedera\u00e7\u00e3o Brasileira de Atletismo (CBAt) anunciou a lista dos 43 atletas do pa\u00eds classificados \u00e0 Olimp\u00edada de Paris \u2013 19 mulheres e 24 homens. Quinze atletas \u2013 entre eles Alison do Santos, n\u00famero 2\u00a0do mundo nos 400 metros com barreiras &#8211; garantiram presen\u00e7a em Paris ao conseguirem o \u00edndice ol\u00edmpico, mas a maioria carimbou o passaporte por meio de pontua\u00e7\u00e3o no ranking mundial da World Athletics (federa\u00e7\u00e3o internacional da modalidade). A janela de pontua\u00e7\u00e3o chegou ao fim em 30 de junho. Confira a lista completa ao fim do texto.\u00a0<img data-recalc-dims=\"1\" decoding=\"async\" src=\"https:\/\/i0.wp.com\/agenciabrasil.ebc.com.br\/ebc.png?w=696&#038;ssl=1\" style=\"width:1px; height:1px; display:inline;\"\/><img data-recalc-dims=\"1\" decoding=\"async\" src=\"https:\/\/i0.wp.com\/agenciabrasil.ebc.com.br\/ebc.gif?w=696&#038;ssl=1\" style=\"width:1px; height:1px; display:inline;\"\/><\/p>\n<blockquote class=\"instagram-media\" data-instgrm-captioned=\"\" data-instgrm-permalink=\"https:\/\/www.instagram.com\/p\/C9LRoeAR28R\/?utm_source=ig_embed&amp;utm_campaign=loading\" data-instgrm-version=\"14\" style=\" background:#FFF; border:0; border-radius:3px; box-shadow:0 0 1px 0 rgba(0,0,0,0.5),0 1px 10px 0 rgba(0,0,0,0.15); margin: 1px; max-width:540px; min-width:326px; padding:0; width:99.375%; width:-webkit-calc(100% - 2px); width:calc(100% - 2px);\">\n<\/blockquote>\n<p>De acordo com Wlamir Motta Campos, presidente da CBAt, o Brasil pode contar ainda com outros tr\u00eas atletas que ficaram fora da lista de convocados em raz\u00e3o de exig\u00eancias da World Athletics, relacionadas a realiza\u00e7\u00e3o dos testes antidoping. S\u00e3o eles: Max Batista (marcha atl\u00e9tica), L\u00edvia Avancini (arremesso de peso) e Igor Gabriel Soares (revezamento 4x 100m). Segundo Campos, o trio fez ao menos tr\u00eas testes nos \u00faltimos meses, a contar de setembro de 2023, no per\u00edodo de 21 dias. No entanto, a World Athletics afirma que o per\u00edodo de 21 dias n\u00e3o teria sido respeitado, raz\u00e3o que inviabiliza a convoca\u00e7\u00e3o do trio.<\/p>\n<blockquote>\n<p>\u201cA CBAt recorreu \u00e0 World Athletics para que esses atletas estivessem eleg\u00edveis, para que pud\u00e9ssemos fazer a convoca\u00e7\u00e3o hoje, mas houve uma negativa. Ent\u00e3o n\u00f3s iremos recorrer \u00e0 Corte Arbitral do Esporte (CAS), na Su\u00ed\u00e7a, vamos \u00e0s \u00faltimas consequ\u00eancias para assegurar a participa\u00e7\u00e3o desses atletas\u201d, garantiu o dirigente.<\/p>\n<\/blockquote>\n<p>Al\u00e9m de Alison dos Santos &#8211;\u00a0invicto nesta temporada no ranking da Diamond League (circuito mundial)\u00a0dos 400m com barreiras\u00a0&#8211; o Brasil tamb\u00e9m tem chances de subir ao p\u00f3dio ol\u00edmpico na prova da marcha atl\u00e9tica (Caio Bonfim, \u00c9rica Sena e Viviane Lyra) e com Darlan Romani (arremesso de peso).<\/p>\n<p>At\u00e9 o momento, o Brasil totaliza 278 atletas confirmados nos Jogos de Paris, com abertura em 26 de julho. As provas de atletismo ocorrer\u00e3o no per\u00edodo de 1\u00ba a 11 de agosto.\u00a0<\/p>\n<h2>Convocados<\/h2>\n<p><strong>Equipe feminina<\/strong><\/p>\n<p>Vit\u00f3ria Rosa &#8211; 100m rasos<br \/>Ana Azevedo &#8211; 100m e 200m rasos<br \/>Lorraine Martins &#8211; 200m rasos<br \/>Tiffany Marinho &#8211; 400m rasos<br \/>Fl\u00e1via Lima &#8211; 800m rasos<br \/>Chayenne Pereira da Silva &#8211; 400m com barreiras<br \/>Tatiane Raquel &#8211; 3000m com obst\u00e1culos<br \/>Valdileia Martins &#8211; salto em altura<br \/>Juliana Campos &#8211; salto com vara<br \/>Eliane Martins &#8211; salto em dist\u00e2ncia<br \/>Lissandra Campos &#8211; salto em dist\u00e2ncia<br \/>Gabriele Sousa &#8211; salto triplo<br \/>Ana Caroline da Silva &#8211; arremesso de peso<br \/>Izabela Rodrigues da Silva &#8211; lan\u00e7amento de disco<br \/>Andressa Morais &#8211; lan\u00e7amento de disco<br \/>Jucilene Lima &#8211; lan\u00e7amento de dardo<br \/>\u00c9rica Sena &#8211; 20km marcha atl\u00e9tica<br \/>Gabriela Muniz &#8211; 20km marcha atl\u00e9tica<br \/>Viviane Lyra &#8211; 20km marcha atl\u00e9tica e revezamento misto<\/p>\n<p><strong>Equipe masculina<\/strong><\/p>\n<p>Felipe Bardi &#8211; 100m rasos e revezamento 4x100m<br \/>Erik Cardoso &#8211; 100m rasos e revezamento 4x100m<br \/>Paulo Andr\u00e9 Camilo &#8211; 100m rasos e revezamento 4x100m<br \/>Gabriel Garcia &#8211; revezamento 4x100m<br \/>Renan Gallina &#8211; 200m rasos e revezamento 4x100m<br \/>Matheus Lima &#8211; 400m rasos, 400m com barreiras e revezamento 4x400m<br \/>Lucas Carvalho &#8211; 400m rasos e 4x400m<br \/>Lucas Vilar &#8211; revezamento 4x400m<br \/>Jadson Lima &#8211; revezamento 4x400m<br \/>Douglas Hernandes &#8211; revezamento 4x400m<br \/>Rafael Pereira &#8211; 110m com barreiras<br \/>Eduardo de Deus &#8211; 110m com barreiras<br \/>Alison dos Santos &#8211; 400m com barreiras e revezamento 4x400m<br \/>Fernando Ferreira &#8211; salto em altura<br \/>Lucas Marcelino dos Santos &#8211; salto em dist\u00e2ncia<br \/>Almir J\u00fanior &#8211; salto triplo<br \/>Darlan Romani &#8211; arremesso de peso<br \/>Wellington Morais &#8211; arremesso de peso<br \/>Luiz da Silva &#8211; lan\u00e7amento de dardo<br \/>Pedro Henrique Rodrigues &#8211; lan\u00e7amento de dardo<br \/>Caio Bonfim &#8211; 20km marcha atl\u00e9tica e revezamento misto<br \/>Matheus Correa &#8211; 20km marcha atl\u00e9tica<br \/>Daniel Nascimento &#8211; maratona<br \/>Jos\u00e9 Ferreira Santana &#8211; decatlo<\/p>\n<\/p><\/div>\n<p><script async src=\"\/\/www.instagram.com\/embed.js\"><\/script><br \/>\n<br \/><br \/>\n<br \/><a href=\"https:\/\/agenciabrasil.ebc.com.br\/esportes\/noticia\/2024-07\/confederacao-de-atletismo-confirma-43-atletas-do-brasil-em-Paris\" rel=\"noopener\">Ag\u00eancia Brasil<\/a><\/p>\n","protected":false},"excerpt":{"rendered":"<p>A Confedera\u00e7\u00e3o Brasileira de Atletismo (CBAt) anunciou a lista dos 43 atletas do pa\u00eds classificados \u00e0 Olimp\u00edada de Paris \u2013 19 mulheres e 24 homens. Quinze atletas \u2013 entre eles Alison do Santos, n\u00famero 2\u00a0do mundo nos 400 metros com barreiras &#8211; garantiram presen\u00e7a em Paris ao conseguirem o \u00edndice ol\u00edmpico, mas a maioria carimbou [&hellip;]<\/p>\n","protected":false},"author":1,"featured_media":9969,"comment_status":"open","ping_status":"open","sticky":false,"template":"","format":"standard","meta":{"_jetpack_newsletter_access":"","_jetpack_dont_email_post_to_subs":false,"_jetpack_newsletter_tier_id":0,"_jetpack_memberships_contains_paywalled_content":false,"_mbp_banners":[],"_jetpack_feature_clip_id":0,"_jetpack_memberships_contains_paid_content":false,"footnotes":"","jetpack_publicize_message":"","jetpack_publicize_feature_enabled":true,"jetpack_social_post_already_shared":true,"jetpack_social_options":{"image_generator_settings":{"template":"highway","default_image_id":0,"font":"","enabled":false},"version":2},"jetpack_post_was_ever_published":false},"categories":[23],"tags":[],"class_list":["post-9968","post","type-post","status-publish","format-standard","has-post-thumbnail","category-esportes"],"jetpack_publicize_connections":[],"jetpack-related-posts":[],"jetpack_shortlink":"https:\/\/wp.me\/p7Eq1F-2AM","jetpack_sharing_enabled":true,"jetpack_featured_media_url":"https:\/\/i0.wp.com\/guialimeira.com.br\/news\/wp-content\/uploads\/2024\/07\/10168000atletismo.jpg?fit=1600%2C800&ssl=1","_links":{"self":[{"href":"https:\/\/guialimeira.com.br\/news\/wp-json\/wp\/v2\/posts\/9968","targetHints":{"allow":["GET"]}}],"collection":[{"href":"https:\/\/guialimeira.com.br\/news\/wp-json\/wp\/v2\/posts"}],"about":[{"href":"https:\/\/guialimeira.com.br\/news\/wp-json\/wp\/v2\/types\/post"}],"author":[{"embeddable":true,"href":"https:\/\/guialimeira.com.br\/news\/wp-json\/wp\/v2\/users\/1"}],"replies":[{"embeddable":true,"href":"https:\/\/guialimeira.com.br\/news\/wp-json\/wp\/v2\/comments?post=9968"}],"version-history":[{"count":0,"href":"https:\/\/guialimeira.com.br\/news\/wp-json\/wp\/v2\/posts\/9968\/revisions"}],"wp:featuredmedia":[{"embeddable":true,"href":"https:\/\/guialimeira.com.br\/news\/wp-json\/wp\/v2\/media\/9969"}],"wp:attachment":[{"href":"https:\/\/guialimeira.com.br\/news\/wp-json\/wp\/v2\/media?parent=9968"}],"wp:term":[{"taxonomy":"category","embeddable":true,"href":"https:\/\/guialimeira.com.br\/news\/wp-json\/wp\/v2\/categories?post=9968"},{"taxonomy":"post_tag","embeddable":true,"href":"https:\/\/guialimeira.com.br\/news\/wp-json\/wp\/v2\/tags?post=9968"}],"curies":[{"name":"wp","href":"https:\/\/api.w.org\/{rel}","templated":true}]}}