{"id":9966,"date":"2024-07-08T20:04:14","date_gmt":"2024-07-08T23:04:14","guid":{"rendered":"https:\/\/guialimeira.com.br\/2024\/07\/08\/hospital-do-rj-tera-sala-para-acolher-mulheres-vitimas-de-violencia\/"},"modified":"2024-07-08T20:04:14","modified_gmt":"2024-07-08T23:04:14","slug":"hospital-do-rj-tera-sala-para-acolher-mulheres-vitimas-de-violencia","status":"publish","type":"post","link":"https:\/\/guialimeira.com.br\/news\/hospital-do-rj-tera-sala-para-acolher-mulheres-vitimas-de-violencia\/","title":{"rendered":"Hospital do RJ ter\u00e1 sala para acolher mulheres v\u00edtimas de viol\u00eancia"},"content":{"rendered":"<p> <br \/>\n<\/p>\n<div>\n<p>O Hospital Estadual da Mulher Heloneida Studart, em S\u00e3o Jo\u00e3o de Meriti, na Baixada Fluminense, ganhou nesta segunda-feira (8) a primeira sala de acolhimento para mulheres v\u00edtimas de viol\u00eancia. O Espa\u00e7o Multivioleta far\u00e1 atendimento humanizado e multidisciplinar com ginecologistas, psic\u00f3logos, assistentes sociais e enfermeiros. A meta \u00e9 que a iniciativa chegue a 34 unidades da rede estadual de Sa\u00fade.<img data-recalc-dims=\"1\" decoding=\"async\" src=\"https:\/\/i0.wp.com\/agenciabrasil.ebc.com.br\/ebc.png?w=696&#038;ssl=1\" style=\"width:1px; height:1px; display:inline;\"\/><img data-recalc-dims=\"1\" decoding=\"async\" src=\"https:\/\/i0.wp.com\/agenciabrasil.ebc.com.br\/ebc.gif?w=696&#038;ssl=1\" style=\"width:1px; height:1px; display:inline;\"\/><\/p>\n<p>As equipes foram treinadas sobre os protocolos que devem ser seguidos e como funciona a integra\u00e7\u00e3o da rede de prote\u00e7\u00e3o de seguran\u00e7a p\u00fablica do governo do Estado, que inclui a Delegacia da Mulher e a Patrulha Maria da Penha, os abrigos estaduais, os Centros Especializados de Atendimento \u00e0 Mulher e as Unidades de Pronto Atendimento (UPAs).<\/p>\n<p>O equipamento integra o programa Antes que Aconte\u00e7a, iniciativa nacional para fortalecer a rede especializada de apoio \u00e0s mulheres nesses casos, melhorando o fluxo do atendimento. Entre as unidades que ter\u00e3o a sala est\u00e3o inclu\u00eddos hospitais de emerg\u00eancia como Get\u00falio Vargas, Carlos Chagas e Alberto Torres; al\u00e9m das maternidades dos hospitais estaduais Azevedo Lima, M\u00e3e de Mesquita, Heloneida Studart e dos Lagos, e tamb\u00e9m as 27 UPAs.<\/p>\n<p>O governo do RJ \u00e9 o primeiro a aderir ao programa, ao mesmo tempo que a Para\u00edba. No Rio, o programa Antes que Aconte\u00e7a tem a coordena\u00e7\u00e3o da Secretaria de Estado da Mulher, com a\u00e7\u00f5es conjuntas das secretarias de Estado de Seguran\u00e7a P\u00fablica, Sa\u00fade, Ci\u00eancia e Tecnologia, al\u00e9m do Tribunal de Justi\u00e7a.<\/p>\n<p>O sistema inclui a coleta, consolida\u00e7\u00e3o e an\u00e1lise de dados, profilaxia pr\u00e9 e p\u00f3s-exposi\u00e7\u00e3o a doen\u00e7as sexualmente transmiss\u00edveis, como o HIV; contracep\u00e7\u00e3o de emerg\u00eancia, profilaxia pedi\u00e1trica e hepatites virais.\u00a0<\/p>\n<p>O programa tamb\u00e9m utilizar\u00e1 recursos de tecnologia e inova\u00e7\u00e3o para o monitoramento das mulheres v\u00edtimas de viol\u00eancia dom\u00e9stica e familiar. Ser\u00e3o aprimoradas as ferramentas j\u00e1 existentes, como o app Rede Mulher, que possui o &#8220;bot\u00e3o do p\u00e2nico&#8221;, al\u00e9m de outras funcionalidades.<\/p>\n<\/p><\/div>\n<p><br \/>\n<br \/><a href=\"https:\/\/agenciabrasil.ebc.com.br\/saude\/noticia\/2024-07\/hospital-do-rj-tera-sala-para-acolher-mulheres-vitimas-de-violencia\" rel=\"noopener\">Ag\u00eancia Brasil <\/a><\/p>\n","protected":false},"excerpt":{"rendered":"<p>O Hospital Estadual da Mulher Heloneida Studart, em S\u00e3o Jo\u00e3o de Meriti, na Baixada Fluminense, ganhou nesta segunda-feira (8) a primeira sala de acolhimento para mulheres v\u00edtimas de viol\u00eancia. O Espa\u00e7o Multivioleta far\u00e1 atendimento humanizado e multidisciplinar com ginecologistas, psic\u00f3logos, assistentes sociais e enfermeiros. A meta \u00e9 que a iniciativa chegue a 34 unidades da [&hellip;]<\/p>\n","protected":false},"author":1,"featured_media":269,"comment_status":"open","ping_status":"open","sticky":false,"template":"","format":"standard","meta":{"_jetpack_newsletter_access":"","_jetpack_dont_email_post_to_subs":false,"_jetpack_newsletter_tier_id":0,"_jetpack_memberships_contains_paywalled_content":false,"_mbp_banners":[],"_jetpack_feature_clip_id":0,"_jetpack_memberships_contains_paid_content":false,"footnotes":"","jetpack_publicize_message":"","jetpack_publicize_feature_enabled":true,"jetpack_social_post_already_shared":true,"jetpack_social_options":{"image_generator_settings":{"template":"highway","default_image_id":0,"font":"","enabled":false},"version":2},"jetpack_post_was_ever_published":false},"categories":[15],"tags":[],"class_list":["post-9966","post","type-post","status-publish","format-standard","has-post-thumbnail","category-saude"],"jetpack_publicize_connections":[],"jetpack-related-posts":[],"jetpack_shortlink":"https:\/\/wp.me\/p7Eq1F-2AK","jetpack_sharing_enabled":true,"jetpack_featured_media_url":"https:\/\/i0.wp.com\/guialimeira.com.br\/news\/wp-content\/uploads\/2024\/03\/thumb_1200x600_agbrasil.png?fit=1200%2C600&ssl=1","_links":{"self":[{"href":"https:\/\/guialimeira.com.br\/news\/wp-json\/wp\/v2\/posts\/9966","targetHints":{"allow":["GET"]}}],"collection":[{"href":"https:\/\/guialimeira.com.br\/news\/wp-json\/wp\/v2\/posts"}],"about":[{"href":"https:\/\/guialimeira.com.br\/news\/wp-json\/wp\/v2\/types\/post"}],"author":[{"embeddable":true,"href":"https:\/\/guialimeira.com.br\/news\/wp-json\/wp\/v2\/users\/1"}],"replies":[{"embeddable":true,"href":"https:\/\/guialimeira.com.br\/news\/wp-json\/wp\/v2\/comments?post=9966"}],"version-history":[{"count":0,"href":"https:\/\/guialimeira.com.br\/news\/wp-json\/wp\/v2\/posts\/9966\/revisions"}],"wp:featuredmedia":[{"embeddable":true,"href":"https:\/\/guialimeira.com.br\/news\/wp-json\/wp\/v2\/media\/269"}],"wp:attachment":[{"href":"https:\/\/guialimeira.com.br\/news\/wp-json\/wp\/v2\/media?parent=9966"}],"wp:term":[{"taxonomy":"category","embeddable":true,"href":"https:\/\/guialimeira.com.br\/news\/wp-json\/wp\/v2\/categories?post=9966"},{"taxonomy":"post_tag","embeddable":true,"href":"https:\/\/guialimeira.com.br\/news\/wp-json\/wp\/v2\/tags?post=9966"}],"curies":[{"name":"wp","href":"https:\/\/api.w.org\/{rel}","templated":true}]}}