{"id":9956,"date":"2024-07-08T17:08:14","date_gmt":"2024-07-08T20:08:14","guid":{"rendered":"https:\/\/guialimeira.com.br\/2024\/07\/08\/definidos-os-12-convocados-da-selecao-masculina-de-volei-para-paris\/"},"modified":"2024-07-08T17:08:14","modified_gmt":"2024-07-08T20:08:14","slug":"definidos-os-12-convocados-da-selecao-masculina-de-volei-para-paris","status":"publish","type":"post","link":"https:\/\/guialimeira.com.br\/news\/definidos-os-12-convocados-da-selecao-masculina-de-volei-para-paris\/","title":{"rendered":"Definidos os 12 convocados da sele\u00e7\u00e3o masculina de v\u00f4lei para Paris"},"content":{"rendered":"<p> <br \/>\n<\/p>\n<div>\n<p>A sele\u00e7\u00e3o brasileira masculina de v\u00f4lei foi convocada para a Olimp\u00edada de Paris, com 12 jogadores, cinco deles estreantes em Jogos. O an\u00fancio feito nominalmente nas redes sociais pela Confedera\u00e7\u00e3o Brasileira de V\u00f4lei (CBV) no domingo (7). \u00a0Os debutantes em Olimp\u00edadas chamados pelo t\u00e9cnico Bernardinho s\u00e3o os irm\u00e3os Alan e Darlan, Adriano, Fl\u00e1vio e Lukas Bergmann. Entre os experientes est\u00e3o o levantador Bruninho,\u00a0Luc\u00e3o e Lucarelli, trio que faturou o ouro na edi\u00e7\u00e3o Rio 2016. Confira a lista completa ao final do texto.<img data-recalc-dims=\"1\" decoding=\"async\" src=\"https:\/\/i0.wp.com\/agenciabrasil.ebc.com.br\/ebc.png?w=696&#038;ssl=1\" style=\"width:1px; height:1px; display:inline;\"\/><img data-recalc-dims=\"1\" decoding=\"async\" src=\"https:\/\/i0.wp.com\/agenciabrasil.ebc.com.br\/ebc.gif?w=696&#038;ssl=1\" style=\"width:1px; height:1px; display:inline;\"\/><\/p>\n<blockquote>\n<p>\u201cA gente tem uma sele\u00e7\u00e3o muito forte, com muitos jogadores bons. Se a gente conseguir chegar coeso e um time bem organizado, temos grandes chances\u201d, projetou Lucarelli, em entrevista ao portal <a href=\"https:\/\/olympics.com\/pt\/noticias\" rel=\"noopener\"><strong>olympics.com<\/strong><\/a><\/p>\n<\/blockquote>\n<blockquote class=\"twitter-tweet\">\n<p dir=\"ltr\" lang=\"pt\" xml:lang=\"pt\">Sele\u00e7\u00e3o masculina escalada! \ud83c\udfd0<\/p>\n<p>Confira a lista final dos atletas que v\u00e3o defender o <a href=\"https:\/\/twitter.com\/hashtag\/TimeBrasil?src=hash&amp;ref_src=twsrc%5Etfw\" rel=\"noopener\">#TimeBrasil<\/a> nos Jogos Ol\u00edmpicos <a href=\"https:\/\/twitter.com\/hashtag\/Paris2024?src=hash&amp;ref_src=twsrc%5Etfw\" rel=\"noopener\">#Paris2024<\/a>! \ud83c\uddeb\ud83c\uddf7<\/p>\n<p>Vamos pra cima! \ud83d\udcaa\ud83c\udffd\ud83d\udd25 <a href=\"https:\/\/t.co\/4CkMxCqt4O\">pic.twitter.com\/4CkMxCqt4O<\/a><\/p>\n<p>\u2014 Time Brasil (@timebrasil) <a href=\"https:\/\/twitter.com\/timebrasil\/status\/1810375020113191057?ref_src=twsrc%5Etfw\" rel=\"noopener\">July 8, 2024<\/a><\/p><\/blockquote>\n<p>O t\u00e9cnico Bernardinho tamb\u00e9m chamou o ponteiro Honorato, atleta extra que entrar\u00e1 na sele\u00e7\u00e3o caso algum dos 12 convocados se lesione ao longo do torneio. \u00a0A regra do 13\u00ba jogador foi implementada nesta edi\u00e7\u00e3o dos Jogos, e vale para todas as 12 equipes classificadas \u00e0 Paris.<\/p>\n<p>A estreia do Brasil na fase de grupos dos Jogos ser\u00e1 contra a It\u00e1lia, \u00e0s 8h (hor\u00e1rio de Bras\u00edlia) de 27 de julho (um s\u00e1bado). Quatro dias depois, numa quarta-feira, a sele\u00e7\u00e3o encara Pol\u00f4nia \u00e0s 4h e, faz o \u00faltimo jogo da primeira fase contra o Egito, em 2 de agosto (sexta-feira), enfrenta o Egito \u00e0s 8h do dia 2 de agosto (sexta-feira).<\/p>\n<p>O Brasil busca o tetracampeonato ol\u00edmpico em Paris. A sele\u00e7\u00e3o masculina conquistou o ouro nas edi\u00e7\u00f5es de Barcelona (1992), Atenas (2004) e na Rio 2016. \u00a0Na edi\u00e7\u00e3o de Pequim (2008), a sele\u00e7\u00e3o foi at\u00e9 a final, mas foi superada pelos Estados Unidos, e amealhou a primeira prata. A segunda viria quatro anos depois, quando o pa\u00eds trope\u00e7ou diante da R\u00fassia na decis\u00e3o do ouro. Na \u00faltima edi\u00e7\u00e3o dos Jogos (T\u00f3quio 2020), a sele\u00e7\u00e3o terminou na quarta posi\u00e7\u00e3o, ap\u00f3s perder a disputa do bronze para a Argentina.<\/p>\n<h2>Convocados<\/h2>\n<p>Bruninho \u2013 levantador<\/p>\n<p>Cachopa \u2013 levantador<\/p>\n<p>Adriano \u2013 ponteiro<\/p>\n<p>Leal \u2013 ponteiro<\/p>\n<p>Lucarelli \u2013 ponteiro<\/p>\n<p>Lukas Bergmann \u2013 ponteiro<\/p>\n<p>Alan \u2013 oposto<\/p>\n<p>Darlan \u2013 oposto<\/p>\n<p>Fl\u00e1vio \u2013 central<\/p>\n<p>Isac \u2013 central<\/p>\n<p>Luc\u00e3o \u2013 central<\/p>\n<p>Thales \u2013 l\u00edbero<\/p>\n<p>13\u00ba convoado &#8211; Honorato (ponteiro)<\/p>\n<\/p><\/div>\n<p><script async src=\"\/\/platform.twitter.com\/widgets.js\" charset=\"utf-8\"><\/script><br \/>\n<br \/><br \/>\n<br \/><a href=\"https:\/\/agenciabrasil.ebc.com.br\/esportes\/noticia\/2024-07\/definidos-os-12-convocados-da-selecao-masculina-de-volei-para-paris\" rel=\"noopener\">Ag\u00eancia Brasil<\/a><\/p>\n","protected":false},"excerpt":{"rendered":"<p>A sele\u00e7\u00e3o brasileira masculina de v\u00f4lei foi convocada para a Olimp\u00edada de Paris, com 12 jogadores, cinco deles estreantes em Jogos. O an\u00fancio feito nominalmente nas redes sociais pela Confedera\u00e7\u00e3o Brasileira de V\u00f4lei (CBV) no domingo (7). \u00a0Os debutantes em Olimp\u00edadas chamados pelo t\u00e9cnico Bernardinho s\u00e3o os irm\u00e3os Alan e Darlan, Adriano, Fl\u00e1vio e Lukas [&hellip;]<\/p>\n","protected":false},"author":1,"featured_media":9957,"comment_status":"open","ping_status":"open","sticky":false,"template":"","format":"standard","meta":{"_jetpack_newsletter_access":"","_jetpack_dont_email_post_to_subs":false,"_jetpack_newsletter_tier_id":0,"_jetpack_memberships_contains_paywalled_content":false,"_mbp_banners":[],"_jetpack_feature_clip_id":0,"_jetpack_memberships_contains_paid_content":false,"footnotes":"","jetpack_publicize_message":"","jetpack_publicize_feature_enabled":true,"jetpack_social_post_already_shared":true,"jetpack_social_options":{"image_generator_settings":{"template":"highway","default_image_id":0,"font":"","enabled":false},"version":2},"jetpack_post_was_ever_published":false},"categories":[23],"tags":[],"class_list":["post-9956","post","type-post","status-publish","format-standard","has-post-thumbnail","category-esportes"],"jetpack_publicize_connections":[],"jetpack-related-posts":[],"jetpack_shortlink":"https:\/\/wp.me\/p7Eq1F-2AA","jetpack_sharing_enabled":true,"jetpack_featured_media_url":"https:\/\/i0.wp.com\/guialimeira.com.br\/news\/wp-content\/uploads\/2024\/07\/dsc00860.jpg?fit=1600%2C800&ssl=1","_links":{"self":[{"href":"https:\/\/guialimeira.com.br\/news\/wp-json\/wp\/v2\/posts\/9956","targetHints":{"allow":["GET"]}}],"collection":[{"href":"https:\/\/guialimeira.com.br\/news\/wp-json\/wp\/v2\/posts"}],"about":[{"href":"https:\/\/guialimeira.com.br\/news\/wp-json\/wp\/v2\/types\/post"}],"author":[{"embeddable":true,"href":"https:\/\/guialimeira.com.br\/news\/wp-json\/wp\/v2\/users\/1"}],"replies":[{"embeddable":true,"href":"https:\/\/guialimeira.com.br\/news\/wp-json\/wp\/v2\/comments?post=9956"}],"version-history":[{"count":0,"href":"https:\/\/guialimeira.com.br\/news\/wp-json\/wp\/v2\/posts\/9956\/revisions"}],"wp:featuredmedia":[{"embeddable":true,"href":"https:\/\/guialimeira.com.br\/news\/wp-json\/wp\/v2\/media\/9957"}],"wp:attachment":[{"href":"https:\/\/guialimeira.com.br\/news\/wp-json\/wp\/v2\/media?parent=9956"}],"wp:term":[{"taxonomy":"category","embeddable":true,"href":"https:\/\/guialimeira.com.br\/news\/wp-json\/wp\/v2\/categories?post=9956"},{"taxonomy":"post_tag","embeddable":true,"href":"https:\/\/guialimeira.com.br\/news\/wp-json\/wp\/v2\/tags?post=9956"}],"curies":[{"name":"wp","href":"https:\/\/api.w.org\/{rel}","templated":true}]}}