{"id":9945,"date":"2024-07-08T15:05:16","date_gmt":"2024-07-08T18:05:16","guid":{"rendered":"https:\/\/guialimeira.com.br\/2024\/07\/08\/amazonia-deve-receber-r-500-milhoes-para-desenvolvimento-cientifico\/"},"modified":"2024-07-08T15:05:16","modified_gmt":"2024-07-08T18:05:16","slug":"amazonia-deve-receber-r-500-milhoes-para-desenvolvimento-cientifico","status":"publish","type":"post","link":"https:\/\/guialimeira.com.br\/news\/amazonia-deve-receber-r-500-milhoes-para-desenvolvimento-cientifico\/","title":{"rendered":"Amaz\u00f4nia deve receber R$ 500 milh\u00f5es para desenvolvimento cient\u00edfico"},"content":{"rendered":"<p> <br \/>\n<\/p>\n<div>\n<p>O governo federal dever\u00e1 investir cerca meio bilh\u00e3o de reais para o desenvolvimento cient\u00edfico e tecnol\u00f3gico na regi\u00e3o amaz\u00f4nica. O an\u00fancio foi feito pela ministra da Ci\u00eancia, Tecnologia e Inova\u00e7\u00e3o, Luciana Santos, em confer\u00eancia na 76\u00aa Reuni\u00e3o Anual da Sociedade Brasileira pelo Progresso da Ci\u00eancia (SBPC), que est\u00e1 sendo realizada em Bel\u00e9m, no <em>campus<\/em> da Universidade Federal do Par\u00e1.<img data-recalc-dims=\"1\" decoding=\"async\" src=\"https:\/\/i0.wp.com\/agenciabrasil.ebc.com.br\/ebc.png?w=696&#038;ssl=1\" style=\"width:1px; height:1px; display:inline;\"\/><img data-recalc-dims=\"1\" decoding=\"async\" src=\"https:\/\/i0.wp.com\/agenciabrasil.ebc.com.br\/ebc.gif?w=696&#038;ssl=1\" style=\"width:1px; height:1px; display:inline;\"\/><\/p>\n<p>Os recursos s\u00e3o do Fundo Nacional de Desenvolvimento da Ci\u00eancia e Tecnologia (FNDCT), que entrar\u00e1 com R$ 160 milh\u00f5es, do Programa ProAmaz\u00f4nia, com R$ 150 milh\u00f5es, e do Programa de Ci\u00eancia, Tecnologia e Inova\u00e7\u00e3o para Seguran\u00e7a Alimentar e Erradica\u00e7\u00e3o da Fome, com R$ 184,2 milh\u00f5es.<\/p>\n<p>O dinheiro do FNDCT vai subsidiar apoio \u00e0 infraestrutura e pesquisa cient\u00edfica na regi\u00e3o. \u201cS\u00e3o verbas voltadas para recupera\u00e7\u00e3o, atualiza\u00e7\u00e3o e cria\u00e7\u00e3o de laborat\u00f3rios, acervos cient\u00edficos, hist\u00f3ricos e culturais e cole\u00e7\u00f5es biol\u00f3gicas\u201d, explicou Luciana Santos. Segundo a ministra a, a maior parte dos recursos, R$ 110 milh\u00f5es, ser\u00e1 aplicada em projetos dessas linhas, &#8220;com prioridade para propostas de fora das capitais dos estados amaz\u00f4nicos.\u201d<\/p>\n<p>Al\u00e9m da verba do fundo, a ministra anunciou mais R$ 10 milh\u00f5es para salvaguardar os acervos do Programa de Cole\u00e7\u00e3o Cient\u00edficas e Biol\u00f3gicas do Instituto Nacional de Pesquisa da Amaz\u00f4nia (Inpa). As cole\u00e7\u00f5es, iniciadas em 1954, s\u00e3o consideradas como a maior refer\u00eancia da biodiversidade da Floresta Amaz\u00f4nica.<\/p>\n<p>A inten\u00e7\u00e3o \u00e9 usar o recurso para construir um novo herb\u00e1rio de plantas do bioma. \u201cFizemos assim tamb\u00e9m com o Museu [Paraense] Em\u00edlio Goeldi, que estava ali, em uma situa\u00e7\u00e3o de calamidade\u201d, lembrou a ministra.<\/p>\n<h2>Novo museu<\/h2>\n<p>Luciana Santos tamb\u00e9m prometeu destinar R$ 20 milh\u00f5es para o Museu das Amaz\u00f4nias, um novo espa\u00e7o a ser constru\u00eddo para a revitaliza\u00e7\u00e3o do Armaz\u00e9m 4A, no Parque Urbano Bel\u00e9m Porto Futuro. \u201cA nossa inten\u00e7\u00e3o \u00e9 que at\u00e9 a COP 30 [Confer\u00eancia das Na\u00e7\u00f5es Unidas sobre as Mudan\u00e7as Clim\u00e1ticas de 2025, prevista para novembro de 2025], esse museu possa estar pronto.\u201d A iniciativa \u00e9 do governo do Par\u00e1, mas conta com recursos federais e de organismos internacionais.<\/p>\n<p>Com os recursos do ProAmaz\u00f4nia, a ministra prev\u00ea financiar \u201co projeto de inova\u00e7\u00e3o das empresas nas \u00e1reas de bioeconomia, cidades sustent\u00e1veis, descarboniza\u00e7\u00e3o dos processos produtivos, transforma\u00e7\u00e3o digital, economia digital, restaura\u00e7\u00e3o florestal, transporte e monitoramento ambiental.\u201d<\/p>\n<p>As verbas do Programa de Ci\u00eancia, Tecnologia e Inova\u00e7\u00e3o para Seguran\u00e7a Alimentar e Erradica\u00e7\u00e3o da Fome dever\u00e3o custear o desenvolvimento de solu\u00e7\u00f5es tecnol\u00f3gicas para cadeias socioprodutivas da bioeconomia e sistemas agroalimentares. Haver\u00e1 um edital institui\u00e7\u00f5es de ci\u00eancias, tecnologias e outro edital para empresas brasileiras na regi\u00e3o, p\u00fablicas ou privadas.<\/p>\n<p>\u201cO objetivo \u00e9 apoiar projetos que promovam solu\u00e7\u00f5es de gargalos cient\u00edficos e tecnol\u00f3gicos, enfrentados na estrutura\u00e7\u00e3o e fortalecimento das cadeias socioprodutivas baseadas na biodiversidade brasileira, desenvolvendo produtos, processos, tecnologias e servi\u00e7os, de modo a agregar e reter valor junto aos elos iniciais das cadeias produtivas e sistemas agroalimentares, porque o que queremos \u00e9 melhorar a qualidade de vida das popula\u00e7\u00f5es, promovendo a inclus\u00e3o e o aumento da efici\u00eancia produtiva\u201d, detalhou Luciana Santos.<\/p>\n<p>Ap\u00f3s a confer\u00eancia, a ministra ouviu pedidos para aumentar os valores da parte n\u00e3o reembols\u00e1vel do Fundo Nacional de Desenvolvimento da Ci\u00eancia e Tecnologia e cr\u00edticas quanto \u00e0 participa\u00e7\u00e3o da comunidade cient\u00edfica nas reuni\u00f5es dos comit\u00eas setoriais do fundo e quanto \u00e0 demora de formaliza\u00e7\u00e3o dos conselhos t\u00e9cnicos cient\u00edficos. \u201cN\u00f3s temos muita confian\u00e7a em voc\u00eas, mas n\u00f3s queremos ser ouvidos, at\u00e9 porque h\u00e1 muitas quest\u00f5es a colocar\u201d, disse o fil\u00f3sofo e ex-ministro da Educa\u00e7\u00e3o Renato Janine Ribeiro, atual presidente da SBPC.<\/p>\n<\/p><\/div>\n<p><br \/>\n<br \/><a href=\"https:\/\/agenciabrasil.ebc.com.br\/economia\/noticia\/2024-07\/amazonia-podera-ter-r-500-milhoes-para-pesquisa-e-desenvolvimento\" rel=\"noopener\">Ag\u00eancia Brasil<\/a><\/p>\n","protected":false},"excerpt":{"rendered":"<p>O governo federal dever\u00e1 investir cerca meio bilh\u00e3o de reais para o desenvolvimento cient\u00edfico e tecnol\u00f3gico na regi\u00e3o amaz\u00f4nica. O an\u00fancio foi feito pela ministra da Ci\u00eancia, Tecnologia e Inova\u00e7\u00e3o, Luciana Santos, em confer\u00eancia na 76\u00aa Reuni\u00e3o Anual da Sociedade Brasileira pelo Progresso da Ci\u00eancia (SBPC), que est\u00e1 sendo realizada em Bel\u00e9m, no campus da [&hellip;]<\/p>\n","protected":false},"author":1,"featured_media":9946,"comment_status":"open","ping_status":"open","sticky":false,"template":"","format":"standard","meta":{"_jetpack_newsletter_access":"","_jetpack_dont_email_post_to_subs":false,"_jetpack_newsletter_tier_id":0,"_jetpack_memberships_contains_paywalled_content":false,"_mbp_banners":[],"_jetpack_feature_clip_id":0,"_jetpack_memberships_contains_paid_content":false,"footnotes":"","jetpack_publicize_message":"","jetpack_publicize_feature_enabled":true,"jetpack_social_post_already_shared":true,"jetpack_social_options":{"image_generator_settings":{"template":"highway","default_image_id":0,"font":"","enabled":false},"version":2},"jetpack_post_was_ever_published":false},"categories":[24],"tags":[],"class_list":["post-9945","post","type-post","status-publish","format-standard","has-post-thumbnail","category-economia"],"jetpack_publicize_connections":[],"jetpack-related-posts":[],"jetpack_shortlink":"https:\/\/wp.me\/p7Eq1F-2Ap","jetpack_sharing_enabled":true,"jetpack_featured_media_url":"https:\/\/i0.wp.com\/guialimeira.com.br\/news\/wp-content\/uploads\/2024\/07\/53842090647_ed30777cd8_o.jpg?fit=1600%2C800&ssl=1","_links":{"self":[{"href":"https:\/\/guialimeira.com.br\/news\/wp-json\/wp\/v2\/posts\/9945","targetHints":{"allow":["GET"]}}],"collection":[{"href":"https:\/\/guialimeira.com.br\/news\/wp-json\/wp\/v2\/posts"}],"about":[{"href":"https:\/\/guialimeira.com.br\/news\/wp-json\/wp\/v2\/types\/post"}],"author":[{"embeddable":true,"href":"https:\/\/guialimeira.com.br\/news\/wp-json\/wp\/v2\/users\/1"}],"replies":[{"embeddable":true,"href":"https:\/\/guialimeira.com.br\/news\/wp-json\/wp\/v2\/comments?post=9945"}],"version-history":[{"count":0,"href":"https:\/\/guialimeira.com.br\/news\/wp-json\/wp\/v2\/posts\/9945\/revisions"}],"wp:featuredmedia":[{"embeddable":true,"href":"https:\/\/guialimeira.com.br\/news\/wp-json\/wp\/v2\/media\/9946"}],"wp:attachment":[{"href":"https:\/\/guialimeira.com.br\/news\/wp-json\/wp\/v2\/media?parent=9945"}],"wp:term":[{"taxonomy":"category","embeddable":true,"href":"https:\/\/guialimeira.com.br\/news\/wp-json\/wp\/v2\/categories?post=9945"},{"taxonomy":"post_tag","embeddable":true,"href":"https:\/\/guialimeira.com.br\/news\/wp-json\/wp\/v2\/tags?post=9945"}],"curies":[{"name":"wp","href":"https:\/\/api.w.org\/{rel}","templated":true}]}}