{"id":9927,"date":"2024-07-08T12:02:15","date_gmt":"2024-07-08T15:02:15","guid":{"rendered":"https:\/\/guialimeira.com.br\/2024\/07\/08\/rs-empresas-tem-ate-dia-12-para-aderir-a-programa-de-apoio-financeiro\/"},"modified":"2024-07-08T12:02:15","modified_gmt":"2024-07-08T15:02:15","slug":"rs-empresas-tem-ate-dia-12-para-aderir-a-programa-de-apoio-financeiro","status":"publish","type":"post","link":"https:\/\/guialimeira.com.br\/news\/rs-empresas-tem-ate-dia-12-para-aderir-a-programa-de-apoio-financeiro\/","title":{"rendered":"RS: empresas t\u00eam at\u00e9 dia 12 para aderir a programa de Apoio Financeiro"},"content":{"rendered":"<p> <br \/>\n<\/p>\n<div>\n<p>As empresas do no Rio Grande do Sul, instaladas em munic\u00edpios em estado de calamidade ou situa\u00e7\u00e3o de emerg\u00eancia reconhecido pelo governo federal, t\u00eam at\u00e9 sexta-feira (12) para aderir ao programa emergencial de Apoio Financeiro para trabalhadores e trabalhadoras do estado.<img data-recalc-dims=\"1\" decoding=\"async\" src=\"https:\/\/i0.wp.com\/agenciabrasil.ebc.com.br\/ebc.png?w=696&#038;ssl=1\" style=\"width:1px; height:1px; display:inline;\"\/><img data-recalc-dims=\"1\" decoding=\"async\" src=\"https:\/\/i0.wp.com\/agenciabrasil.ebc.com.br\/ebc.gif?w=696&#038;ssl=1\" style=\"width:1px; height:1px; display:inline;\"\/><\/p>\n<p>O apoio financeiro, coordenado pelo Minist\u00e9rio do Trabalho e Emprego (MTE), consiste no pagamento de duas parcelas no valor de um sal\u00e1rio m\u00ednimo (R$ 1.412) cada uma delas, nos meses de julho e agosto. Em contrapartida, a empresa dever\u00e1 garantir o emprego e o sal\u00e1rio do funcion\u00e1rio por quatro meses, sendo dois meses durante o recebimento do benef\u00edcio e mais dois meses subsequentes (setembro e outubro), exceto em caso de pedido de demiss\u00e3o do empregado.<\/p>\n<p>A ades\u00e3o volunt\u00e1ria ao programa emergencial \u00e9 feita <em>online<\/em>\u00a0pelo <a href=\"https:\/\/servicos.mte.gov.br\/empregador\/#\/\" target=\"_blank\" rel=\"noopener\">portal Emprega Brasil <\/a>\u2013 Empregador, do MTE.<\/p>\n<p>O aux\u00edlio est\u00e1 condicionado \u00e0 localiza\u00e7\u00e3o dos estabelecimentos dos empregadores em \u00e1reas efetivamente atingidas na mancha de inunda\u00e7\u00e3o delimitada por georreferenciamento nos munic\u00edpios em estado de calamidade ou situa\u00e7\u00e3o de emerg\u00eancia.<\/p>\n<p>At\u00e9 26 de junho, mais de 17,4 mil empresas aderiram ao programa emergencial de Apoio Financeiro do governo federal.<\/p>\n<h2>Dep\u00f3sitos<\/h2>\n<p>A empresa que aderiu at\u00e9 o dia 26 de junho ter\u00e1 a primeira parcela dos seus funcion\u00e1rios, inclusive os aprendizes e estagi\u00e1rios, paga no dia 8 de julho. J\u00e1 para as empresas que aderirem entre 27 de junho e 12 de julho, os trabalhadores v\u00e3o receber a primeira parcela em 22 de julho.<\/p>\n<p>No m\u00eas de agosto, todos os trabalhadores e trabalhadoras formais v\u00e3o receber a segunda parcela em 5 de agosto. Em rela\u00e7\u00e3o aos pescadores profissionais artesanais, estes tamb\u00e9m v\u00e3o receber no dia 8 de julho, e a segunda parcela, em 5 de agosto.<\/p>\n<p>O pagamento ser\u00e1 realizado pela Caixa Econ\u00f4mica Federal (CEF). Os benefici\u00e1rios n\u00e3o precisam abrir contas para o recebimento do valor, porque o banco p\u00fablico identifica se o trabalhador j\u00e1 possui conta corrente ou poupan\u00e7a na institui\u00e7\u00e3o e faz o cr\u00e9dito automaticamente, sem que seja necess\u00e1rio comparecer a uma ag\u00eancia. Caso o benefici\u00e1rio n\u00e3o tenha conta, a Caixa se encarrega de abrir, de forma autom\u00e1tica, uma Poupan\u00e7a Caixa tem, que poder\u00e1 ser movimentada pelo aplicativo Caixa Tem.<\/p>\n<p>Os trabalhadores das empresas ga\u00fachas poder\u00e3o consultar, por meio do aplicativo da Carteira de Trabalho Digital, sobre a habilita\u00e7\u00e3o e o efetivo agendamento do pagamento do apoio financeiro.<\/p>\n<h2>Aux\u00edlio financeiro<\/h2>\n<p>Al\u00e9m de aderir no portal <a href=\"https:\/\/servicos.mte.gov.br\/empregador\/#\/\" target=\"_blank\" rel=\"noopener\">Emprega Brasil \u2013 Empregador<\/a>, a empresa precisa preencher a ades\u00e3o uma declara\u00e7\u00e3o de redu\u00e7\u00e3o do faturamento e da capacidade de opera\u00e7\u00e3o do estabelecimento causadas pelos eventos clim\u00e1ticos, que impossibilite o pagamento da folha salarial.<\/p>\n<p>Os dados informados pelas empresas ser\u00e3o analisados pela Empresa de Tecnologia e Informa\u00e7\u00f5es da Previd\u00eancia (Dataprev), vinculada ao Minist\u00e9rio da Gest\u00e3o e da Inova\u00e7\u00e3o em Servi\u00e7os P\u00fablicos (MGI). A Secretaria Especial da Receita Federal do Minist\u00e9rio da Fazenda tamb\u00e9m poder\u00e1 fiscalizar a veracidade das informa\u00e7\u00f5es da declara\u00e7\u00e3o.<\/p>\n<p>Se todas as informa\u00e7\u00f5es estiverem corretas e as condi\u00e7\u00f5es de elegibilidade forem cumpridas, o pagamento do apoio financeiro ao trabalhador ser\u00e1 autorizado.<\/p>\n<p>Para ter este al\u00edvio financeiro, com o governo federal pagando dois sal\u00e1rios m\u00ednimos aos empregados, as empresas se comprometem a n\u00e3o demitir os empregados por quatro meses e a manter as obriga\u00e7\u00f5es trabalhistas e previdenci\u00e1rias devidas aos empregados, com base no valor da \u00faltima remunera\u00e7\u00e3o recebida at\u00e9 a data de publica\u00e7\u00e3o da <a href=\"https:\/\/www.planalto.gov.br\/ccivil_03\/_Ato2023-2026\/2024\/Mpv\/mpv1230.htm\" target=\"_blank\" rel=\"noopener\">Medida Provis\u00f3ria<\/a> n\u00ba 1.230, de junho de 2024.<\/p>\n<\/p><\/div>\n<p><br \/>\n<br \/><a href=\"https:\/\/agenciabrasil.ebc.com.br\/economia\/noticia\/2024-07\/rs-empresa-tem-ate-dia-12-para-aderir-ao-programa-de-apoio-financeiro\" rel=\"noopener\">Ag\u00eancia Brasil<\/a><\/p>\n","protected":false},"excerpt":{"rendered":"<p>As empresas do no Rio Grande do Sul, instaladas em munic\u00edpios em estado de calamidade ou situa\u00e7\u00e3o de emerg\u00eancia reconhecido pelo governo federal, t\u00eam at\u00e9 sexta-feira (12) para aderir ao programa emergencial de Apoio Financeiro para trabalhadores e trabalhadoras do estado. O apoio financeiro, coordenado pelo Minist\u00e9rio do Trabalho e Emprego (MTE), consiste no pagamento [&hellip;]<\/p>\n","protected":false},"author":1,"featured_media":9928,"comment_status":"open","ping_status":"open","sticky":false,"template":"","format":"standard","meta":{"_jetpack_newsletter_access":"","_jetpack_dont_email_post_to_subs":false,"_jetpack_newsletter_tier_id":0,"_jetpack_memberships_contains_paywalled_content":false,"_mbp_banners":[],"_jetpack_feature_clip_id":0,"_jetpack_memberships_contains_paid_content":false,"footnotes":"","jetpack_publicize_message":"","jetpack_publicize_feature_enabled":true,"jetpack_social_post_already_shared":true,"jetpack_social_options":{"image_generator_settings":{"template":"highway","default_image_id":0,"font":"","enabled":false},"version":2},"jetpack_post_was_ever_published":false},"categories":[24],"tags":[],"class_list":["post-9927","post","type-post","status-publish","format-standard","has-post-thumbnail","category-economia"],"jetpack_publicize_connections":[],"jetpack-related-posts":[],"jetpack_shortlink":"https:\/\/wp.me\/p7Eq1F-2A7","jetpack_sharing_enabled":true,"jetpack_featured_media_url":"https:\/\/i0.wp.com\/guialimeira.com.br\/news\/wp-content\/uploads\/2024\/07\/imagem_do_whatsapp_de_2024-05-24_as_13.12.22_1be4f095.jpg?fit=1600%2C800&ssl=1","_links":{"self":[{"href":"https:\/\/guialimeira.com.br\/news\/wp-json\/wp\/v2\/posts\/9927","targetHints":{"allow":["GET"]}}],"collection":[{"href":"https:\/\/guialimeira.com.br\/news\/wp-json\/wp\/v2\/posts"}],"about":[{"href":"https:\/\/guialimeira.com.br\/news\/wp-json\/wp\/v2\/types\/post"}],"author":[{"embeddable":true,"href":"https:\/\/guialimeira.com.br\/news\/wp-json\/wp\/v2\/users\/1"}],"replies":[{"embeddable":true,"href":"https:\/\/guialimeira.com.br\/news\/wp-json\/wp\/v2\/comments?post=9927"}],"version-history":[{"count":0,"href":"https:\/\/guialimeira.com.br\/news\/wp-json\/wp\/v2\/posts\/9927\/revisions"}],"wp:featuredmedia":[{"embeddable":true,"href":"https:\/\/guialimeira.com.br\/news\/wp-json\/wp\/v2\/media\/9928"}],"wp:attachment":[{"href":"https:\/\/guialimeira.com.br\/news\/wp-json\/wp\/v2\/media?parent=9927"}],"wp:term":[{"taxonomy":"category","embeddable":true,"href":"https:\/\/guialimeira.com.br\/news\/wp-json\/wp\/v2\/categories?post=9927"},{"taxonomy":"post_tag","embeddable":true,"href":"https:\/\/guialimeira.com.br\/news\/wp-json\/wp\/v2\/tags?post=9927"}],"curies":[{"name":"wp","href":"https:\/\/api.w.org\/{rel}","templated":true}]}}