{"id":990,"date":"2024-04-04T21:23:48","date_gmt":"2024-04-05T00:23:48","guid":{"rendered":"https:\/\/guialimeira.com.br\/2024\/04\/04\/ebc-e-finalista-em-premio-nacional-de-jornalismo-do-judiciario\/"},"modified":"2024-04-04T21:23:48","modified_gmt":"2024-04-05T00:23:48","slug":"ebc-e-finalista-em-premio-nacional-de-jornalismo-do-judiciario","status":"publish","type":"post","link":"https:\/\/guialimeira.com.br\/news\/ebc-e-finalista-em-premio-nacional-de-jornalismo-do-judiciario\/","title":{"rendered":"EBC \u00e9 finalista em Pr\u00eamio Nacional de Jornalismo do Judici\u00e1rio\u00a0"},"content":{"rendered":"<p> <br \/>\n<\/p>\n<div>\n<p>Quatro epis\u00f3dios do programa <em>Caminhos da Reportagem<\/em>, da <strong>TV Brasil<\/strong>, uma s\u00e9rie de reportagens da <strong>Radioag\u00eancia Nacional<\/strong> e um especial da <strong>R\u00e1dio Nacional<\/strong>, ve\u00edculos da <strong>Empresa Brasil de Comunica\u00e7\u00e3o (EBC) <\/strong>est\u00e3o entre os finalistas do I Pr\u00eamio Nacional de Jornalismo do Poder Judici\u00e1rio \u2013 35 anos da Constitui\u00e7\u00e3o Cidad\u00e3. Os indicados foram divulgados nesta quinta-feira (4).\u00a0<img data-recalc-dims=\"1\" decoding=\"async\" src=\"https:\/\/i0.wp.com\/agenciabrasil.ebc.com.br\/ebc.png?w=696&#038;ssl=1\" style=\"width:1px; height:1px; display:inline;\"\/><img data-recalc-dims=\"1\" decoding=\"async\" src=\"https:\/\/i0.wp.com\/agenciabrasil.ebc.com.br\/ebc.gif?w=696&#038;ssl=1\" style=\"width:1px; height:1px; display:inline;\"\/><\/p>\n<p>O pr\u00eamio \u00e9 dividido em cinco eixos, relacionados a diferentes tribunais superiores. No primeiro eixo, do Supremo Tribunal Federal (STF), o epis\u00f3dio <a href=\"https:\/\/www.youtube.com\/watch?v=tyPFPNH9ygQ\" target=\"_blank\" rel=\"noopener\"><em>Declara\u00e7\u00f5es de Humanidade<\/em><\/a>, do <em>Caminhos da Reportagem<\/em>, concorre na categoria v\u00eddeo. O epis\u00f3dio, com reportagem de Thiago Padovan e equipe, celebra os 75 anos da Declara\u00e7\u00e3o Universal dos Direitos Humanos.\u00a0<\/p>\n<p>No eixo 3, do Superior Tribunal de Justi\u00e7a (STJ), os ve\u00edculos da <strong>EBC<\/strong> t\u00eam tr\u00eas finalistas. Na categoria jornalismo de \u00e1udio, a <strong>Radioag\u00eancia Nacional<\/strong> concorre com a <a href=\"https:\/\/agenciabrasil.ebc.com.br\/radioagencia-nacional\/tags\/75-anos-da-declaracao-universal-dos-direitos-humanos\" target=\"_blank\" rel=\"noopener\">s\u00e9rie de reportagens <em>Declara\u00e7\u00e3o Universal dos Direitos Humanos<\/em><\/a>,\u00a0com autoria de Eliane Pereira Gon\u00e7alves e equipe. \u00a0 \u00a0<\/p>\n<p>Na categoria jornalismo de v\u00eddeo, est\u00e3o entre os finalistas dois epis\u00f3dios do programa <em>Caminhos da Reportagem,\u00a0<\/em><em><a href=\"https:\/\/www.youtube.com\/watch?v=qCLltpmafOo\" target=\"_blank\" rel=\"noopener\">M\u00e3es no C\u00e1rcere<\/a>\u00a0<\/em>aborda a maternidade atr\u00e1s das grades e tem reportagem de Ana Graziela Aguiar e equipe. O outro indicado \u00e9 o programa<a href=\"https:\/\/www.youtube.com\/watch?v=BRbA6EhU8WY\" target=\"_blank\" rel=\"noopener\"> <em>\u00d3rf\u00e3os do Feminic\u00eddio<\/em><\/a>, com reportagem de Gracielly Bittencourt e equipe.\u00a0<\/p>\n<p>Por fim, no eixo 4, do Tribunal Superior do Trabalho (TST), o especial <em>CLT completa 80 anos neste 1\u00ba de maio<\/em>, de Valter Lima, da <strong>R\u00e1dio Nacional de Bras\u00edlia<\/strong>, \u00e9 finalista na categoria \u00e1udio. E o <em>Caminhos da Reportagem<\/em>, epis\u00f3dio <a href=\"https:\/\/www.youtube.com\/watch?v=5VFrErCJijE\" target=\"_blank\" rel=\"noopener\"><em>\u00c0 For\u00e7a &#8211; a escravid\u00e3o moderna<\/em><\/a>,\u00a0de Ana Graziela Aguiar e equipe, \u00e9 finalista na categoria v\u00eddeo. \u00a0<\/p>\n<h2>Premia\u00e7\u00e3o\u00a0<\/h2>\n<p>Ao todo, foram 261 trabalhos inscritos nas quatro categorias dispon\u00edveis. As comiss\u00f5es julgadoras, constitu\u00eddas pelos tribunais, foram compostas por ministros, juristas especializados e profissionais da imprensa.\u00a0<\/p>\n<p>O pr\u00eamio \u00e9 uma a\u00e7\u00e3o conjunta do Supremo Tribunal Federal (STF), do Tribunal Superior Eleitoral (TSE), do Superior Tribunal de Justi\u00e7a (STJ), do Tribunal Superior do Trabalho (TST) e do Superior Tribunal Militar (STM) para celebrar o 35\u00ba anivers\u00e1rio da Constitui\u00e7\u00e3o Federal de 1988 (comemorado em 5 de outubro do ano passado) e promover uma reflex\u00e3o sobre os direitos que ela assegurou. A cerim\u00f4nia de premia\u00e7\u00e3o ser\u00e1 no pr\u00f3ximo dia 24, no Superior Tribunal de Justi\u00e7a (STJ), em Bras\u00edlia.<\/p>\n<\/p><\/div>\n<p><br \/>\n<br \/><a href=\"https:\/\/agenciabrasil.ebc.com.br\/geral\/noticia\/2024-04\/ebc-e-finalista-em-premio-nacional-de-jornalismo-do-judiciario\" rel=\"noopener\">Ag\u00eancia Brasil<\/a><\/p>\n","protected":false},"excerpt":{"rendered":"<p>Quatro epis\u00f3dios do programa Caminhos da Reportagem, da TV Brasil, uma s\u00e9rie de reportagens da Radioag\u00eancia Nacional e um especial da R\u00e1dio Nacional, ve\u00edculos da Empresa Brasil de Comunica\u00e7\u00e3o (EBC) est\u00e3o entre os finalistas do I Pr\u00eamio Nacional de Jornalismo do Poder Judici\u00e1rio \u2013 35 anos da Constitui\u00e7\u00e3o Cidad\u00e3. Os indicados foram divulgados nesta quinta-feira [&hellip;]<\/p>\n","protected":false},"author":1,"featured_media":991,"comment_status":"open","ping_status":"open","sticky":false,"template":"","format":"standard","meta":{"_jetpack_newsletter_access":"","_jetpack_dont_email_post_to_subs":false,"_jetpack_newsletter_tier_id":0,"_jetpack_memberships_contains_paywalled_content":false,"_mbp_banners":[],"_jetpack_feature_clip_id":0,"_jetpack_memberships_contains_paid_content":false,"footnotes":"","jetpack_publicize_message":"","jetpack_publicize_feature_enabled":true,"jetpack_social_post_already_shared":true,"jetpack_social_options":{"image_generator_settings":{"template":"highway","default_image_id":0,"font":"","enabled":false},"version":2},"jetpack_post_was_ever_published":false},"categories":[22],"tags":[],"class_list":["post-990","post","type-post","status-publish","format-standard","has-post-thumbnail","category-nacional"],"jetpack_publicize_connections":[],"jetpack-related-posts":[],"jetpack_shortlink":"https:\/\/wp.me\/p7Eq1F-fY","jetpack_sharing_enabled":true,"jetpack_featured_media_url":"https:\/\/i0.wp.com\/guialimeira.com.br\/news\/wp-content\/uploads\/2024\/04\/imagem_instantanea2_copy.jpg?fit=1600%2C800&ssl=1","_links":{"self":[{"href":"https:\/\/guialimeira.com.br\/news\/wp-json\/wp\/v2\/posts\/990","targetHints":{"allow":["GET"]}}],"collection":[{"href":"https:\/\/guialimeira.com.br\/news\/wp-json\/wp\/v2\/posts"}],"about":[{"href":"https:\/\/guialimeira.com.br\/news\/wp-json\/wp\/v2\/types\/post"}],"author":[{"embeddable":true,"href":"https:\/\/guialimeira.com.br\/news\/wp-json\/wp\/v2\/users\/1"}],"replies":[{"embeddable":true,"href":"https:\/\/guialimeira.com.br\/news\/wp-json\/wp\/v2\/comments?post=990"}],"version-history":[{"count":0,"href":"https:\/\/guialimeira.com.br\/news\/wp-json\/wp\/v2\/posts\/990\/revisions"}],"wp:featuredmedia":[{"embeddable":true,"href":"https:\/\/guialimeira.com.br\/news\/wp-json\/wp\/v2\/media\/991"}],"wp:attachment":[{"href":"https:\/\/guialimeira.com.br\/news\/wp-json\/wp\/v2\/media?parent=990"}],"wp:term":[{"taxonomy":"category","embeddable":true,"href":"https:\/\/guialimeira.com.br\/news\/wp-json\/wp\/v2\/categories?post=990"},{"taxonomy":"post_tag","embeddable":true,"href":"https:\/\/guialimeira.com.br\/news\/wp-json\/wp\/v2\/tags?post=990"}],"curies":[{"name":"wp","href":"https:\/\/api.w.org\/{rel}","templated":true}]}}