{"id":9864,"date":"2024-07-06T18:15:06","date_gmt":"2024-07-06T21:15:06","guid":{"rendered":"https:\/\/guialimeira.com.br\/2024\/07\/06\/saude-transfere-hospital-do-andarai-para-prefeitura-do-rio\/"},"modified":"2024-07-06T18:15:06","modified_gmt":"2024-07-06T21:15:06","slug":"saude-transfere-hospital-do-andarai-para-prefeitura-do-rio","status":"publish","type":"post","link":"https:\/\/guialimeira.com.br\/news\/saude-transfere-hospital-do-andarai-para-prefeitura-do-rio\/","title":{"rendered":"Sa\u00fade transfere Hospital do Andara\u00ed para Prefeitura do Rio"},"content":{"rendered":"<p> <br \/>\n<\/p>\n<div>\n<p>O Minist\u00e9rio da Sa\u00fade transferiu, nesta sexta-feira (5), a gest\u00e3o dos servi\u00e7os de sa\u00fade do Hospital Federal do Andara\u00ed, no Rio de Janeiro, para a prefeitura da cidade. A portaria de transfer\u00eancia foi publicada no <em>Di\u00e1rio Oficial da Uni\u00e3o (DOU)<\/em>.<img data-recalc-dims=\"1\" decoding=\"async\" src=\"https:\/\/i0.wp.com\/agenciabrasil.ebc.com.br\/ebc.png?w=696&#038;ssl=1\" style=\"width:1px; height:1px; display:inline;\"\/><img data-recalc-dims=\"1\" decoding=\"async\" src=\"https:\/\/i0.wp.com\/agenciabrasil.ebc.com.br\/ebc.gif?w=696&#038;ssl=1\" style=\"width:1px; height:1px; display:inline;\"\/><\/p>\n<p>Segundo a portaria, durante 90 dias a gest\u00e3o da unidade, localizada na zona norte da cidade, ser\u00e1 compartilhada entre a prefeitura e o Minist\u00e9rio da Sa\u00fade. O per\u00edodo pode ser prorrogado por decis\u00e3o da Secretaria de Aten\u00e7\u00e3o Especializada \u00e0 Sa\u00fade do minist\u00e9rio.<\/p>\n<p>Durante esse per\u00edodo de gest\u00e3o compartilhada, ser\u00e3o providenciados os atos definitivos para a cess\u00e3o dos bens relativos ao hospital para as m\u00e3os da prefeitura. Os servidores federais da unidade tamb\u00e9m ficar\u00e3o \u00e0 servi\u00e7o do hospital nesses tr\u00eas meses.<\/p>\n<p>Depois desse per\u00edodo, a Secretaria Municipal de Sa\u00fade assumir\u00e1 inteiramente a gest\u00e3o do hospital.<\/p>\n<p>No fim de junho, a ministra da Sa\u00fade, N\u00edsia Trindade, informou que anunciaria um programa de reestrutura\u00e7\u00e3o dos seis hospitais gerais federais na cidade do Rio de Janeiro.\u00a0<\/p>\n<p>Em cerim\u00f4nia neste s\u00e1bado (6), em Niter\u00f3i, a ministra voltou a falar sobre os hospitais vinculados diretamente ao minist\u00e9rio. &#8220;H\u00e1 um grande desafio apresentado pelos hospitais federais. E a recupera\u00e7\u00e3o desses hospitais \u00e9 uma das miss\u00f5es que n\u00f3s temos no Minist\u00e9rio da Sa\u00fade&#8221;.<\/p>\n<p>Por meio de nota, o Sindicato dos Trabalhadores Federais em Sa\u00fade e Previd\u00eancia do Estado do Rio (Sindsprev-RJ) criticou a portaria do Minist\u00e9rio da Sa\u00fade e convocou uma manifesta\u00e7\u00e3o para a porta do Hospital do Andara\u00ed na manh\u00e3 desta segunda-feira (8).<\/p>\n<\/p><\/div>\n<p><br \/>\n<br \/><a href=\"https:\/\/agenciabrasil.ebc.com.br\/saude\/noticia\/2024-07\/saude-transfere-hospital-do-andarai-para-prefeitura-do-rio\" rel=\"noopener\">Ag\u00eancia Brasil <\/a><\/p>\n","protected":false},"excerpt":{"rendered":"<p>O Minist\u00e9rio da Sa\u00fade transferiu, nesta sexta-feira (5), a gest\u00e3o dos servi\u00e7os de sa\u00fade do Hospital Federal do Andara\u00ed, no Rio de Janeiro, para a prefeitura da cidade. A portaria de transfer\u00eancia foi publicada no Di\u00e1rio Oficial da Uni\u00e3o (DOU). Segundo a portaria, durante 90 dias a gest\u00e3o da unidade, localizada na zona norte da [&hellip;]<\/p>\n","protected":false},"author":1,"featured_media":269,"comment_status":"open","ping_status":"open","sticky":false,"template":"","format":"standard","meta":{"_jetpack_newsletter_access":"","_jetpack_dont_email_post_to_subs":false,"_jetpack_newsletter_tier_id":0,"_jetpack_memberships_contains_paywalled_content":false,"_mbp_banners":[],"_jetpack_feature_clip_id":0,"_jetpack_memberships_contains_paid_content":false,"footnotes":"","jetpack_publicize_message":"","jetpack_publicize_feature_enabled":true,"jetpack_social_post_already_shared":true,"jetpack_social_options":{"image_generator_settings":{"template":"highway","default_image_id":0,"font":"","enabled":false},"version":2},"jetpack_post_was_ever_published":false},"categories":[15],"tags":[],"class_list":["post-9864","post","type-post","status-publish","format-standard","has-post-thumbnail","category-saude"],"jetpack_publicize_connections":[],"jetpack-related-posts":[],"jetpack_shortlink":"https:\/\/wp.me\/p7Eq1F-2z6","jetpack_sharing_enabled":true,"jetpack_featured_media_url":"https:\/\/i0.wp.com\/guialimeira.com.br\/news\/wp-content\/uploads\/2024\/03\/thumb_1200x600_agbrasil.png?fit=1200%2C600&ssl=1","_links":{"self":[{"href":"https:\/\/guialimeira.com.br\/news\/wp-json\/wp\/v2\/posts\/9864","targetHints":{"allow":["GET"]}}],"collection":[{"href":"https:\/\/guialimeira.com.br\/news\/wp-json\/wp\/v2\/posts"}],"about":[{"href":"https:\/\/guialimeira.com.br\/news\/wp-json\/wp\/v2\/types\/post"}],"author":[{"embeddable":true,"href":"https:\/\/guialimeira.com.br\/news\/wp-json\/wp\/v2\/users\/1"}],"replies":[{"embeddable":true,"href":"https:\/\/guialimeira.com.br\/news\/wp-json\/wp\/v2\/comments?post=9864"}],"version-history":[{"count":0,"href":"https:\/\/guialimeira.com.br\/news\/wp-json\/wp\/v2\/posts\/9864\/revisions"}],"wp:featuredmedia":[{"embeddable":true,"href":"https:\/\/guialimeira.com.br\/news\/wp-json\/wp\/v2\/media\/269"}],"wp:attachment":[{"href":"https:\/\/guialimeira.com.br\/news\/wp-json\/wp\/v2\/media?parent=9864"}],"wp:term":[{"taxonomy":"category","embeddable":true,"href":"https:\/\/guialimeira.com.br\/news\/wp-json\/wp\/v2\/categories?post=9864"},{"taxonomy":"post_tag","embeddable":true,"href":"https:\/\/guialimeira.com.br\/news\/wp-json\/wp\/v2\/tags?post=9864"}],"curies":[{"name":"wp","href":"https:\/\/api.w.org\/{rel}","templated":true}]}}