{"id":9857,"date":"2024-07-06T15:19:04","date_gmt":"2024-07-06T18:19:04","guid":{"rendered":"https:\/\/guialimeira.com.br\/2024\/07\/06\/selecao-de-ginastica-ritmica-e-convocada-para-jogos-olimpicos-de-paris\/"},"modified":"2024-07-06T15:19:04","modified_gmt":"2024-07-06T18:19:04","slug":"selecao-de-ginastica-ritmica-e-convocada-para-jogos-olimpicos-de-paris","status":"publish","type":"post","link":"https:\/\/guialimeira.com.br\/news\/selecao-de-ginastica-ritmica-e-convocada-para-jogos-olimpicos-de-paris\/","title":{"rendered":"Sele\u00e7\u00e3o de gin\u00e1stica r\u00edtmica \u00e9 convocada para Jogos Ol\u00edmpicos de Paris"},"content":{"rendered":"<p> <br \/>\n<\/p>\n<div>\n<p>A Confedera\u00e7\u00e3o Brasileira de Gin\u00e1stica (CBG) anunciou nesta sexta-feira (5) a lista de atletas convocadas para participar da Olimp\u00edada de Paris na gin\u00e1stica r\u00edtmica. Juntando conjunto e individual, com titulares e reservas, s\u00e3o 11 ginastas. Depois de um ciclo em que subiu de patamar, conquistando p\u00f3dios em diversos eventos internacionais, a equipe vai em busca de uma in\u00e9dita medalha ol\u00edmpica na Fran\u00e7a.<img data-recalc-dims=\"1\" decoding=\"async\" src=\"https:\/\/i0.wp.com\/agenciabrasil.ebc.com.br\/ebc.png?w=696&#038;ssl=1\" style=\"width:1px; height:1px; display:inline;\"\/><img data-recalc-dims=\"1\" decoding=\"async\" src=\"https:\/\/i0.wp.com\/agenciabrasil.ebc.com.br\/ebc.gif?w=696&#038;ssl=1\" style=\"width:1px; height:1px; display:inline;\"\/><\/p>\n<p>As <a href=\"https:\/\/x.com\/cbginastica\/status\/1809362136394789279\" target=\"_blank\" rel=\"noopener\">titulares do conjunto brasileiro<\/a> ser\u00e3o: D\u00e9bora Medrado, Maria Eduarda Arakaki, Nicole Pircio, Sofia Madeira e Vict\u00f3ria Borges. A equipe comandada por Camila Ferezin e Bruna Rosa ter\u00e1 ainda as reservas Mariana Pinto, Giovanna Silva, Gabriella Coradine e B\u00e1rbara Urquiza.<\/p>\n<p>Na prova individual, a titular brasileira ser\u00e1 B\u00e1rbara Domingos, com Maria Eduarda Alexandre como suplente. A t\u00e9cnica \u00e9 M\u00e1rcia Naves.<\/p>\n<p>A equipe j\u00e1 viaja para a Europa neste s\u00e1bado. O pr\u00f3ximo compromisso, que serve de prepara\u00e7\u00e3o para os jogos, ser\u00e1 na etapa romena da Copa do Mundo da modalidade, em Cluj-Napoca, entre 12 e 14 de julho.<\/p>\n<\/p><\/div>\n<p><br \/>\n<br \/><a href=\"https:\/\/agenciabrasil.ebc.com.br\/esportes\/noticia\/2024-07\/selecao-de-ginastica-ritmica-e-convocada-para-jogos-olimpicos-de-paris\" rel=\"noopener\">Ag\u00eancia Brasil<\/a><\/p>\n","protected":false},"excerpt":{"rendered":"<p>A Confedera\u00e7\u00e3o Brasileira de Gin\u00e1stica (CBG) anunciou nesta sexta-feira (5) a lista de atletas convocadas para participar da Olimp\u00edada de Paris na gin\u00e1stica r\u00edtmica. Juntando conjunto e individual, com titulares e reservas, s\u00e3o 11 ginastas. Depois de um ciclo em que subiu de patamar, conquistando p\u00f3dios em diversos eventos internacionais, a equipe vai em busca [&hellip;]<\/p>\n","protected":false},"author":1,"featured_media":9858,"comment_status":"open","ping_status":"open","sticky":false,"template":"","format":"standard","meta":{"_jetpack_newsletter_access":"","_jetpack_dont_email_post_to_subs":false,"_jetpack_newsletter_tier_id":0,"_jetpack_memberships_contains_paywalled_content":false,"_mbp_banners":[],"_jetpack_feature_clip_id":0,"_jetpack_memberships_contains_paid_content":false,"footnotes":"","jetpack_publicize_message":"","jetpack_publicize_feature_enabled":true,"jetpack_social_post_already_shared":true,"jetpack_social_options":{"image_generator_settings":{"template":"highway","default_image_id":0,"font":"","enabled":false},"version":2},"jetpack_post_was_ever_published":false},"categories":[23],"tags":[],"class_list":["post-9857","post","type-post","status-publish","format-standard","has-post-thumbnail","category-esportes"],"jetpack_publicize_connections":[],"jetpack-related-posts":[],"jetpack_shortlink":"https:\/\/wp.me\/p7Eq1F-2yZ","jetpack_sharing_enabled":true,"jetpack_featured_media_url":"https:\/\/i0.wp.com\/guialimeira.com.br\/news\/wp-content\/uploads\/2024\/07\/gnuqetkwwaacmhl.jpg?fit=1600%2C800&ssl=1","_links":{"self":[{"href":"https:\/\/guialimeira.com.br\/news\/wp-json\/wp\/v2\/posts\/9857","targetHints":{"allow":["GET"]}}],"collection":[{"href":"https:\/\/guialimeira.com.br\/news\/wp-json\/wp\/v2\/posts"}],"about":[{"href":"https:\/\/guialimeira.com.br\/news\/wp-json\/wp\/v2\/types\/post"}],"author":[{"embeddable":true,"href":"https:\/\/guialimeira.com.br\/news\/wp-json\/wp\/v2\/users\/1"}],"replies":[{"embeddable":true,"href":"https:\/\/guialimeira.com.br\/news\/wp-json\/wp\/v2\/comments?post=9857"}],"version-history":[{"count":0,"href":"https:\/\/guialimeira.com.br\/news\/wp-json\/wp\/v2\/posts\/9857\/revisions"}],"wp:featuredmedia":[{"embeddable":true,"href":"https:\/\/guialimeira.com.br\/news\/wp-json\/wp\/v2\/media\/9858"}],"wp:attachment":[{"href":"https:\/\/guialimeira.com.br\/news\/wp-json\/wp\/v2\/media?parent=9857"}],"wp:term":[{"taxonomy":"category","embeddable":true,"href":"https:\/\/guialimeira.com.br\/news\/wp-json\/wp\/v2\/categories?post=9857"},{"taxonomy":"post_tag","embeddable":true,"href":"https:\/\/guialimeira.com.br\/news\/wp-json\/wp\/v2\/tags?post=9857"}],"curies":[{"name":"wp","href":"https:\/\/api.w.org\/{rel}","templated":true}]}}