{"id":9805,"date":"2024-07-05T19:58:06","date_gmt":"2024-07-05T22:58:06","guid":{"rendered":"https:\/\/guialimeira.com.br\/2024\/07\/05\/dolar-cai-para-r-546-e-tem-primeira-queda-semanal-em-um-mes-e-meio\/"},"modified":"2024-07-05T19:58:06","modified_gmt":"2024-07-05T22:58:06","slug":"dolar-cai-para-r-546-e-tem-primeira-queda-semanal-em-um-mes-e-meio","status":"publish","type":"post","link":"https:\/\/guialimeira.com.br\/news\/dolar-cai-para-r-546-e-tem-primeira-queda-semanal-em-um-mes-e-meio\/","title":{"rendered":"D\u00f3lar cai para R$ 5,46 e tem primeira queda semanal em um m\u00eas e meio"},"content":{"rendered":"<p> <br \/>\n<\/p>\n<div>\n<p>Em mais um dia de al\u00edvio no mercado financeiro, o d\u00f3lar caiu pela terceira vez seguida e teve a primeira queda semanal em seis semanas. A bolsa de valores subiu pelo quinto dia consecutivo.<img data-recalc-dims=\"1\" decoding=\"async\" src=\"https:\/\/i0.wp.com\/agenciabrasil.ebc.com.br\/ebc.png?w=696&#038;ssl=1\" style=\"width:1px; height:1px; display:inline;\"\/><img data-recalc-dims=\"1\" decoding=\"async\" src=\"https:\/\/i0.wp.com\/agenciabrasil.ebc.com.br\/ebc.gif?w=696&#038;ssl=1\" style=\"width:1px; height:1px; display:inline;\"\/><\/p>\n<p>O d\u00f3lar comercial encerrou a sexta-feira (5) vendido a R$ 5,462, com recuo de R$ 0,025 (-0,46%). A cota\u00e7\u00e3o chegou a subir durante a manh\u00e3, atingindo R$ 5,53 por volta das 11h, mas recuou durante a tarde, at\u00e9 fechar pr\u00f3xima da m\u00ednima do dia.<\/p>\n<p>Com o desempenho de hoje, a moeda norte-americana encerrou a primeira semana de julho com recuo de 2,29%. Desde ter\u00e7a-feira (2), quando fechou em R$ 5,66, o d\u00f3lar cai 3,58%. A divisa, no entanto, acumula alta de 12,6% em 2024.<\/p>\n<p>No mercado de a\u00e7\u00f5es, o dia foi marcado pela volatilidade. O \u00edndice Ibovespa, da B3, alternou altas e baixas ao longo da sess\u00e3o, mas fechou aos 126.303 pontos, com pequena alta de 0,11%. Com alta de 1,93% na semana, a bolsa brasileira acumula a terceira alta semanal consecutiva.<\/p>\n<p>Tanto fatores dom\u00e9sticos como externos influenciaram o mercado nesta sexta-feira. No plano dom\u00e9stico, os investidores ainda repercutem o an\u00fancio recente do ministro da Fazenda, Fernando Haddad, de que o governo pretende <a href=\"https:\/\/agenciabrasil.ebc.com.br\/economia\/noticia\/2024-07\/haddad-anuncia-r-259-bilhoes-em-cortes-de-despesas-obrigatorias\" target=\"_blank\" rel=\"noopener\">cortar R$ 25,2 bilh\u00f5es <\/a>em despesas obrigat\u00f3rias no Or\u00e7amento de 2025 e contingenciar (bloquear temporariamente) parte das verbas para 2024.<\/p>\n<p>No plano internacional, no entanto, a moeda norte-americana caiu em todo o planeta por causa do abrandamento da cria\u00e7\u00e3o de empregos nos Estados Unidos. Embora a economia norte-americana tenha aberto 206 mil postos de trabalho fora do setor agr\u00edcola em junho, os n\u00fameros de maio foram revisados para baixo, de 272 mil para 218 mil. Isso fez a taxa de desemprego nos Estados Unidos subir de 4% para 4,1%.<\/p>\n<p>Os dados sugerem uma desacelera\u00e7\u00e3o na economia norte-americana, o que abre espa\u00e7o para que o Federal Reserve (Fed, Banco Central dos Estados Unidos) corte os juros b\u00e1sicos no segundo semestre. Taxas menos altas em economias avan\u00e7adas estimulam a migra\u00e7\u00e3o de capitais externos para pa\u00edses emergentes, como o Brasil.<\/p>\n<p><em>*Com informa\u00e7\u00f5es da Reuters<\/em><\/p>\n<\/p><\/div>\n<p><br \/>\n<br \/><a href=\"https:\/\/agenciabrasil.ebc.com.br\/economia\/noticia\/2024-07\/dolar-cai-para-r-546-e-tem-primeira-queda-semanal-em-um-mes-e-meio\" rel=\"noopener\">Ag\u00eancia Brasil<\/a><\/p>\n","protected":false},"excerpt":{"rendered":"<p>Em mais um dia de al\u00edvio no mercado financeiro, o d\u00f3lar caiu pela terceira vez seguida e teve a primeira queda semanal em seis semanas. A bolsa de valores subiu pelo quinto dia consecutivo. O d\u00f3lar comercial encerrou a sexta-feira (5) vendido a R$ 5,462, com recuo de R$ 0,025 (-0,46%). A cota\u00e7\u00e3o chegou a [&hellip;]<\/p>\n","protected":false},"author":1,"featured_media":1339,"comment_status":"open","ping_status":"open","sticky":false,"template":"","format":"standard","meta":{"_jetpack_newsletter_access":"","_jetpack_dont_email_post_to_subs":false,"_jetpack_newsletter_tier_id":0,"_jetpack_memberships_contains_paywalled_content":false,"_mbp_banners":[],"_jetpack_feature_clip_id":0,"_jetpack_memberships_contains_paid_content":false,"footnotes":"","jetpack_publicize_message":"","jetpack_publicize_feature_enabled":true,"jetpack_social_post_already_shared":true,"jetpack_social_options":{"image_generator_settings":{"template":"highway","default_image_id":0,"font":"","enabled":false},"version":2},"jetpack_post_was_ever_published":false},"categories":[24],"tags":[],"class_list":["post-9805","post","type-post","status-publish","format-standard","has-post-thumbnail","category-economia"],"jetpack_publicize_connections":[],"jetpack-related-posts":[],"jetpack_shortlink":"https:\/\/wp.me\/p7Eq1F-2y9","jetpack_sharing_enabled":true,"jetpack_featured_media_url":"https:\/\/i0.wp.com\/guialimeira.com.br\/news\/wp-content\/uploads\/2024\/04\/2022-02-10t121137z_1_lynxmpei190mo_rtroptp_4_dolar-abre.jpg?fit=1600%2C800&ssl=1","_links":{"self":[{"href":"https:\/\/guialimeira.com.br\/news\/wp-json\/wp\/v2\/posts\/9805","targetHints":{"allow":["GET"]}}],"collection":[{"href":"https:\/\/guialimeira.com.br\/news\/wp-json\/wp\/v2\/posts"}],"about":[{"href":"https:\/\/guialimeira.com.br\/news\/wp-json\/wp\/v2\/types\/post"}],"author":[{"embeddable":true,"href":"https:\/\/guialimeira.com.br\/news\/wp-json\/wp\/v2\/users\/1"}],"replies":[{"embeddable":true,"href":"https:\/\/guialimeira.com.br\/news\/wp-json\/wp\/v2\/comments?post=9805"}],"version-history":[{"count":0,"href":"https:\/\/guialimeira.com.br\/news\/wp-json\/wp\/v2\/posts\/9805\/revisions"}],"wp:featuredmedia":[{"embeddable":true,"href":"https:\/\/guialimeira.com.br\/news\/wp-json\/wp\/v2\/media\/1339"}],"wp:attachment":[{"href":"https:\/\/guialimeira.com.br\/news\/wp-json\/wp\/v2\/media?parent=9805"}],"wp:term":[{"taxonomy":"category","embeddable":true,"href":"https:\/\/guialimeira.com.br\/news\/wp-json\/wp\/v2\/categories?post=9805"},{"taxonomy":"post_tag","embeddable":true,"href":"https:\/\/guialimeira.com.br\/news\/wp-json\/wp\/v2\/tags?post=9805"}],"curies":[{"name":"wp","href":"https:\/\/api.w.org\/{rel}","templated":true}]}}