{"id":9797,"date":"2024-07-05T18:58:07","date_gmt":"2024-07-05T21:58:07","guid":{"rendered":"https:\/\/guialimeira.com.br\/2024\/07\/05\/paralimpiada-brasil-conhece-caminho-na-1a-fase-do-volei-sentado\/"},"modified":"2024-07-05T18:58:07","modified_gmt":"2024-07-05T21:58:07","slug":"paralimpiada-brasil-conhece-caminho-na-1a-fase-do-volei-sentado","status":"publish","type":"post","link":"https:\/\/guialimeira.com.br\/news\/paralimpiada-brasil-conhece-caminho-na-1a-fase-do-volei-sentado\/","title":{"rendered":"Paralimp\u00edada: Brasil conhece caminho na 1\u00aa fase do v\u00f4lei sentado"},"content":{"rendered":"<p> <br \/>\n<\/p>\n<div>\n<p>As sele\u00e7\u00f5es brasileiras de v\u00f4lei sentado conheceram as datas e hor\u00e1rios de suas partidas na primeira fase do torneio da modalidade na pr\u00f3xima edi\u00e7\u00e3o dos Jogos Paral\u00edmpicos, que ser\u00e3o disputados a partir de 28 de agosto. A informa\u00e7\u00e3o foi anunciada pelo Comit\u00ea Organizador do megaevento esportivo e pela World ParaVolley (Federa\u00e7\u00e3o Internacional de V\u00f4lei Sentado).<img data-recalc-dims=\"1\" decoding=\"async\" src=\"https:\/\/i0.wp.com\/agenciabrasil.ebc.com.br\/ebc.png?w=696&#038;ssl=1\" style=\"width:1px; height:1px; display:inline;\"\/><img data-recalc-dims=\"1\" decoding=\"async\" src=\"https:\/\/i0.wp.com\/agenciabrasil.ebc.com.br\/ebc.gif?w=696&#038;ssl=1\" style=\"width:1px; height:1px; display:inline;\"\/><\/p>\n<p>A estreia da equipe feminina, que est\u00e1 no Grupo B do torneio ao lado de Canad\u00e1, Ruanda e Eslov\u00eania, ser\u00e1 a partir das 7h (hor\u00e1rio de Bras\u00edlia) de 29 de agosto contra Ruanda. Dois dias depois a equipe campe\u00e3 Mundial em 2022 mede for\u00e7as com o Canad\u00e1 a partir das 13h. O \u00faltimo compromisso do Brasil na primeira fase da competi\u00e7\u00e3o ser\u00e1 contra a Eslov\u00eania, a partir das 9h de 2 de setembro.<\/p>\n<blockquote class=\"twitter-tweet\">\n<p dir=\"ltr\" lang=\"pt\" xml:lang=\"pt\">Saiba os hor\u00e1rios das partidas do Brasil no v\u00f4lei sentado durante os Jogos de Paris 2024! \ud83c\udfd0\ud83c\udde7\ud83c\uddf7<\/p>\n<p>Para mais informa\u00e7\u00f5es, acesse nosso site: <a href=\"https:\/\/t.co\/Kfzv4rbti0\">https:\/\/t.co\/Kfzv4rbti0<\/a> <a href=\"https:\/\/t.co\/BMQ0VTtVsF\">pic.twitter.com\/BMQ0VTtVsF<\/a><\/p>\n<p>\u2014 Comit\u00ea Paral\u00edmpico Brasileiro (@BraParalimpico) <a href=\"https:\/\/twitter.com\/BraParalimpico\/status\/1808598325576544270?ref_src=twsrc%5Etfw\" rel=\"noopener\">July 3, 2024<\/a><\/p><\/blockquote>\n<p>No torneio masculino o Brasil aparece no Grupo B ao lado de Ir\u00e3, Alemanha e Ucr\u00e2nia. O primeiro desafio ser\u00e1 o time da Alemanha, a partir das 13h do dia 30 de agosto. No dia primeiro de setembro o desafio ser\u00e1 o Ir\u00e3. Para fechar a fase inicial, a sele\u00e7\u00e3o encara a Ucr\u00e2nia dois dias depois a partir das 13h.<\/p>\n<p>Antes do torneio paral\u00edmpico as sele\u00e7\u00f5es brasileiras de v\u00f4lei sentado disputam o Torneio Holand\u00eas, \u00faltima grande competi\u00e7\u00e3o antes de entrarem na vila paral\u00edmpica em 21 de agosto.<\/p>\n<p>\u201cA nossa meta \u00e9 clara: chegar a Paris no auge da forma. Estamos ajustando cada detalhe para garantir que nossas sele\u00e7\u00f5es estejam prontas para brilhar nos Jogos Paral\u00edmpicos\u201d, afirmou o presidente da Confedera\u00e7\u00e3o Brasileira de Voleibol para Deficientes (CBVD), Angelo Alves Neto.<\/p>\n<\/p><\/div>\n<p><script async src=\"\/\/platform.twitter.com\/widgets.js\" charset=\"utf-8\"><\/script><br \/>\n<br \/><br \/>\n<br \/><a href=\"https:\/\/agenciabrasil.ebc.com.br\/esportes\/noticia\/2024-07\/paralimpiada-brasil-conhece-caminho-na-1a-fase-do-volei-sentado\" rel=\"noopener\">Ag\u00eancia Brasil<\/a><\/p>\n","protected":false},"excerpt":{"rendered":"<p>As sele\u00e7\u00f5es brasileiras de v\u00f4lei sentado conheceram as datas e hor\u00e1rios de suas partidas na primeira fase do torneio da modalidade na pr\u00f3xima edi\u00e7\u00e3o dos Jogos Paral\u00edmpicos, que ser\u00e3o disputados a partir de 28 de agosto. A informa\u00e7\u00e3o foi anunciada pelo Comit\u00ea Organizador do megaevento esportivo e pela World ParaVolley (Federa\u00e7\u00e3o Internacional de V\u00f4lei Sentado). [&hellip;]<\/p>\n","protected":false},"author":1,"featured_media":9798,"comment_status":"open","ping_status":"open","sticky":false,"template":"","format":"standard","meta":{"_jetpack_newsletter_access":"","_jetpack_dont_email_post_to_subs":false,"_jetpack_newsletter_tier_id":0,"_jetpack_memberships_contains_paywalled_content":false,"_mbp_banners":[],"_jetpack_feature_clip_id":0,"_jetpack_memberships_contains_paid_content":false,"footnotes":"","jetpack_publicize_message":"","jetpack_publicize_feature_enabled":true,"jetpack_social_post_already_shared":true,"jetpack_social_options":{"image_generator_settings":{"template":"highway","default_image_id":0,"font":"","enabled":false},"version":2},"jetpack_post_was_ever_published":false},"categories":[23],"tags":[],"class_list":["post-9797","post","type-post","status-publish","format-standard","has-post-thumbnail","category-esportes"],"jetpack_publicize_connections":[],"jetpack-related-posts":[],"jetpack_shortlink":"https:\/\/wp.me\/p7Eq1F-2y1","jetpack_sharing_enabled":true,"jetpack_featured_media_url":"https:\/\/i0.wp.com\/guialimeira.com.br\/news\/wp-content\/uploads\/2024\/07\/51421872023_c96673e631_o.jpg?fit=1600%2C800&ssl=1","_links":{"self":[{"href":"https:\/\/guialimeira.com.br\/news\/wp-json\/wp\/v2\/posts\/9797","targetHints":{"allow":["GET"]}}],"collection":[{"href":"https:\/\/guialimeira.com.br\/news\/wp-json\/wp\/v2\/posts"}],"about":[{"href":"https:\/\/guialimeira.com.br\/news\/wp-json\/wp\/v2\/types\/post"}],"author":[{"embeddable":true,"href":"https:\/\/guialimeira.com.br\/news\/wp-json\/wp\/v2\/users\/1"}],"replies":[{"embeddable":true,"href":"https:\/\/guialimeira.com.br\/news\/wp-json\/wp\/v2\/comments?post=9797"}],"version-history":[{"count":0,"href":"https:\/\/guialimeira.com.br\/news\/wp-json\/wp\/v2\/posts\/9797\/revisions"}],"wp:featuredmedia":[{"embeddable":true,"href":"https:\/\/guialimeira.com.br\/news\/wp-json\/wp\/v2\/media\/9798"}],"wp:attachment":[{"href":"https:\/\/guialimeira.com.br\/news\/wp-json\/wp\/v2\/media?parent=9797"}],"wp:term":[{"taxonomy":"category","embeddable":true,"href":"https:\/\/guialimeira.com.br\/news\/wp-json\/wp\/v2\/categories?post=9797"},{"taxonomy":"post_tag","embeddable":true,"href":"https:\/\/guialimeira.com.br\/news\/wp-json\/wp\/v2\/tags?post=9797"}],"curies":[{"name":"wp","href":"https:\/\/api.w.org\/{rel}","templated":true}]}}