{"id":9753,"date":"2024-07-05T09:43:09","date_gmt":"2024-07-05T12:43:09","guid":{"rendered":"https:\/\/guialimeira.com.br\/2024\/07\/05\/saude-atualiza-gestores-e-profissionais-sobre-normas-em-vacinas\/"},"modified":"2024-07-05T09:43:09","modified_gmt":"2024-07-05T12:43:09","slug":"saude-atualiza-gestores-e-profissionais-sobre-normas-em-vacinas","status":"publish","type":"post","link":"https:\/\/guialimeira.com.br\/news\/saude-atualiza-gestores-e-profissionais-sobre-normas-em-vacinas\/","title":{"rendered":"Sa\u00fade atualiza gestores e profissionais sobre normas em vacinas"},"content":{"rendered":"<p> <br \/>\n<\/p>\n<div>\n<p>Gestores e profissionais de sa\u00fade participam nesta sexta-feira (5) de capacita\u00e7\u00e3o sobre normas e procedimentos em vacina\u00e7\u00e3o. A proposta, de acordo com o Minist\u00e9rio da Sa\u00fade, \u00e9 atualizar e disseminar orienta\u00e7\u00f5es pertinentes \u00e0s atividades de imuniza\u00e7\u00e3o e aos procedimentos t\u00e9cnicos adotados nas salas de vacina\u00e7\u00e3o.<img data-recalc-dims=\"1\" decoding=\"async\" src=\"https:\/\/i0.wp.com\/agenciabrasil.ebc.com.br\/ebc.png?w=696&#038;ssl=1\" style=\"width:1px; height:1px; display:inline;\"\/><img data-recalc-dims=\"1\" decoding=\"async\" src=\"https:\/\/i0.wp.com\/agenciabrasil.ebc.com.br\/ebc.gif?w=696&#038;ssl=1\" style=\"width:1px; height:1px; display:inline;\"\/><\/p>\n<p>Durante o evento, a pasta deve apresentar a 2\u00aa edi\u00e7\u00e3o do Manual de Normas e Procedimentos para Vacina\u00e7\u00e3o. A programa\u00e7\u00e3o conta ainda com palestras e debates sobre recomenda\u00e7\u00f5es referentes \u00e0 notifica\u00e7\u00e3o, investiga\u00e7\u00e3o e conduta preventiva frente \u00e0 ocorr\u00eancia de erros de imuniza\u00e7\u00e3o.<\/p>\n<p>Segundo o minist\u00e9rio, o Manual de Normas e Procedimentos para Vacina\u00e7\u00e3o foi reestruturado, levando em conta a realidade atual dos imunizantes oferecidos pelo Sistema \u00danico de Sa\u00fade (SUS), as novas tecnologias incorporadas pela pasta e a capacidade de armazenamento das redes de frios nos estados.<\/p>\n<p>O <a href=\"https:\/\/webinar.aids.gov.br\/seguranca\/login.php?time=1691433574\" target=\"_blank\" rel=\"noopener\">webin\u00e1rio<\/a> acontece \u00e0s 14h e ser\u00e1 transmitido pelo canal da Secretaria de Vigil\u00e2ncia em Sa\u00fade e Ambiente.<\/p>\n<\/p><\/div>\n<p><br \/>\n<br \/><a href=\"https:\/\/agenciabrasil.ebc.com.br\/saude\/noticia\/2024-07\/saude-atualiza-gestores-e-profissionais-sobre-normas-em-vacinas\" rel=\"noopener\">Ag\u00eancia Brasil <\/a><\/p>\n","protected":false},"excerpt":{"rendered":"<p>Gestores e profissionais de sa\u00fade participam nesta sexta-feira (5) de capacita\u00e7\u00e3o sobre normas e procedimentos em vacina\u00e7\u00e3o. A proposta, de acordo com o Minist\u00e9rio da Sa\u00fade, \u00e9 atualizar e disseminar orienta\u00e7\u00f5es pertinentes \u00e0s atividades de imuniza\u00e7\u00e3o e aos procedimentos t\u00e9cnicos adotados nas salas de vacina\u00e7\u00e3o. Durante o evento, a pasta deve apresentar a 2\u00aa edi\u00e7\u00e3o [&hellip;]<\/p>\n","protected":false},"author":1,"featured_media":2917,"comment_status":"open","ping_status":"open","sticky":false,"template":"","format":"standard","meta":{"_jetpack_newsletter_access":"","_jetpack_dont_email_post_to_subs":false,"_jetpack_newsletter_tier_id":0,"_jetpack_memberships_contains_paywalled_content":false,"_mbp_banners":[],"_jetpack_feature_clip_id":0,"_jetpack_memberships_contains_paid_content":false,"footnotes":"","jetpack_publicize_message":"","jetpack_publicize_feature_enabled":true,"jetpack_social_post_already_shared":true,"jetpack_social_options":{"image_generator_settings":{"template":"highway","default_image_id":0,"font":"","enabled":false},"version":2},"jetpack_post_was_ever_published":false},"categories":[15],"tags":[],"class_list":["post-9753","post","type-post","status-publish","format-standard","has-post-thumbnail","category-saude"],"jetpack_publicize_connections":[],"jetpack-related-posts":[],"jetpack_shortlink":"https:\/\/wp.me\/p7Eq1F-2xj","jetpack_sharing_enabled":true,"jetpack_featured_media_url":"https:\/\/i0.wp.com\/guialimeira.com.br\/news\/wp-content\/uploads\/2024\/04\/dsc8066.jpg?fit=1600%2C800&ssl=1","_links":{"self":[{"href":"https:\/\/guialimeira.com.br\/news\/wp-json\/wp\/v2\/posts\/9753","targetHints":{"allow":["GET"]}}],"collection":[{"href":"https:\/\/guialimeira.com.br\/news\/wp-json\/wp\/v2\/posts"}],"about":[{"href":"https:\/\/guialimeira.com.br\/news\/wp-json\/wp\/v2\/types\/post"}],"author":[{"embeddable":true,"href":"https:\/\/guialimeira.com.br\/news\/wp-json\/wp\/v2\/users\/1"}],"replies":[{"embeddable":true,"href":"https:\/\/guialimeira.com.br\/news\/wp-json\/wp\/v2\/comments?post=9753"}],"version-history":[{"count":0,"href":"https:\/\/guialimeira.com.br\/news\/wp-json\/wp\/v2\/posts\/9753\/revisions"}],"wp:featuredmedia":[{"embeddable":true,"href":"https:\/\/guialimeira.com.br\/news\/wp-json\/wp\/v2\/media\/2917"}],"wp:attachment":[{"href":"https:\/\/guialimeira.com.br\/news\/wp-json\/wp\/v2\/media?parent=9753"}],"wp:term":[{"taxonomy":"category","embeddable":true,"href":"https:\/\/guialimeira.com.br\/news\/wp-json\/wp\/v2\/categories?post=9753"},{"taxonomy":"post_tag","embeddable":true,"href":"https:\/\/guialimeira.com.br\/news\/wp-json\/wp\/v2\/tags?post=9753"}],"curies":[{"name":"wp","href":"https:\/\/api.w.org\/{rel}","templated":true}]}}