{"id":9746,"date":"2024-07-05T07:44:14","date_gmt":"2024-07-05T10:44:14","guid":{"rendered":"https:\/\/guialimeira.com.br\/2024\/07\/05\/volei-ze-roberto-convoca-selecao-feminina-para-paris-2024\/"},"modified":"2024-07-05T07:44:14","modified_gmt":"2024-07-05T10:44:14","slug":"volei-ze-roberto-convoca-selecao-feminina-para-paris-2024","status":"publish","type":"post","link":"https:\/\/guialimeira.com.br\/news\/volei-ze-roberto-convoca-selecao-feminina-para-paris-2024\/","title":{"rendered":"V\u00f4lei: Z\u00e9 Roberto convoca sele\u00e7\u00e3o feminina para Paris 2024"},"content":{"rendered":"<p> <br \/>\n<\/p>\n<div>\n<p>O t\u00e9cnico Jos\u00e9 Roberto Guimar\u00e3es convocou nesta quinta-feira (4) as doze jogadoras para o torneio ol\u00edmpico do v\u00f4lei feminino na Olimp\u00edada de Paris. A rela\u00e7\u00e3o \u00e9 composta pelas ponteiras Gabi Guimar\u00e3es, Julia Bergmann e Ana Cristina, as opostas Rosamaria, Lorenne e Tainara, as centrais Tha\u00edsa, Ana Carolina e Diana, as levantadoras Macris e Roberta e a l\u00edbero Nyeme.<img data-recalc-dims=\"1\" decoding=\"async\" src=\"https:\/\/i0.wp.com\/agenciabrasil.ebc.com.br\/ebc.png?w=696&#038;ssl=1\" style=\"width:1px; height:1px; display:inline;\"\/><img data-recalc-dims=\"1\" decoding=\"async\" src=\"https:\/\/i0.wp.com\/agenciabrasil.ebc.com.br\/ebc.gif?w=696&#038;ssl=1\" style=\"width:1px; height:1px; display:inline;\"\/><\/p>\n<p>Para esta edi\u00e7\u00e3o dos Jogos a Federa\u00e7\u00e3o Internacional de V\u00f4lei (FIVB) autorizou a convoca\u00e7\u00e3o de uma 13\u00aa jogadora para ser suplente. Essa atleta poder\u00e1 substituir alguma outra em caso de les\u00e3o durante o torneio. A escolhida na sele\u00e7\u00e3o feminina foi a l\u00edbero Natinha, que viajar\u00e1 para Paris junto com o restante do grupo. A Confedera\u00e7\u00e3o Brasileira de V\u00f4lei (CBV) ainda n\u00e3o anunciou qual \u00e9 a programa\u00e7\u00e3o do Brasil at\u00e9 os Jogos Ol\u00edmpicos.<\/p>\n<p>Das doze convocadas, cinco participar\u00e3o da primeira Olimp\u00edada da carreira. Outras seis s\u00e3o remanescentes do time que conquistou a medalha de prata nos Jogos de T\u00f3quio, em 2021. Bicampe\u00e3 ol\u00edmpica, a central Tha\u00edsa, de 36 anos, \u00e9 a mais experiente do grupo e participar\u00e1 da quarta Olimp\u00edada da carreira.<\/p>\n<p>A sele\u00e7\u00e3o brasileira \u00e9 cabe\u00e7a de chave do Grupo B, que tamb\u00e9m conta com Pol\u00f4nia, Jap\u00e3o e Qu\u00eania. A estreia do Brasil na Olimp\u00edada ser\u00e1 contra as quenianas, no dia 29 de julho, \u00e0s 8h (hor\u00e1rio de Bras\u00edlia). O duelo contra o Jap\u00e3o ser\u00e1 em 1\u00ba de agosto, tamb\u00e9m \u00e0s 8h. E as brasileiras fecham a primeira fase contra a Pol\u00f4nia no dia 4 de agosto \u00e0s 16h.<\/p>\n<p>Atual l\u00edder do ranking mundial, o Brasil vai em busca do tricampeonato ol\u00edmpico. Foi ouro em 2008 (Pequim) e em 2012 (Londres). A sele\u00e7\u00e3o tem outras tr\u00eas medalhas nos Jogos: bronze em Atlanta (1996) e em Sidney (2000), al\u00e9m de uma prata em T\u00f3quio (2021).<\/p>\n<\/p><\/div>\n<p><br \/>\n<br \/><a href=\"https:\/\/agenciabrasil.ebc.com.br\/esportes\/noticia\/2024-07\/volei-ze-roberto-convoca-selecao-feminina-para-paris-2024\" rel=\"noopener\">Ag\u00eancia Brasil<\/a><\/p>\n","protected":false},"excerpt":{"rendered":"<p>O t\u00e9cnico Jos\u00e9 Roberto Guimar\u00e3es convocou nesta quinta-feira (4) as doze jogadoras para o torneio ol\u00edmpico do v\u00f4lei feminino na Olimp\u00edada de Paris. A rela\u00e7\u00e3o \u00e9 composta pelas ponteiras Gabi Guimar\u00e3es, Julia Bergmann e Ana Cristina, as opostas Rosamaria, Lorenne e Tainara, as centrais Tha\u00edsa, Ana Carolina e Diana, as levantadoras Macris e Roberta e [&hellip;]<\/p>\n","protected":false},"author":1,"featured_media":9747,"comment_status":"open","ping_status":"open","sticky":false,"template":"","format":"standard","meta":{"_jetpack_newsletter_access":"","_jetpack_dont_email_post_to_subs":false,"_jetpack_newsletter_tier_id":0,"_jetpack_memberships_contains_paywalled_content":false,"_mbp_banners":[],"_jetpack_feature_clip_id":0,"_jetpack_memberships_contains_paid_content":false,"footnotes":"","jetpack_publicize_message":"","jetpack_publicize_feature_enabled":true,"jetpack_social_post_already_shared":true,"jetpack_social_options":{"image_generator_settings":{"template":"highway","default_image_id":0,"font":"","enabled":false},"version":2},"jetpack_post_was_ever_published":false},"categories":[23],"tags":[],"class_list":["post-9746","post","type-post","status-publish","format-standard","has-post-thumbnail","category-esportes"],"jetpack_publicize_connections":[],"jetpack-related-posts":[],"jetpack_shortlink":"https:\/\/wp.me\/p7Eq1F-2xc","jetpack_sharing_enabled":true,"jetpack_featured_media_url":"https:\/\/i0.wp.com\/guialimeira.com.br\/news\/wp-content\/uploads\/2024\/07\/divulgacao_fivb_0.jpg?fit=1600%2C800&ssl=1","_links":{"self":[{"href":"https:\/\/guialimeira.com.br\/news\/wp-json\/wp\/v2\/posts\/9746","targetHints":{"allow":["GET"]}}],"collection":[{"href":"https:\/\/guialimeira.com.br\/news\/wp-json\/wp\/v2\/posts"}],"about":[{"href":"https:\/\/guialimeira.com.br\/news\/wp-json\/wp\/v2\/types\/post"}],"author":[{"embeddable":true,"href":"https:\/\/guialimeira.com.br\/news\/wp-json\/wp\/v2\/users\/1"}],"replies":[{"embeddable":true,"href":"https:\/\/guialimeira.com.br\/news\/wp-json\/wp\/v2\/comments?post=9746"}],"version-history":[{"count":0,"href":"https:\/\/guialimeira.com.br\/news\/wp-json\/wp\/v2\/posts\/9746\/revisions"}],"wp:featuredmedia":[{"embeddable":true,"href":"https:\/\/guialimeira.com.br\/news\/wp-json\/wp\/v2\/media\/9747"}],"wp:attachment":[{"href":"https:\/\/guialimeira.com.br\/news\/wp-json\/wp\/v2\/media?parent=9746"}],"wp:term":[{"taxonomy":"category","embeddable":true,"href":"https:\/\/guialimeira.com.br\/news\/wp-json\/wp\/v2\/categories?post=9746"},{"taxonomy":"post_tag","embeddable":true,"href":"https:\/\/guialimeira.com.br\/news\/wp-json\/wp\/v2\/tags?post=9746"}],"curies":[{"name":"wp","href":"https:\/\/api.w.org\/{rel}","templated":true}]}}