{"id":9741,"date":"2024-07-05T06:43:04","date_gmt":"2024-07-05T09:43:04","guid":{"rendered":"https:\/\/guialimeira.com.br\/2024\/07\/05\/selecao-feminina-de-handebol-e-convocada-para-os-jogos-de-paris\/"},"modified":"2024-07-05T06:43:04","modified_gmt":"2024-07-05T09:43:04","slug":"selecao-feminina-de-handebol-e-convocada-para-os-jogos-de-paris","status":"publish","type":"post","link":"https:\/\/guialimeira.com.br\/news\/selecao-feminina-de-handebol-e-convocada-para-os-jogos-de-paris\/","title":{"rendered":"Sele\u00e7\u00e3o feminina de handebol \u00e9 convocada para os Jogos de Paris"},"content":{"rendered":"<p> <br \/>\n<\/p>\n<div>\n<p>O t\u00e9cnico Cristiano Rocha anunciou nesta quinta-feira (4) a rela\u00e7\u00e3o de 14 atletas escolhidas para representarem o Brasil nos Jogos Ol\u00edmpicos de Paris no torneio de handebol feminino. A convoca\u00e7\u00e3o foi feita ap\u00f3s um per\u00edodo de 20 dias de treinos no Rio de Janeiro.<img data-recalc-dims=\"1\" decoding=\"async\" src=\"https:\/\/i0.wp.com\/agenciabrasil.ebc.com.br\/ebc.png?w=696&#038;ssl=1\" style=\"width:1px; height:1px; display:inline;\"\/><img data-recalc-dims=\"1\" decoding=\"async\" src=\"https:\/\/i0.wp.com\/agenciabrasil.ebc.com.br\/ebc.gif?w=696&#038;ssl=1\" style=\"width:1px; height:1px; display:inline;\"\/><\/p>\n<blockquote class=\"instagram-media\" data-instgrm-captioned=\"\" data-instgrm-permalink=\"https:\/\/www.instagram.com\/p\/C9AfpOVMYnk\/?utm_source=ig_embed&amp;utm_campaign=loading\" data-instgrm-version=\"14\" style=\" background:#FFF; border:0; border-radius:3px; box-shadow:0 0 1px 0 rgba(0,0,0,0.5),0 1px 10px 0 rgba(0,0,0,0.15); margin: 1px; max-width:540px; min-width:326px; padding:0; width:99.375%; width:-webkit-calc(100% - 2px); width:calc(100% - 2px);\">\n<\/blockquote>\n<p>A sele\u00e7\u00e3o brasileira nos Jogos de Paris ser\u00e1 formada pelas goleiras Gabi e Renata, as pontas Adriana Doce, J\u00e9ssica e Larissa, as armadoras Bruna, Gabriela Bitolo, Giulia, Jhennifer, Kelly, Mariane e Patricia Matieli e as piv\u00f4s Marcela e Tamires. A convoca\u00e7\u00e3o conta ainda com as suplentes Samara, Ana Cl\u00e1udia e Babi. A veterana goleira Babi \u00e9 a \u00faltima remanescente do time campe\u00e3o mundial de 2013.<\/p>\n<p>O Brasil viaja na pr\u00f3xima semana para a Europa, onde realizar\u00e1 a reta final da prepara\u00e7\u00e3o para os Jogos de Paris. A estreia do time brasileiro, que est\u00e1 no Grupo B, ser\u00e1 a partir das 9h (hor\u00e1rio de Bras\u00edlia) do dia 25 de julho, oportunidade na qual medir\u00e1 for\u00e7as com a Espanha. Tr\u00eas dias depois, mas a partir das 4h, o compromisso ser\u00e1 diante da Hungria.<\/p>\n<p>O dia 30 reserva para o Brasil um confronto muito dif\u00edcil, diante da anfitri\u00e3 e atual campe\u00e3 mundial e ol\u00edmpica Fran\u00e7a. A partida ter\u00e1 in\u00edcio \u00e0s 14h. Um dia depois, a partir das 4h, a sele\u00e7\u00e3o brasileira entra em quadra para encarar a Holanda. O \u00faltimo compromisso da equipe canarinho na fase inicial da competi\u00e7\u00e3o ser\u00e1 diante de Angola, a partir das 9h do dia 3 de agosto.<\/p>\n<blockquote class=\"twitter-tweet\">\n<p dir=\"ltr\" lang=\"pt\" xml:lang=\"pt\">Sa\u00edram os confrontos que as nossas craques do handebol v\u00e3o enfrentar em <a href=\"https:\/\/twitter.com\/hashtag\/Paris2024?src=hash&amp;ref_src=twsrc%5Etfw\" rel=\"noopener\">#Paris2024<\/a>. \ud83c\uddeb\ud83c\uddf7<br \/>J\u00e1 estamos na contagem regressiva para poder apoiar e vibrar MUITO com a nossa sele\u00e7\u00e3o! \ud83d\udcaa\u2705<\/p>\n<p>PRA CIMA, <a href=\"https:\/\/twitter.com\/CBHb1?ref_src=twsrc%5Etfw\" rel=\"noopener\">@cbhb1<\/a>!!!<a href=\"https:\/\/twitter.com\/hashtag\/TimeBrasil?src=hash&amp;ref_src=twsrc%5Etfw\" rel=\"noopener\">#TimeBrasil<\/a> <a href=\"https:\/\/twitter.com\/hashtag\/Handebol?src=hash&amp;ref_src=twsrc%5Etfw\" rel=\"noopener\">#Handebol<\/a> <a href=\"https:\/\/twitter.com\/hashtag\/VIVO?src=hash&amp;ref_src=twsrc%5Etfw\" rel=\"noopener\">#VIVO<\/a> <a href=\"https:\/\/t.co\/bN6bwWo68K\">pic.twitter.com\/bN6bwWo68K<\/a><\/p>\n<p>\u2014 Time Brasil (@timebrasil) <a href=\"https:\/\/twitter.com\/timebrasil\/status\/1786459032871375173?ref_src=twsrc%5Etfw\" rel=\"noopener\">May 3, 2024<\/a><\/p><\/blockquote><\/div>\n<p><script async src=\"\/\/platform.twitter.com\/widgets.js\" charset=\"utf-8\"><\/script><script async src=\"\/\/www.instagram.com\/embed.js\"><\/script><br \/>\n<br \/><br \/>\n<br \/><a href=\"https:\/\/agenciabrasil.ebc.com.br\/esportes\/noticia\/2024-07\/selecao-feminina-de-handebol-e-convocada-para-os-jogos-de-paris\" rel=\"noopener\">Ag\u00eancia Brasil<\/a><\/p>\n","protected":false},"excerpt":{"rendered":"<p>O t\u00e9cnico Cristiano Rocha anunciou nesta quinta-feira (4) a rela\u00e7\u00e3o de 14 atletas escolhidas para representarem o Brasil nos Jogos Ol\u00edmpicos de Paris no torneio de handebol feminino. A convoca\u00e7\u00e3o foi feita ap\u00f3s um per\u00edodo de 20 dias de treinos no Rio de Janeiro. A sele\u00e7\u00e3o brasileira nos Jogos de Paris ser\u00e1 formada pelas goleiras [&hellip;]<\/p>\n","protected":false},"author":1,"featured_media":9742,"comment_status":"open","ping_status":"open","sticky":false,"template":"","format":"standard","meta":{"_jetpack_newsletter_access":"","_jetpack_dont_email_post_to_subs":false,"_jetpack_newsletter_tier_id":0,"_jetpack_memberships_contains_paywalled_content":false,"_mbp_banners":[],"_jetpack_feature_clip_id":0,"_jetpack_memberships_contains_paid_content":false,"footnotes":"","jetpack_publicize_message":"","jetpack_publicize_feature_enabled":true,"jetpack_social_post_already_shared":true,"jetpack_social_options":{"image_generator_settings":{"template":"highway","default_image_id":0,"font":"","enabled":false},"version":2},"jetpack_post_was_ever_published":false},"categories":[23],"tags":[],"class_list":["post-9741","post","type-post","status-publish","format-standard","has-post-thumbnail","category-esportes"],"jetpack_publicize_connections":[],"jetpack-related-posts":[],"jetpack_shortlink":"https:\/\/wp.me\/p7Eq1F-2x7","jetpack_sharing_enabled":true,"jetpack_featured_media_url":"https:\/\/i0.wp.com\/guialimeira.com.br\/news\/wp-content\/uploads\/2024\/07\/hand_al_28.08.2023._3350.jpg?fit=1600%2C800&ssl=1","_links":{"self":[{"href":"https:\/\/guialimeira.com.br\/news\/wp-json\/wp\/v2\/posts\/9741","targetHints":{"allow":["GET"]}}],"collection":[{"href":"https:\/\/guialimeira.com.br\/news\/wp-json\/wp\/v2\/posts"}],"about":[{"href":"https:\/\/guialimeira.com.br\/news\/wp-json\/wp\/v2\/types\/post"}],"author":[{"embeddable":true,"href":"https:\/\/guialimeira.com.br\/news\/wp-json\/wp\/v2\/users\/1"}],"replies":[{"embeddable":true,"href":"https:\/\/guialimeira.com.br\/news\/wp-json\/wp\/v2\/comments?post=9741"}],"version-history":[{"count":0,"href":"https:\/\/guialimeira.com.br\/news\/wp-json\/wp\/v2\/posts\/9741\/revisions"}],"wp:featuredmedia":[{"embeddable":true,"href":"https:\/\/guialimeira.com.br\/news\/wp-json\/wp\/v2\/media\/9742"}],"wp:attachment":[{"href":"https:\/\/guialimeira.com.br\/news\/wp-json\/wp\/v2\/media?parent=9741"}],"wp:term":[{"taxonomy":"category","embeddable":true,"href":"https:\/\/guialimeira.com.br\/news\/wp-json\/wp\/v2\/categories?post=9741"},{"taxonomy":"post_tag","embeddable":true,"href":"https:\/\/guialimeira.com.br\/news\/wp-json\/wp\/v2\/tags?post=9741"}],"curies":[{"name":"wp","href":"https:\/\/api.w.org\/{rel}","templated":true}]}}