{"id":9735,"date":"2024-07-04T20:15:27","date_gmt":"2024-07-04T23:15:27","guid":{"rendered":"https:\/\/guialimeira.com.br\/2024\/07\/04\/dolar-cai-para-r-548-apos-anuncio-de-corte-de-r-25-bi-no-orcamento\/"},"modified":"2024-07-04T20:15:27","modified_gmt":"2024-07-04T23:15:27","slug":"dolar-cai-para-r-548-apos-anuncio-de-corte-de-r-25-bi-no-orcamento","status":"publish","type":"post","link":"https:\/\/guialimeira.com.br\/news\/dolar-cai-para-r-548-apos-anuncio-de-corte-de-r-25-bi-no-orcamento\/","title":{"rendered":"D\u00f3lar cai para R$ 5,48 ap\u00f3s an\u00fancio de corte de R$ 25 bi no or\u00e7amento"},"content":{"rendered":"<p> <br \/>\n<\/p>\n<div>\n<p>Em um dia de al\u00edvio no mercado financeiro, o d\u00f3lar caiu para abaixo de R$ 5,50 nesta quinta-feira (4). A bolsa de valores subiu pela quarta vez seguida e superou os 126 mil pontos.<img data-recalc-dims=\"1\" decoding=\"async\" src=\"https:\/\/i0.wp.com\/agenciabrasil.ebc.com.br\/ebc.png?w=696&#038;ssl=1\" style=\"width:1px; height:1px; display:inline;\"\/><img data-recalc-dims=\"1\" decoding=\"async\" src=\"https:\/\/i0.wp.com\/agenciabrasil.ebc.com.br\/ebc.gif?w=696&#038;ssl=1\" style=\"width:1px; height:1px; display:inline;\"\/><\/p>\n<p>O d\u00f3lar comercial encerrou o dia vendido a R$ 5,487, com recuo de R$ 0,081 (-1,46%). A cota\u00e7\u00e3o operou em baixa durante toda a sess\u00e3o, chegando a R$ 5,46 na m\u00ednima do dia, por volta das 10h15. Por cerca de 40 minutos, entre as 13h20 e as 14h, chegou a ficar em R$ 5,50, mas desacelerou durante a tarde.<\/p>\n<p>Com o desempenho de hoje, a moeda norte-americana passou a acumular queda em julho, recuando 1,81% nos quatro primeiros dias do m\u00eas. Em 2024, a divisa sobe 13,06%.<\/p>\n<p>No mercado de a\u00e7\u00f5es, o dia foi novamente marcado pela recupera\u00e7\u00e3o. O \u00edndice Ibovespa, da B3, fechou aos 126.164 pontos, com alta de 0,4%. O indicador est\u00e1 no maior n\u00edvel desde 21 de maio.<\/p>\n<p>Com o feriado do Dia da Independ\u00eancia nos Estados Unidos, o mercado financeiro foi dominado por fatores internos. Os investidores reagiram positivamente \u00e0 <a href=\"https:\/\/agenciabrasil.ebc.com.br\/economia\/noticia\/2024-07\/haddad-anuncia-r-259-bilhoes-em-cortes-de-despesas-obrigatorias\" rel=\"noopener\">inten\u00e7\u00e3o do governo de contingenciar<\/a> (bloquear temporariamente) o Or\u00e7amento de 2024 e de cortar R$ 25,9 bilh\u00f5es em despesas obrigat\u00f3rias na elabora\u00e7\u00e3o do Or\u00e7amento de 2025.<\/p>\n<p>Os cortes de gastos foram anunciados na noite desta quarta-feira (3) pelo ministro da Fazenda, Fernando Haddad, ap\u00f3s reunir-se com o presidente Luiz In\u00e1cio Lula da Silva. O contingenciamento ser\u00e1 detalhado no pr\u00f3ximo dia 22, enquanto os cortes de R$ 25,9 bilh\u00f5es s\u00f3 ocorrer\u00e3o durante o envio do projeto de lei do Or\u00e7amento de 2025, em 30 de agosto.<\/p>\n<p>O governo sinalizou as medidas de controle de despesas ap\u00f3s a escalada das tens\u00f5es na \u00faltima semana, com o presidente Lula criticando a gest\u00e3o do Banco Central por manter os juros b\u00e1sicos da economia em 10,5% ao ano. Na ter\u00e7a-feira (2), o d\u00f3lar fechou a R$ 5,66, chegando a ultrapassar de R$ 5,70 durante a sess\u00e3o.<\/p>\n<p>\u00a0<\/p>\n<p><em>* com informa\u00e7\u00f5es da Reuters<\/em><\/p>\n<\/p><\/div>\n<p><br \/>\n<br \/><a href=\"https:\/\/agenciabrasil.ebc.com.br\/economia\/noticia\/2024-07\/dolar-cai-para-r-548-apos-anuncio-de-corte-de-r-25-bi-no-orcamento\" rel=\"noopener\">Ag\u00eancia Brasil<\/a><\/p>\n","protected":false},"excerpt":{"rendered":"<p>Em um dia de al\u00edvio no mercado financeiro, o d\u00f3lar caiu para abaixo de R$ 5,50 nesta quinta-feira (4). A bolsa de valores subiu pela quarta vez seguida e superou os 126 mil pontos. O d\u00f3lar comercial encerrou o dia vendido a R$ 5,487, com recuo de R$ 0,081 (-1,46%). A cota\u00e7\u00e3o operou em baixa [&hellip;]<\/p>\n","protected":false},"author":1,"featured_media":8571,"comment_status":"open","ping_status":"open","sticky":false,"template":"","format":"standard","meta":{"_jetpack_newsletter_access":"","_jetpack_dont_email_post_to_subs":false,"_jetpack_newsletter_tier_id":0,"_jetpack_memberships_contains_paywalled_content":false,"_mbp_banners":[],"_jetpack_feature_clip_id":0,"_jetpack_memberships_contains_paid_content":false,"footnotes":"","jetpack_publicize_message":"","jetpack_publicize_feature_enabled":true,"jetpack_social_post_already_shared":true,"jetpack_social_options":{"image_generator_settings":{"template":"highway","default_image_id":0,"font":"","enabled":false},"version":2},"jetpack_post_was_ever_published":false},"categories":[24],"tags":[],"class_list":["post-9735","post","type-post","status-publish","format-standard","has-post-thumbnail","category-economia"],"jetpack_publicize_connections":[],"jetpack-related-posts":[],"jetpack_shortlink":"https:\/\/wp.me\/p7Eq1F-2x1","jetpack_sharing_enabled":true,"jetpack_featured_media_url":"https:\/\/i0.wp.com\/guialimeira.com.br\/news\/wp-content\/uploads\/2024\/06\/2022-02-10t121137z_1_lynxmpei190mo_rtroptp_4_dolar-abre.jpg?fit=1600%2C800&ssl=1","_links":{"self":[{"href":"https:\/\/guialimeira.com.br\/news\/wp-json\/wp\/v2\/posts\/9735","targetHints":{"allow":["GET"]}}],"collection":[{"href":"https:\/\/guialimeira.com.br\/news\/wp-json\/wp\/v2\/posts"}],"about":[{"href":"https:\/\/guialimeira.com.br\/news\/wp-json\/wp\/v2\/types\/post"}],"author":[{"embeddable":true,"href":"https:\/\/guialimeira.com.br\/news\/wp-json\/wp\/v2\/users\/1"}],"replies":[{"embeddable":true,"href":"https:\/\/guialimeira.com.br\/news\/wp-json\/wp\/v2\/comments?post=9735"}],"version-history":[{"count":0,"href":"https:\/\/guialimeira.com.br\/news\/wp-json\/wp\/v2\/posts\/9735\/revisions"}],"wp:featuredmedia":[{"embeddable":true,"href":"https:\/\/guialimeira.com.br\/news\/wp-json\/wp\/v2\/media\/8571"}],"wp:attachment":[{"href":"https:\/\/guialimeira.com.br\/news\/wp-json\/wp\/v2\/media?parent=9735"}],"wp:term":[{"taxonomy":"category","embeddable":true,"href":"https:\/\/guialimeira.com.br\/news\/wp-json\/wp\/v2\/categories?post=9735"},{"taxonomy":"post_tag","embeddable":true,"href":"https:\/\/guialimeira.com.br\/news\/wp-json\/wp\/v2\/tags?post=9735"}],"curies":[{"name":"wp","href":"https:\/\/api.w.org\/{rel}","templated":true}]}}