{"id":9728,"date":"2024-07-04T19:14:14","date_gmt":"2024-07-04T22:14:14","guid":{"rendered":"https:\/\/guialimeira.com.br\/2024\/07\/04\/ministerio-revisa-para-cima-projecao-de-superavit-comercial\/"},"modified":"2024-07-04T19:14:14","modified_gmt":"2024-07-04T22:14:14","slug":"ministerio-revisa-para-cima-projecao-de-superavit-comercial","status":"publish","type":"post","link":"https:\/\/guialimeira.com.br\/news\/ministerio-revisa-para-cima-projecao-de-superavit-comercial\/","title":{"rendered":"Minist\u00e9rio revisa para cima proje\u00e7\u00e3o de super\u00e1vit comercial"},"content":{"rendered":"<p> <br \/>\n<\/p>\n<div>\n<p>A alta no d\u00f3lar e a recupera\u00e7\u00e3o da cota\u00e7\u00e3o do petr\u00f3leo e do min\u00e9rio de ferro fizeram o Minist\u00e9rio do Desenvolvimento, Ind\u00fastria, Com\u00e9rcio e Servi\u00e7os (MDIC) revisar para cima a proje\u00e7\u00e3o de super\u00e1vit comercial (exporta\u00e7\u00f5es menos importa\u00e7\u00f5es) em 2024. A estimativa subiu de US$ 73,5 bilh\u00f5es para US$ 79,2 bilh\u00f5es.<img data-recalc-dims=\"1\" decoding=\"async\" src=\"https:\/\/i0.wp.com\/agenciabrasil.ebc.com.br\/ebc.png?w=696&#038;ssl=1\" style=\"width:1px; height:1px; display:inline;\"\/><img data-recalc-dims=\"1\" decoding=\"async\" src=\"https:\/\/i0.wp.com\/agenciabrasil.ebc.com.br\/ebc.gif?w=696&#038;ssl=1\" style=\"width:1px; height:1px; display:inline;\"\/><\/p>\n<p>A proje\u00e7\u00e3o \u00e9 atualizada a cada tr\u00eas meses. Caso se confirme, o super\u00e1vit ser\u00e1 19,9% menor que o saldo positivo de US$ 98,9 bilh\u00f5es de 2023. \u201cEsse seria um saldo comercial menor que o de 2023, mas o segundo maior saldo da hist\u00f3ria\u201d, disse o diretor de Estat\u00edsticas e Estudos de Com\u00e9rcio Exterior do MDIC, Herlon Brand\u00e3o.<\/p>\n<p>Apesar da revis\u00e3o da estimativa, as importa\u00e7\u00f5es crescer\u00e3o mais que as exporta\u00e7\u00f5es em 2024, em compara\u00e7\u00e3o com os resultados de 2023. O governo projeta exportar US$ 345,4 bilh\u00f5es em 2024, alta de 1,7% em rela\u00e7\u00e3o aos US$ 339,7 bilh\u00f5es exportados pelo pa\u00eds ano passado. Em contrapartida, as importa\u00e7\u00f5es dever\u00e3o atingir US$ 266,2 bilh\u00f5es, avan\u00e7o de 10,6% em rela\u00e7\u00e3o aos US$ 240,8 bilh\u00f5es comprados do exterior em 2023.<\/p>\n<h2>Em alta<\/h2>\n<p>Em rela\u00e7\u00e3o \u00e0 proje\u00e7\u00e3o anterior, divulgada em abril, as exporta\u00e7\u00f5es subiram US$ 12,8 bilh\u00f5es. A previs\u00e3o para as importa\u00e7\u00f5es subiu US$ 7,1 bilh\u00f5es. Brand\u00e3o atribuiu a revis\u00e3o para cima do super\u00e1vit comercial a uma melhoria no pre\u00e7o de algumas <em>commodities<\/em> (bens prim\u00e1rios com cota\u00e7\u00e3o internacional), como petr\u00f3leo, min\u00e9rio de ferro, que se recuperou no \u00faltimo m\u00eas, e ao aumento da safra de caf\u00e9.<\/p>\n<p>Em rela\u00e7\u00e3o \u00e0s importa\u00e7\u00f5es, ele atribuiu \u00e0 alta \u00e0 recupera\u00e7\u00e3o da renda do brasileiro, que motiva maior compra de bens de consumo. Ele tamb\u00e9m cita a recupera\u00e7\u00e3o da atividade industrial, o que estimula a importa\u00e7\u00e3o de bens de capital (m\u00e1quinas e equipamentos).<\/p>\n<\/p><\/div>\n<p><br \/>\n<br \/><a href=\"https:\/\/agenciabrasil.ebc.com.br\/economia\/noticia\/2024-07\/ministerio-revisa-para-cima-projecao-de-superavit-comercial\" rel=\"noopener\">Ag\u00eancia Brasil<\/a><\/p>\n","protected":false},"excerpt":{"rendered":"<p>A alta no d\u00f3lar e a recupera\u00e7\u00e3o da cota\u00e7\u00e3o do petr\u00f3leo e do min\u00e9rio de ferro fizeram o Minist\u00e9rio do Desenvolvimento, Ind\u00fastria, Com\u00e9rcio e Servi\u00e7os (MDIC) revisar para cima a proje\u00e7\u00e3o de super\u00e1vit comercial (exporta\u00e7\u00f5es menos importa\u00e7\u00f5es) em 2024. A estimativa subiu de US$ 73,5 bilh\u00f5es para US$ 79,2 bilh\u00f5es. A proje\u00e7\u00e3o \u00e9 atualizada a [&hellip;]<\/p>\n","protected":false},"author":1,"featured_media":9655,"comment_status":"open","ping_status":"open","sticky":false,"template":"","format":"standard","meta":{"_jetpack_newsletter_access":"","_jetpack_dont_email_post_to_subs":false,"_jetpack_newsletter_tier_id":0,"_jetpack_memberships_contains_paywalled_content":false,"_mbp_banners":[],"_jetpack_feature_clip_id":0,"_jetpack_memberships_contains_paid_content":false,"footnotes":"","jetpack_publicize_message":"","jetpack_publicize_feature_enabled":true,"jetpack_social_post_already_shared":true,"jetpack_social_options":{"image_generator_settings":{"template":"highway","default_image_id":0,"font":"","enabled":false},"version":2},"jetpack_post_was_ever_published":false},"categories":[24],"tags":[],"class_list":["post-9728","post","type-post","status-publish","format-standard","has-post-thumbnail","category-economia"],"jetpack_publicize_connections":[],"jetpack-related-posts":[],"jetpack_shortlink":"https:\/\/wp.me\/p7Eq1F-2wU","jetpack_sharing_enabled":true,"jetpack_featured_media_url":"https:\/\/i0.wp.com\/guialimeira.com.br\/news\/wp-content\/uploads\/2024\/07\/dolar_moeda_0803221212.jpg?fit=1600%2C800&ssl=1","_links":{"self":[{"href":"https:\/\/guialimeira.com.br\/news\/wp-json\/wp\/v2\/posts\/9728","targetHints":{"allow":["GET"]}}],"collection":[{"href":"https:\/\/guialimeira.com.br\/news\/wp-json\/wp\/v2\/posts"}],"about":[{"href":"https:\/\/guialimeira.com.br\/news\/wp-json\/wp\/v2\/types\/post"}],"author":[{"embeddable":true,"href":"https:\/\/guialimeira.com.br\/news\/wp-json\/wp\/v2\/users\/1"}],"replies":[{"embeddable":true,"href":"https:\/\/guialimeira.com.br\/news\/wp-json\/wp\/v2\/comments?post=9728"}],"version-history":[{"count":0,"href":"https:\/\/guialimeira.com.br\/news\/wp-json\/wp\/v2\/posts\/9728\/revisions"}],"wp:featuredmedia":[{"embeddable":true,"href":"https:\/\/guialimeira.com.br\/news\/wp-json\/wp\/v2\/media\/9655"}],"wp:attachment":[{"href":"https:\/\/guialimeira.com.br\/news\/wp-json\/wp\/v2\/media?parent=9728"}],"wp:term":[{"taxonomy":"category","embeddable":true,"href":"https:\/\/guialimeira.com.br\/news\/wp-json\/wp\/v2\/categories?post=9728"},{"taxonomy":"post_tag","embeddable":true,"href":"https:\/\/guialimeira.com.br\/news\/wp-json\/wp\/v2\/tags?post=9728"}],"curies":[{"name":"wp","href":"https:\/\/api.w.org\/{rel}","templated":true}]}}