{"id":9725,"date":"2024-07-04T19:11:11","date_gmt":"2024-07-04T22:11:11","guid":{"rendered":"https:\/\/guialimeira.com.br\/2024\/07\/04\/ans-suspende-comercializacao-de-nove-planos-de-saude\/"},"modified":"2024-07-04T19:11:11","modified_gmt":"2024-07-04T22:11:11","slug":"ans-suspende-comercializacao-de-nove-planos-de-saude","status":"publish","type":"post","link":"https:\/\/guialimeira.com.br\/news\/ans-suspende-comercializacao-de-nove-planos-de-saude\/","title":{"rendered":"ANS suspende comercializa\u00e7\u00e3o de nove planos de sa\u00fade"},"content":{"rendered":"<p> <br \/>\n<\/p>\n<div>\n<p>A Ag\u00eancia Nacional de Sa\u00fade Suplementar (ANS) divulgou nesta quinta-feira (4) a lista de planos de sa\u00fade que ter\u00e3o a venda temporariamente suspensa devido a reclama\u00e7\u00f5es relacionadas \u00e0 cobertura assistencial. A medida faz parte do Monitoramento da Garantia de Atendimento, que acompanha regularmente o desempenho do setor.<img data-recalc-dims=\"1\" decoding=\"async\" src=\"https:\/\/i0.wp.com\/agenciabrasil.ebc.com.br\/ebc.png?w=696&#038;ssl=1\" style=\"width:1px; height:1px; display:inline;\"\/><img data-recalc-dims=\"1\" decoding=\"async\" src=\"https:\/\/i0.wp.com\/agenciabrasil.ebc.com.br\/ebc.gif?w=696&#038;ssl=1\" style=\"width:1px; height:1px; display:inline;\"\/><\/p>\n<p>Os planos suspensos s\u00e3o Univida Coletivo Por Ades\u00e3o \u2013 Apartamento, Univida Coletivo por Ades\u00e3o Enfermaria, Univida Coletivo Por Ades\u00e3o \u2013 Enferm C Cop, Univida Coletivo por Ades\u00e3o Nacional Enferm \u2013 Cop, Univida Empresarial III \u2013 apto, Diamante, Medical Ind 200, Prime 400 e Rubi.<\/p>\n<p>Nesse ciclo, a ANS determinou a suspens\u00e3o de nove planos de duas operadoras devido a reclama\u00e7\u00f5es efetuadas no primeiro trimestre deste ano. A proibi\u00e7\u00e3o da venda come\u00e7a a valer no dia 9 deste m\u00eas.<\/p>\n<p>Ao todo, 14.063 benefici\u00e1rios ficam protegidos com a medida, j\u00e1 que esses planos s\u00f3 poder\u00e3o voltar a ser comercializados para novos clientes se as operadoras apresentarem melhora no resultado no monitoramento.<\/p>\n<p>As operadoras reiteradamente com pior resultado s\u00e3o avaliadas, e aquelas que apresentam risco \u00e0 assist\u00eancia \u00e0 sa\u00fade s\u00e3o identificados os planos que ter\u00e3o o ingresso de novos benefici\u00e1rios vedado temporariamente.<\/p>\n<p>\u00a0A cada trimestre, a listagem de planos \u00e9 reavaliada, e as operadoras que deixarem de apresentar risco \u00e0 assist\u00eancia \u00e0 sa\u00fade s\u00e3o liberadas, pelo monitoramento, para oferecer os planos para novas comercializa\u00e7\u00f5es.<\/p>\n<\/p><\/div>\n<p><br \/>\n<br \/><a href=\"https:\/\/agenciabrasil.ebc.com.br\/saude\/noticia\/2024-07\/ans-suspende-comercializacao-de-nove-planos-de-saude\" rel=\"noopener\">Ag\u00eancia Brasil <\/a><\/p>\n","protected":false},"excerpt":{"rendered":"<p>A Ag\u00eancia Nacional de Sa\u00fade Suplementar (ANS) divulgou nesta quinta-feira (4) a lista de planos de sa\u00fade que ter\u00e3o a venda temporariamente suspensa devido a reclama\u00e7\u00f5es relacionadas \u00e0 cobertura assistencial. A medida faz parte do Monitoramento da Garantia de Atendimento, que acompanha regularmente o desempenho do setor. Os planos suspensos s\u00e3o Univida Coletivo Por Ades\u00e3o [&hellip;]<\/p>\n","protected":false},"author":1,"featured_media":7433,"comment_status":"open","ping_status":"open","sticky":false,"template":"","format":"standard","meta":{"_jetpack_newsletter_access":"","_jetpack_dont_email_post_to_subs":false,"_jetpack_newsletter_tier_id":0,"_jetpack_memberships_contains_paywalled_content":false,"_mbp_banners":[],"_jetpack_feature_clip_id":0,"_jetpack_memberships_contains_paid_content":false,"footnotes":"","jetpack_publicize_message":"","jetpack_publicize_feature_enabled":true,"jetpack_social_post_already_shared":true,"jetpack_social_options":{"image_generator_settings":{"template":"highway","default_image_id":0,"font":"","enabled":false},"version":2},"jetpack_post_was_ever_published":false},"categories":[15],"tags":[],"class_list":["post-9725","post","type-post","status-publish","format-standard","has-post-thumbnail","category-saude"],"jetpack_publicize_connections":[],"jetpack-related-posts":[],"jetpack_shortlink":"https:\/\/wp.me\/p7Eq1F-2wR","jetpack_sharing_enabled":true,"jetpack_featured_media_url":"https:\/\/i0.wp.com\/guialimeira.com.br\/news\/wp-content\/uploads\/2024\/06\/1017570-df_28112016-img_5565.jpg?fit=1600%2C800&ssl=1","_links":{"self":[{"href":"https:\/\/guialimeira.com.br\/news\/wp-json\/wp\/v2\/posts\/9725","targetHints":{"allow":["GET"]}}],"collection":[{"href":"https:\/\/guialimeira.com.br\/news\/wp-json\/wp\/v2\/posts"}],"about":[{"href":"https:\/\/guialimeira.com.br\/news\/wp-json\/wp\/v2\/types\/post"}],"author":[{"embeddable":true,"href":"https:\/\/guialimeira.com.br\/news\/wp-json\/wp\/v2\/users\/1"}],"replies":[{"embeddable":true,"href":"https:\/\/guialimeira.com.br\/news\/wp-json\/wp\/v2\/comments?post=9725"}],"version-history":[{"count":0,"href":"https:\/\/guialimeira.com.br\/news\/wp-json\/wp\/v2\/posts\/9725\/revisions"}],"wp:featuredmedia":[{"embeddable":true,"href":"https:\/\/guialimeira.com.br\/news\/wp-json\/wp\/v2\/media\/7433"}],"wp:attachment":[{"href":"https:\/\/guialimeira.com.br\/news\/wp-json\/wp\/v2\/media?parent=9725"}],"wp:term":[{"taxonomy":"category","embeddable":true,"href":"https:\/\/guialimeira.com.br\/news\/wp-json\/wp\/v2\/categories?post=9725"},{"taxonomy":"post_tag","embeddable":true,"href":"https:\/\/guialimeira.com.br\/news\/wp-json\/wp\/v2\/tags?post=9725"}],"curies":[{"name":"wp","href":"https:\/\/api.w.org\/{rel}","templated":true}]}}