{"id":9699,"date":"2024-07-04T14:52:07","date_gmt":"2024-07-04T17:52:07","guid":{"rendered":"https:\/\/guialimeira.com.br\/2024\/07\/04\/festival-de-danca-acontece-neste-sabado-6-no-teatro-vitoria\/"},"modified":"2024-07-04T14:52:07","modified_gmt":"2024-07-04T17:52:07","slug":"festival-de-danca-acontece-neste-sabado-6-no-teatro-vitoria","status":"publish","type":"post","link":"https:\/\/guialimeira.com.br\/news\/festival-de-danca-acontece-neste-sabado-6-no-teatro-vitoria\/","title":{"rendered":"Festival de dan\u00e7a acontece neste s\u00e1bado (6), no Teatro Vit\u00f3ria"},"content":{"rendered":"<p> <br \/>\n<br \/><img data-recalc-dims=\"1\" decoding=\"async\" src=\"https:\/\/i0.wp.com\/ecrie.com.br\/sistema\/conteudos\/imagem\/m_137_0_1_30042024143313.jpg?w=696&#038;ssl=1\" \/><\/p>\n<p style=\"text-align: justify\"><span style=\"font-size: 1em\">Neste s&aacute;bado (6), acontece o festival de dan&ccedil;a &ldquo;Dan&ccedil;are&rdquo;, no&nbsp;Teatro Vit&oacute;ria Emiliano Bernardo da Silva, &agrave;s 12h. A realiza&ccedil;&atilde;o &eacute; do Elevare Est&uacute;dio &#8211; J&eacute;ssica Michelle Balthazar, com o apoio da Prefeitura de Limeira, por meio da Secretaria de Cultura.<\/span><\/p>\n<p dir=\"ltr\" style=\"text-align: justify\">Idealizada por Mateus Louren&ccedil;o, a competi&ccedil;&atilde;o abrange as modalidades de bal&eacute;, jazz, estilo livre, contempor&acirc;neo, neo cl&aacute;ssico, sapateado, entre outras. O evento visa valorizar a cria&ccedil;&atilde;o, a educa&ccedil;&atilde;o e a pr&aacute;tica da dan&ccedil;a.&nbsp;<\/p>\n<p dir=\"ltr\" style=\"text-align: justify\">O festival estimula as novas linguagens, promovendo a dan&ccedil;a como express&atilde;o art&iacute;stica e contribuindo para a difus&atilde;o cultural e o desenvolvimento regional. O &#8220;Dan&ccedil;are&#8221; conta com os &nbsp;jurados renomados: Jolles Salles, Alex Siqueira e Renata Bardazzi.<\/p>\n<p dir=\"ltr\" style=\"text-align: justify\">Os ingressos custam R$ 30 (inteira) e R$ 15 (meia-entrada ou b&ocirc;nus em compra antecipada at&eacute; 05\/07). Podem ser comprados na bilheteria na&nbsp;quinta e sexta- feira, das 11h &agrave;s 17h; e no s&aacute;bado, das 9h &agrave;s 14h. O Teatro Vit&oacute;ria fica na Pra&ccedil;a Toledo de Barros, s\/n &#8211; Centro.<\/p>\n<p><br \/>\n<br \/><a href=\"https:\/\/limeira.sp.gov.br\/festival-de-danca-acontece-neste-sabado-6-no-teatro-vitoria\" rel=\"noopener\">Informa\u00e7\u00f5es da PML <\/a><\/p>\n","protected":false},"excerpt":{"rendered":"<p>Neste s&aacute;bado (6), acontece o festival de dan&ccedil;a &ldquo;Dan&ccedil;are&rdquo;, no&nbsp;Teatro Vit&oacute;ria Emiliano Bernardo da Silva, &agrave;s 12h. A realiza&ccedil;&atilde;o &eacute; do Elevare Est&uacute;dio &#8211; J&eacute;ssica Michelle Balthazar, com o apoio da Prefeitura de Limeira, por meio da Secretaria de Cultura. Idealizada por Mateus Louren&ccedil;o, a competi&ccedil;&atilde;o abrange as modalidades de bal&eacute;, jazz, estilo livre, contempor&acirc;neo, [&hellip;]<\/p>\n","protected":false},"author":1,"featured_media":3415,"comment_status":"open","ping_status":"open","sticky":false,"template":"","format":"standard","meta":{"_jetpack_newsletter_access":"","_jetpack_dont_email_post_to_subs":false,"_jetpack_newsletter_tier_id":0,"_jetpack_memberships_contains_paywalled_content":false,"_mbp_banners":[],"_jetpack_feature_clip_id":0,"_jetpack_memberships_contains_paid_content":false,"footnotes":"","jetpack_publicize_message":"","jetpack_publicize_feature_enabled":true,"jetpack_social_post_already_shared":true,"jetpack_social_options":{"image_generator_settings":{"template":"highway","default_image_id":0,"font":"","enabled":false},"version":2},"jetpack_post_was_ever_published":false},"categories":[16],"tags":[],"class_list":["post-9699","post","type-post","status-publish","format-standard","has-post-thumbnail","category-local"],"jetpack_publicize_connections":[],"jetpack-related-posts":[],"jetpack_shortlink":"https:\/\/wp.me\/p7Eq1F-2wr","jetpack_sharing_enabled":true,"jetpack_featured_media_url":"https:\/\/i0.wp.com\/guialimeira.com.br\/news\/wp-content\/uploads\/2024\/05\/m_137_0_1_30042024143313.jpg?fit=1280%2C852&ssl=1","_links":{"self":[{"href":"https:\/\/guialimeira.com.br\/news\/wp-json\/wp\/v2\/posts\/9699","targetHints":{"allow":["GET"]}}],"collection":[{"href":"https:\/\/guialimeira.com.br\/news\/wp-json\/wp\/v2\/posts"}],"about":[{"href":"https:\/\/guialimeira.com.br\/news\/wp-json\/wp\/v2\/types\/post"}],"author":[{"embeddable":true,"href":"https:\/\/guialimeira.com.br\/news\/wp-json\/wp\/v2\/users\/1"}],"replies":[{"embeddable":true,"href":"https:\/\/guialimeira.com.br\/news\/wp-json\/wp\/v2\/comments?post=9699"}],"version-history":[{"count":0,"href":"https:\/\/guialimeira.com.br\/news\/wp-json\/wp\/v2\/posts\/9699\/revisions"}],"wp:featuredmedia":[{"embeddable":true,"href":"https:\/\/guialimeira.com.br\/news\/wp-json\/wp\/v2\/media\/3415"}],"wp:attachment":[{"href":"https:\/\/guialimeira.com.br\/news\/wp-json\/wp\/v2\/media?parent=9699"}],"wp:term":[{"taxonomy":"category","embeddable":true,"href":"https:\/\/guialimeira.com.br\/news\/wp-json\/wp\/v2\/categories?post=9699"},{"taxonomy":"post_tag","embeddable":true,"href":"https:\/\/guialimeira.com.br\/news\/wp-json\/wp\/v2\/tags?post=9699"}],"curies":[{"name":"wp","href":"https:\/\/api.w.org\/{rel}","templated":true}]}}