{"id":969,"date":"2024-04-04T19:21:47","date_gmt":"2024-04-04T22:21:47","guid":{"rendered":"https:\/\/guialimeira.com.br\/2024\/04\/04\/programa-de-passagens-aereas-acessiveis-deve-sair-nas-proximas-semanas\/"},"modified":"2024-04-04T19:21:47","modified_gmt":"2024-04-04T22:21:47","slug":"programa-de-passagens-aereas-acessiveis-deve-sair-nas-proximas-semanas","status":"publish","type":"post","link":"https:\/\/guialimeira.com.br\/news\/programa-de-passagens-aereas-acessiveis-deve-sair-nas-proximas-semanas\/","title":{"rendered":"Programa de passagens a\u00e9reas acess\u00edveis deve sair nas pr\u00f3ximas semanas"},"content":{"rendered":"<p> <br \/>\n<\/p>\n<div>\n<p>O programa Voa Brasil, que ir\u00e1 garantir o acesso a passagens a\u00e9reas com tarifas mais acess\u00edveis, ser\u00e1 lan\u00e7ado nas pr\u00f3ximas semanas. Segundo o Minist\u00e9rio de Portos e Aeroportos, mais detalhes ser\u00e3o apresentados na data de sua divulga\u00e7\u00e3o. A ideia \u00e9 que sejam oferecidas passagens a\u00e9reas a R$ 200 por trecho.\u00a0<img data-recalc-dims=\"1\" decoding=\"async\" src=\"https:\/\/i0.wp.com\/agenciabrasil.ebc.com.br\/ebc.png?w=696&#038;ssl=1\" style=\"width:1px; height:1px; display:inline;\"\/><img data-recalc-dims=\"1\" decoding=\"async\" src=\"https:\/\/i0.wp.com\/agenciabrasil.ebc.com.br\/ebc.gif?w=696&#038;ssl=1\" style=\"width:1px; height:1px; display:inline;\"\/><\/p>\n<p>Anunciado desde o ano passado pelo governo federal, o programa estava previsto para ser lan\u00e7ado em janeiro de 2024. Na ocasi\u00e3o, o governo divulgou que os primeiros segmentos<a href=\"http:\/\/agenciabrasil.ebc.com.br\/economia\/noticia\/2024-01\/voa-brasil-sera-destinado-aposentados-e-estudantes-do-prouni\" target=\"_blank\" rel=\"noopener\"> beneficiados pelo Voa Brasil<\/a> ser\u00e3o aposentados do Instituto Nacional do Seguro Social (INSS) e bolsistas do Programa Universidade para Todos (Prouni).\u00a0<\/p>\n<h2>Aposentados e estudantes<\/h2>\n<p>Recentemente, em entrevista ao programa Roda Viva, da TV Cultura, o ministro dos Portos e Aeroportos, Silvio Costa Filho, informou que o p\u00fablico-alvo abranger\u00e1 cerca de 21 milh\u00f5es de aposentados e 700 mil alunos do Programa Universidade para Todos (Prouni).<\/p>\n<p>\u201cA gente espera anunciar esse programa com cinco milh\u00f5es de passagens que ser\u00e3o disponibilizadas pelas companhias a\u00e9reas, sem nenhum real do Tesouro\u201d, afirmou o ministro.<\/p>\n<\/p><\/div>\n<p><br \/>\n<br \/><a href=\"https:\/\/agenciabrasil.ebc.com.br\/geral\/noticia\/2024-04\/programa-de-passagens-aereas-acessiveis-deve-sair-nas-proximas-semanas\" rel=\"noopener\">Ag\u00eancia Brasil<\/a><\/p>\n","protected":false},"excerpt":{"rendered":"<p>O programa Voa Brasil, que ir\u00e1 garantir o acesso a passagens a\u00e9reas com tarifas mais acess\u00edveis, ser\u00e1 lan\u00e7ado nas pr\u00f3ximas semanas. Segundo o Minist\u00e9rio de Portos e Aeroportos, mais detalhes ser\u00e3o apresentados na data de sua divulga\u00e7\u00e3o. A ideia \u00e9 que sejam oferecidas passagens a\u00e9reas a R$ 200 por trecho.\u00a0 Anunciado desde o ano passado [&hellip;]<\/p>\n","protected":false},"author":1,"featured_media":970,"comment_status":"open","ping_status":"open","sticky":false,"template":"","format":"standard","meta":{"_jetpack_newsletter_access":"","_jetpack_dont_email_post_to_subs":false,"_jetpack_newsletter_tier_id":0,"_jetpack_memberships_contains_paywalled_content":false,"_mbp_banners":[],"_jetpack_feature_clip_id":0,"_jetpack_memberships_contains_paid_content":false,"footnotes":"","jetpack_publicize_message":"","jetpack_publicize_feature_enabled":true,"jetpack_social_post_already_shared":true,"jetpack_social_options":{"image_generator_settings":{"template":"highway","default_image_id":0,"font":"","enabled":false},"version":2},"jetpack_post_was_ever_published":false},"categories":[22],"tags":[],"class_list":["post-969","post","type-post","status-publish","format-standard","has-post-thumbnail","category-nacional"],"jetpack_publicize_connections":[],"jetpack-related-posts":[],"jetpack_shortlink":"https:\/\/wp.me\/p7Eq1F-fD","jetpack_sharing_enabled":true,"jetpack_featured_media_url":"https:\/\/i0.wp.com\/guialimeira.com.br\/news\/wp-content\/uploads\/2024\/04\/mg_7242_01.jpg?fit=1600%2C800&ssl=1","_links":{"self":[{"href":"https:\/\/guialimeira.com.br\/news\/wp-json\/wp\/v2\/posts\/969","targetHints":{"allow":["GET"]}}],"collection":[{"href":"https:\/\/guialimeira.com.br\/news\/wp-json\/wp\/v2\/posts"}],"about":[{"href":"https:\/\/guialimeira.com.br\/news\/wp-json\/wp\/v2\/types\/post"}],"author":[{"embeddable":true,"href":"https:\/\/guialimeira.com.br\/news\/wp-json\/wp\/v2\/users\/1"}],"replies":[{"embeddable":true,"href":"https:\/\/guialimeira.com.br\/news\/wp-json\/wp\/v2\/comments?post=969"}],"version-history":[{"count":0,"href":"https:\/\/guialimeira.com.br\/news\/wp-json\/wp\/v2\/posts\/969\/revisions"}],"wp:featuredmedia":[{"embeddable":true,"href":"https:\/\/guialimeira.com.br\/news\/wp-json\/wp\/v2\/media\/970"}],"wp:attachment":[{"href":"https:\/\/guialimeira.com.br\/news\/wp-json\/wp\/v2\/media?parent=969"}],"wp:term":[{"taxonomy":"category","embeddable":true,"href":"https:\/\/guialimeira.com.br\/news\/wp-json\/wp\/v2\/categories?post=969"},{"taxonomy":"post_tag","embeddable":true,"href":"https:\/\/guialimeira.com.br\/news\/wp-json\/wp\/v2\/tags?post=969"}],"curies":[{"name":"wp","href":"https:\/\/api.w.org\/{rel}","templated":true}]}}