{"id":9686,"date":"2024-07-04T12:04:14","date_gmt":"2024-07-04T15:04:14","guid":{"rendered":"https:\/\/guialimeira.com.br\/2024\/07\/04\/saude-cria-grupo-para-propor-acoes-de-cuidados-a-pessoas-com-autismo\/"},"modified":"2024-07-04T12:04:14","modified_gmt":"2024-07-04T15:04:14","slug":"saude-cria-grupo-para-propor-acoes-de-cuidados-a-pessoas-com-autismo","status":"publish","type":"post","link":"https:\/\/guialimeira.com.br\/news\/saude-cria-grupo-para-propor-acoes-de-cuidados-a-pessoas-com-autismo\/","title":{"rendered":"Sa\u00fade cria grupo para propor a\u00e7\u00f5es de cuidados a pessoas com autismo"},"content":{"rendered":"<p> <br \/>\n<\/p>\n<div>\n<p><a href=\"https:\/\/www.in.gov.br\/en\/web\/dou\/-\/portaria-gm\/ms-n-4.722-de-3-de-julho-de-2024-569943998\" target=\"_blank\" rel=\"noopener\">Portaria do Minist\u00e9rio da Sa\u00fade<\/a> publicada nesta quinta-feira (4) no <em>Di\u00e1rio Oficial da Uni\u00e3o<\/em> institui grupo de trabalho sobre transtorno do espectro autista (TEA). A proposta \u00e9 estruturar a\u00e7\u00f5es integradas no \u00e2mbito da sa\u00fade para qualificar o cuidado integral a pessoas com TEA.<img data-recalc-dims=\"1\" decoding=\"async\" src=\"https:\/\/i0.wp.com\/agenciabrasil.ebc.com.br\/ebc.png?w=696&#038;ssl=1\" style=\"width:1px; height:1px; display:inline;\"\/><img data-recalc-dims=\"1\" decoding=\"async\" src=\"https:\/\/i0.wp.com\/agenciabrasil.ebc.com.br\/ebc.gif?w=696&#038;ssl=1\" style=\"width:1px; height:1px; display:inline;\"\/><\/p>\n<p>Dentre as atribui\u00e7\u00f5es do grupo est\u00e3o:<\/p>\n<p>&#8211; assessorar tecnicamente a Secretaria de Aten\u00e7\u00e3o Especializada \u00e0 Sa\u00fade na proposi\u00e7\u00e3o de pol\u00edticas, programas e atividades referentes ao cuidado integral \u00e0s pessoas com TEA;<\/p>\n<p>&#8211; propor a atualiza\u00e7\u00e3o da linha de cuidado e das diretrizes de aten\u00e7\u00e3o \u00e0s pessoas com TEA e das diretrizes da estimula\u00e7\u00e3o precoce;<\/p>\n<p>&#8211; propor a revis\u00e3o da Caderneta da Crian\u00e7a, que traz informa\u00e7\u00f5es sobre autismo;<\/p>\n<p>&#8211; apoiar a elabora\u00e7\u00e3o de protocolos cl\u00ednicos e diretrizes terap\u00eauticas com finalidade de qualificar o diagn\u00f3stico de pessoas com TEA;<\/p>\n<p>&#8211; discutir a incorpora\u00e7\u00e3o de novas tecnologias para o cuidado de pessoas com TEA nos servi\u00e7os de sa\u00fade;<\/p>\n<p>&#8211; apoiar a elabora\u00e7\u00e3o de estudos para a incorpora\u00e7\u00e3o de medicamentos para autismo;<\/p>\n<p>&#8211; apoiar a elabora\u00e7\u00e3o de pesquisa r\u00e1pida de evid\u00eancias sobre efici\u00eancia\/efic\u00e1cia quanto ao uso de abordagens terap\u00eauticas para pessoas com TEA;<\/p>\n<p>&#8211; incentivar a qualifica\u00e7\u00e3o dos profissionais que atuam nos servi\u00e7os de sa\u00fade; e<\/p>\n<p>&#8211; apoiar a elabora\u00e7\u00e3o de estrat\u00e9gias de comunica\u00e7\u00e3o para o enfrentamento \u00e0s not\u00edcias falsas relacionadas ao TEA.<\/p>\n<p>De acordo com a portaria, os membros do grupo de trabalho e seus respectivos suplentes ser\u00e3o indicados no prazo de 15 dias. \u201cOs representantes ser\u00e3o indicados pelos titulares dos \u00f3rg\u00e3os, preferencialmente, a partir de crit\u00e9rios de qualifica\u00e7\u00e3o t\u00e9cnica e experi\u00eancia no campo das pol\u00edticas p\u00fablicas para pessoas com defici\u00eancia\u201d, define a portaria.<\/p>\n<p>\u201cO coordenador do grupo de trabalho poder\u00e1 convidar, sem direito a voto, representantes de outros \u00f3rg\u00e3os e entidades, p\u00fablicas ou privadas, bem como especialistas em assuntos afetos ao tema em discuss\u00e3o, cuja presen\u00e7a pontual seja considerada necess\u00e1ria ao cumprimento do disposto nesta portaria\u201d, esclarece.<\/p>\n<p>A previs\u00e3o \u00e9 que o grupo se re\u00fana em car\u00e1ter ordin\u00e1rio mensalmente e, em car\u00e1ter extraordin\u00e1rio, sempre que convocado pelo coordenador, durante o prazo de 365 dias, que poder\u00e1 ser prorrogado uma \u00fanica vez, por igual per\u00edodo.\u00a0<\/p>\n<p>O relat\u00f3rio final das atividades do grupo deve ser encaminhado ao ministro da Sa\u00fade, at\u00e9 30 dias ap\u00f3s a conclus\u00e3o dos trabalhos.<\/p>\n<\/p><\/div>\n<p><br \/>\n<br \/><a href=\"https:\/\/agenciabrasil.ebc.com.br\/saude\/noticia\/2024-07\/saude-cria-grupo-para-propor-acoes-de-cuidados-pessoas-com-autismo\" rel=\"noopener\">Ag\u00eancia Brasil <\/a><\/p>\n","protected":false},"excerpt":{"rendered":"<p>Portaria do Minist\u00e9rio da Sa\u00fade publicada nesta quinta-feira (4) no Di\u00e1rio Oficial da Uni\u00e3o institui grupo de trabalho sobre transtorno do espectro autista (TEA). A proposta \u00e9 estruturar a\u00e7\u00f5es integradas no \u00e2mbito da sa\u00fade para qualificar o cuidado integral a pessoas com TEA. Dentre as atribui\u00e7\u00f5es do grupo est\u00e3o: &#8211; assessorar tecnicamente a Secretaria de [&hellip;]<\/p>\n","protected":false},"author":1,"featured_media":9687,"comment_status":"open","ping_status":"open","sticky":false,"template":"","format":"standard","meta":{"_jetpack_newsletter_access":"","_jetpack_dont_email_post_to_subs":false,"_jetpack_newsletter_tier_id":0,"_jetpack_memberships_contains_paywalled_content":false,"_mbp_banners":[],"_jetpack_feature_clip_id":0,"_jetpack_memberships_contains_paid_content":false,"footnotes":"","jetpack_publicize_message":"","jetpack_publicize_feature_enabled":true,"jetpack_social_post_already_shared":true,"jetpack_social_options":{"image_generator_settings":{"template":"highway","default_image_id":0,"font":"","enabled":false},"version":2},"jetpack_post_was_ever_published":false},"categories":[15],"tags":[],"class_list":["post-9686","post","type-post","status-publish","format-standard","has-post-thumbnail","category-saude"],"jetpack_publicize_connections":[],"jetpack-related-posts":[],"jetpack_shortlink":"https:\/\/wp.me\/p7Eq1F-2we","jetpack_sharing_enabled":true,"jetpack_featured_media_url":"https:\/\/i0.wp.com\/guialimeira.com.br\/news\/wp-content\/uploads\/2024\/07\/autismo-_0.jpg?fit=1600%2C800&ssl=1","_links":{"self":[{"href":"https:\/\/guialimeira.com.br\/news\/wp-json\/wp\/v2\/posts\/9686","targetHints":{"allow":["GET"]}}],"collection":[{"href":"https:\/\/guialimeira.com.br\/news\/wp-json\/wp\/v2\/posts"}],"about":[{"href":"https:\/\/guialimeira.com.br\/news\/wp-json\/wp\/v2\/types\/post"}],"author":[{"embeddable":true,"href":"https:\/\/guialimeira.com.br\/news\/wp-json\/wp\/v2\/users\/1"}],"replies":[{"embeddable":true,"href":"https:\/\/guialimeira.com.br\/news\/wp-json\/wp\/v2\/comments?post=9686"}],"version-history":[{"count":0,"href":"https:\/\/guialimeira.com.br\/news\/wp-json\/wp\/v2\/posts\/9686\/revisions"}],"wp:featuredmedia":[{"embeddable":true,"href":"https:\/\/guialimeira.com.br\/news\/wp-json\/wp\/v2\/media\/9687"}],"wp:attachment":[{"href":"https:\/\/guialimeira.com.br\/news\/wp-json\/wp\/v2\/media?parent=9686"}],"wp:term":[{"taxonomy":"category","embeddable":true,"href":"https:\/\/guialimeira.com.br\/news\/wp-json\/wp\/v2\/categories?post=9686"},{"taxonomy":"post_tag","embeddable":true,"href":"https:\/\/guialimeira.com.br\/news\/wp-json\/wp\/v2\/tags?post=9686"}],"curies":[{"name":"wp","href":"https:\/\/api.w.org\/{rel}","templated":true}]}}