{"id":9681,"date":"2024-07-04T11:03:01","date_gmt":"2024-07-04T14:03:01","guid":{"rendered":"https:\/\/guialimeira.com.br\/2024\/07\/04\/rio-convoca-populacao-acima-de-5-anos-para-se-vacinar-contra-covid-19\/"},"modified":"2024-07-04T11:03:01","modified_gmt":"2024-07-04T14:03:01","slug":"rio-convoca-populacao-acima-de-5-anos-para-se-vacinar-contra-covid-19","status":"publish","type":"post","link":"https:\/\/guialimeira.com.br\/news\/rio-convoca-populacao-acima-de-5-anos-para-se-vacinar-contra-covid-19\/","title":{"rendered":"Rio convoca popula\u00e7\u00e3o acima de 5 anos para se vacinar contra covid-19"},"content":{"rendered":"<p> <br \/>\n<\/p>\n<div>\n<p>A cidade do Rio decidiu ampliar, excepcionalmente, a vacina\u00e7\u00e3o contra a variante XBB da covid-19 para toda a popula\u00e7\u00e3o acima de 5 anos de idade. A campanha ser\u00e1 feita apenas at\u00e9 este s\u00e1bado (6), a fim de que se possa aproveitar as doses do imunizante que vencer\u00e3o nessa data.<img data-recalc-dims=\"1\" decoding=\"async\" src=\"https:\/\/i0.wp.com\/agenciabrasil.ebc.com.br\/ebc.png?w=696&#038;ssl=1\" style=\"width:1px; height:1px; display:inline;\"\/><img data-recalc-dims=\"1\" decoding=\"async\" src=\"https:\/\/i0.wp.com\/agenciabrasil.ebc.com.br\/ebc.gif?w=696&#038;ssl=1\" style=\"width:1px; height:1px; display:inline;\"\/><\/p>\n<p>Para se imunizar, \u00e9 necess\u00e1rio ter tomado a \u00faltima dose da vacina contra a covid-19 h\u00e1 mais de um ano.<\/p>\n<p>No caso de crian\u00e7as de 6 meses a 4 anos de idade, a vacina continua sendo aplicada como imunizante de rotina.<\/p>\n<p>A prefeitura j\u00e1 estava aplicando a vacina contra a XBB desde o in\u00edcio de junho. Mas, no caso de pessoas com 5\u00a0anos ou mais, a imuniza\u00e7\u00e3o era apenas para grupos priorit\u00e1rios, que incluem idosos, pessoas com defici\u00eancia permanente e comorbidades, imunocomprometidos, ind\u00edgenas, pessoas em situa\u00e7\u00e3o de rua, gestantes, pu\u00e9rperas, trabalhadores de sa\u00fade e detentos\u00a0entre outros.<\/p>\n<p>Depois de s\u00e1bado (6), a imuniza\u00e7\u00e3o continuar\u00e1 sendo feita para esses grupos priorit\u00e1rios.<\/p>\n<p>A vacina\u00e7\u00e3o pode ser feita nas 238 cl\u00ednicas da fam\u00edlia e <a href=\"https:\/\/pcrj.maps.arcgis.com\/apps\/webappviewer\/index.html?id=014d8ab512a34f259bb27c8a13d4d65f\" target=\"_blank\" rel=\"noopener\">centros municipais de sa\u00fade<\/a> espalhados pela cidade e nos super centros cariocas de vacina\u00e7\u00e3o, em Botafogo e em Campo Grande.<\/p>\n<\/p><\/div>\n<p><br \/>\n<br \/><a href=\"https:\/\/agenciabrasil.ebc.com.br\/saude\/noticia\/2024-07\/rio-convoca-populacao-acima-de-5-anos-para-se-vacinar-contra-covid-19\" rel=\"noopener\">Ag\u00eancia Brasil <\/a><\/p>\n","protected":false},"excerpt":{"rendered":"<p>A cidade do Rio decidiu ampliar, excepcionalmente, a vacina\u00e7\u00e3o contra a variante XBB da covid-19 para toda a popula\u00e7\u00e3o acima de 5 anos de idade. A campanha ser\u00e1 feita apenas at\u00e9 este s\u00e1bado (6), a fim de que se possa aproveitar as doses do imunizante que vencer\u00e3o nessa data. Para se imunizar, \u00e9 necess\u00e1rio ter [&hellip;]<\/p>\n","protected":false},"author":1,"featured_media":9682,"comment_status":"open","ping_status":"open","sticky":false,"template":"","format":"standard","meta":{"_jetpack_newsletter_access":"","_jetpack_dont_email_post_to_subs":false,"_jetpack_newsletter_tier_id":0,"_jetpack_memberships_contains_paywalled_content":false,"_mbp_banners":[],"_jetpack_feature_clip_id":0,"_jetpack_memberships_contains_paid_content":false,"footnotes":"","jetpack_publicize_message":"","jetpack_publicize_feature_enabled":true,"jetpack_social_post_already_shared":true,"jetpack_social_options":{"image_generator_settings":{"template":"highway","default_image_id":0,"font":"","enabled":false},"version":2},"jetpack_post_was_ever_published":false},"categories":[15],"tags":[],"class_list":["post-9681","post","type-post","status-publish","format-standard","has-post-thumbnail","category-saude"],"jetpack_publicize_connections":[],"jetpack-related-posts":[],"jetpack_shortlink":"https:\/\/wp.me\/p7Eq1F-2w9","jetpack_sharing_enabled":true,"jetpack_featured_media_url":"https:\/\/i0.wp.com\/guialimeira.com.br\/news\/wp-content\/uploads\/2024\/07\/vacinacao_de_criancas_covid-19_ubs_5_de_taguatinga_sul_jfcrz_abr_1601220037.jpg?fit=1600%2C800&ssl=1","_links":{"self":[{"href":"https:\/\/guialimeira.com.br\/news\/wp-json\/wp\/v2\/posts\/9681","targetHints":{"allow":["GET"]}}],"collection":[{"href":"https:\/\/guialimeira.com.br\/news\/wp-json\/wp\/v2\/posts"}],"about":[{"href":"https:\/\/guialimeira.com.br\/news\/wp-json\/wp\/v2\/types\/post"}],"author":[{"embeddable":true,"href":"https:\/\/guialimeira.com.br\/news\/wp-json\/wp\/v2\/users\/1"}],"replies":[{"embeddable":true,"href":"https:\/\/guialimeira.com.br\/news\/wp-json\/wp\/v2\/comments?post=9681"}],"version-history":[{"count":0,"href":"https:\/\/guialimeira.com.br\/news\/wp-json\/wp\/v2\/posts\/9681\/revisions"}],"wp:featuredmedia":[{"embeddable":true,"href":"https:\/\/guialimeira.com.br\/news\/wp-json\/wp\/v2\/media\/9682"}],"wp:attachment":[{"href":"https:\/\/guialimeira.com.br\/news\/wp-json\/wp\/v2\/media?parent=9681"}],"wp:term":[{"taxonomy":"category","embeddable":true,"href":"https:\/\/guialimeira.com.br\/news\/wp-json\/wp\/v2\/categories?post=9681"},{"taxonomy":"post_tag","embeddable":true,"href":"https:\/\/guialimeira.com.br\/news\/wp-json\/wp\/v2\/tags?post=9681"}],"curies":[{"name":"wp","href":"https:\/\/api.w.org\/{rel}","templated":true}]}}