{"id":9678,"date":"2024-07-04T10:48:13","date_gmt":"2024-07-04T13:48:13","guid":{"rendered":"https:\/\/guialimeira.com.br\/2024\/07\/04\/secretaria-de-saude-de-limeira-atualiza-grupos-de-vacinacao-contra-covid-19\/"},"modified":"2024-07-04T10:48:13","modified_gmt":"2024-07-04T13:48:13","slug":"secretaria-de-saude-de-limeira-atualiza-grupos-de-vacinacao-contra-covid-19","status":"publish","type":"post","link":"https:\/\/guialimeira.com.br\/news\/secretaria-de-saude-de-limeira-atualiza-grupos-de-vacinacao-contra-covid-19\/","title":{"rendered":"Secretaria de Sa\u00fade de Limeira atualiza grupos de vacina\u00e7\u00e3o contra Covid-19"},"content":{"rendered":"<p> <br \/>\n<br \/><img data-recalc-dims=\"1\" decoding=\"async\" src=\"https:\/\/i0.wp.com\/ecrie.com.br\/sistema\/conteudos\/imagem\/m_137_0_1_04112023092716.jpg?w=696&#038;ssl=1\" \/><\/p>\n<p style=\"text-align: justify\">A Secretaria de Sa&uacute;de informa que a vacina&ccedil;&atilde;o contra Covid-19 segue em andamento em Limeira. No momento, a vacina que &eacute; aplicada na popula&ccedil;&atilde;o &eacute; a chamada monovalente, da fabricante Moderna. Confira abaixo os grupos que podem ser vacinados.<\/p>\n<p style=\"text-align: justify\">Crian&ccedil;as de seis meses a menores de 5 anos que ainda n&atilde;o foram vacinadas devem receber duas doses, com intervalo de quatro semanas entre cada. Crian&ccedil;as de seis meses a menores de 5 anos j&aacute; vacinadas anteriormente e aquelas que s&atilde;o imunocomprometidas devem tomar uma dose ap&oacute;s tr&ecirc;s meses da &uacute;ltima recebida.<\/p>\n<p style=\"text-align: justify\">Para a popula&ccedil;&atilde;o de 5 a 59 anos sem comorbidades e vacinada previamente, n&atilde;o &eacute; necess&aacute;ria a imuniza&ccedil;&atilde;o, conforme o Minist&eacute;rio da Sa&uacute;de. Pessoas maiores de 60 anos, imunocomprometidas maiores de 5 anos, gestantes e pu&eacute;rperas devem recebem duas doses, com intervalo seis meses.<\/p>\n<p style=\"text-align: justify\">Os demais grupos priorit&aacute;rios podem ser consultados em <a href=\"http:\/\/www.limeira.sp.gov.br\/vacinacao\" rel=\"noopener\">www.limeira.sp.gov.br\/vacinacao<\/a>.<\/p>\n<p style=\"text-align: justify\"><strong>HOR&Aacute;RIOS E LOCAIS<\/strong><\/p>\n<p style=\"text-align: justify\">A vacina&ccedil;&atilde;o contra Covid-19 est&aacute; dispon&iacute;vel de segunda a sexta-feira, das 8h &agrave;s 12h e das 13h &agrave;s 16h. Para crian&ccedil;as at&eacute; 11 anos, a imuniza&ccedil;&atilde;o ocorre nas Unidades B&aacute;sicas de Sa&uacute;de (UBSs) Novo Horizonte, Graminha, Nova Su&iacute;&ccedil;a, Ab&iacute;lio Pedro, Nova Limeira; e para maiores de 12 anos: Nossa Senhora das Dores 1, Planalto, Aeroporto, Pq. Hip&oacute;lito 1, Morro Azul, Nova Europa e Campo Belo, al&eacute;m do Ambulat&oacute;rio de Especialidades do Residencial Rubi.<\/p>\n<p><br \/>\n<br \/><a href=\"https:\/\/limeira.sp.gov.br\/secretaria-de-saude-de-limeira-atualiza-grupos-de-vacinacao-contra-covid-19\" rel=\"noopener\">Informa\u00e7\u00f5es da PML <\/a><\/p>\n","protected":false},"excerpt":{"rendered":"<p>A Secretaria de Sa&uacute;de informa que a vacina&ccedil;&atilde;o contra Covid-19 segue em andamento em Limeira. No momento, a vacina que &eacute; aplicada na popula&ccedil;&atilde;o &eacute; a chamada monovalente, da fabricante Moderna. Confira abaixo os grupos que podem ser vacinados. Crian&ccedil;as de seis meses a menores de 5 anos que ainda n&atilde;o foram vacinadas devem receber [&hellip;]<\/p>\n","protected":false},"author":1,"featured_media":3263,"comment_status":"open","ping_status":"open","sticky":false,"template":"","format":"standard","meta":{"_jetpack_newsletter_access":"","_jetpack_dont_email_post_to_subs":false,"_jetpack_newsletter_tier_id":0,"_jetpack_memberships_contains_paywalled_content":false,"_mbp_banners":[],"_jetpack_feature_clip_id":0,"_jetpack_memberships_contains_paid_content":false,"footnotes":"","jetpack_publicize_message":"","jetpack_publicize_feature_enabled":true,"jetpack_social_post_already_shared":true,"jetpack_social_options":{"image_generator_settings":{"template":"highway","default_image_id":0,"font":"","enabled":false},"version":2},"jetpack_post_was_ever_published":false},"categories":[16],"tags":[],"class_list":["post-9678","post","type-post","status-publish","format-standard","has-post-thumbnail","category-local"],"jetpack_publicize_connections":[],"jetpack-related-posts":[],"jetpack_shortlink":"https:\/\/wp.me\/p7Eq1F-2w6","jetpack_sharing_enabled":true,"jetpack_featured_media_url":"https:\/\/i0.wp.com\/guialimeira.com.br\/news\/wp-content\/uploads\/2024\/04\/m_137_0_1_04112023092716.jpg?fit=1280%2C852&ssl=1","_links":{"self":[{"href":"https:\/\/guialimeira.com.br\/news\/wp-json\/wp\/v2\/posts\/9678","targetHints":{"allow":["GET"]}}],"collection":[{"href":"https:\/\/guialimeira.com.br\/news\/wp-json\/wp\/v2\/posts"}],"about":[{"href":"https:\/\/guialimeira.com.br\/news\/wp-json\/wp\/v2\/types\/post"}],"author":[{"embeddable":true,"href":"https:\/\/guialimeira.com.br\/news\/wp-json\/wp\/v2\/users\/1"}],"replies":[{"embeddable":true,"href":"https:\/\/guialimeira.com.br\/news\/wp-json\/wp\/v2\/comments?post=9678"}],"version-history":[{"count":0,"href":"https:\/\/guialimeira.com.br\/news\/wp-json\/wp\/v2\/posts\/9678\/revisions"}],"wp:featuredmedia":[{"embeddable":true,"href":"https:\/\/guialimeira.com.br\/news\/wp-json\/wp\/v2\/media\/3263"}],"wp:attachment":[{"href":"https:\/\/guialimeira.com.br\/news\/wp-json\/wp\/v2\/media?parent=9678"}],"wp:term":[{"taxonomy":"category","embeddable":true,"href":"https:\/\/guialimeira.com.br\/news\/wp-json\/wp\/v2\/categories?post=9678"},{"taxonomy":"post_tag","embeddable":true,"href":"https:\/\/guialimeira.com.br\/news\/wp-json\/wp\/v2\/tags?post=9678"}],"curies":[{"name":"wp","href":"https:\/\/api.w.org\/{rel}","templated":true}]}}