{"id":9661,"date":"2024-07-03T22:54:07","date_gmt":"2024-07-04T01:54:07","guid":{"rendered":"https:\/\/guialimeira.com.br\/2024\/07\/03\/haddad-anuncia-r-259-bilhoes-em-cortes-de-despesas-obrigatorias\/"},"modified":"2024-07-03T22:54:07","modified_gmt":"2024-07-04T01:54:07","slug":"haddad-anuncia-r-259-bilhoes-em-cortes-de-despesas-obrigatorias","status":"publish","type":"post","link":"https:\/\/guialimeira.com.br\/news\/haddad-anuncia-r-259-bilhoes-em-cortes-de-despesas-obrigatorias\/","title":{"rendered":"Haddad anuncia R$ 25,9 bilh\u00f5es em cortes de despesas obrigat\u00f3rias"},"content":{"rendered":"<p> <br \/>\n<\/p>\n<div>\n<p>O ministro da Fazenda, Fernando Haddad, anunciou na noite desta quarta-feira (3), ap\u00f3s se reunir com o presidente Luiz In\u00e1cio Lula da Silva, no Pal\u00e1cio do Planalto, que o governo prepara um corte de R$ 25,9 bilh\u00f5es em despesas obrigat\u00f3rias que abrangem diversos minist\u00e9rios, para o projeto de lei or\u00e7ament\u00e1ria de 2025, que ser\u00e1 apresentado em agosto ao Congresso Nacional. O corte ainda poder\u00e1 ser parcialmente antecipado em contingenciamentos e bloqueios no or\u00e7amento deste ano.<img data-recalc-dims=\"1\" decoding=\"async\" src=\"https:\/\/i0.wp.com\/agenciabrasil.ebc.com.br\/ebc.png?w=696&#038;ssl=1\" style=\"width:1px; height:1px; display:inline;\"\/><img data-recalc-dims=\"1\" decoding=\"async\" src=\"https:\/\/i0.wp.com\/agenciabrasil.ebc.com.br\/ebc.gif?w=696&#038;ssl=1\" style=\"width:1px; height:1px; display:inline;\"\/><\/p>\n<p>&#8220;N\u00f3s j\u00e1 identificamos e o presidente autorizou levar \u00e0 frente, [o valor de] R$ 25,9 bilh\u00f5es de despesas obrigat\u00f3rias, que v\u00e3o ser cortadas depois que os minist\u00e9rios afetados sejam comunicados do limite que vai ser dado para a elabora\u00e7\u00e3o do Or\u00e7amento 2025. Isso foi feito com as equipes dos minist\u00e9rios, isso n\u00e3o \u00e9 um n\u00famero arbitr\u00e1rio. \u00c9 um n\u00famero que foi levantado, linha a linha do or\u00e7amento, daquilo que n\u00e3o se coaduna com os programas sociais que foram criados, para o ano que vem&#8221;, disse o ministro em declara\u00e7\u00e3o a jornalistas ap\u00f3s a reuni\u00e3o.<\/p>\n<p>O levantamento dos programas e benef\u00edcios que ser\u00e3o cortados foi realizado desde mar\u00e7o entre as equipes dos minist\u00e9rios da \u00e1rea fim e as pastas do Planejamento e da Fazenda. Al\u00e9m disso, bloqueios e contingenciamentos do or\u00e7amento atual ser\u00e3o anunciados ainda este m\u00eas, &#8220;que ser\u00e3o suficientes para o cumprimento do arcabou\u00e7o fiscal&#8221;, refor\u00e7ou o ministro.\u00a0<\/p>\n<p>Essas informa\u00e7\u00f5es ser\u00e3o detalhadas na apresenta\u00e7\u00e3o do pr\u00f3ximo Relat\u00f3rio de Despesas e Receitas, no dia 22 de julho. &#8220;Isso [bloqueio] est\u00e1 definido, vamos ter a ordem de grandeza nos pr\u00f3ximos dias, assim que a Receita Federal terminar seu trabalho&#8221;.<\/p>\n<p>Haddad refor\u00e7ou que o governo est\u00e1 empenhado, &#8220;a todo custo&#8221;, em cumprir os limites da lei que criou o arcabou\u00e7o fiscal.<\/p>\n<p>&#8220;A primeira coisa que o presidente determinou \u00e9 que cumpra-se o arcabou\u00e7o fiscal. Essa lei complementar foi aprovada no ano passado, a iniciativa foi do governo, com a participa\u00e7\u00e3o de todos os ministros. Portanto, n\u00e3o se discute isso. Inclusive, ela se integra \u00e0 Lei de Responsabilidade Fiscal. S\u00e3o leis que regulam as finan\u00e7as p\u00fablicas do Brasil e elas ser\u00e3o cumpridas&#8221;, destacou o ministro da Fazenda.<\/p>\n<p>A declara\u00e7\u00f5es de Fernando Haddad ocorrem um dia depois de o <a href=\"https:\/\/agenciabrasil.ebc.com.br\/economia\/noticia\/2024-07\/dolar-fecha-em-r-566-apos-superar-r-570-durante-o-dia\" rel=\"noopener\">d\u00f3lar disparar frente ao real<\/a>, na maior alta em cerca de um ano e meio, no contexto de alta das taxas de juros nos Estados Unidos e tamb\u00e9m das cr\u00edticas recentes do presidente brasileiro ao presidente do Banco Central, Roberto Campos Neto. Ao longo desta quarta, com <a href=\"https:\/\/agenciabrasil.ebc.com.br\/economia\/noticia\/2024-07\/haddad-atribui-recente-alta-do-dolar-muitos-ruidos\" rel=\"noopener\">novas manifesta\u00e7\u00f5es de Haddad<\/a>\u00a0e do <a href=\"https:\/\/agenciabrasil.ebc.com.br\/politica\/noticia\/2024-07\/pais-jamais-sera-irresponsavel-do-ponto-de-vista-fiscal-diz-lula\" rel=\"noopener\">pr\u00f3prio presidente Lula<\/a>, houve uma redu\u00e7\u00e3o do nervosismo no mercado financeiro e o d\u00f3lar baixou para R$ 5,56, revertendo uma cota\u00e7\u00e3o que chegou a encostar em R$ 5,70 no preg\u00e3o anterior.<\/p>\n<p>\u00a0<\/p>\n<\/p><\/div>\n<p><br \/>\n<br \/><a href=\"https:\/\/agenciabrasil.ebc.com.br\/economia\/noticia\/2024-07\/haddad-anuncia-r-259-bilhoes-em-cortes-de-despesas-obrigatorias\" rel=\"noopener\">Ag\u00eancia Brasil<\/a><\/p>\n","protected":false},"excerpt":{"rendered":"<p>O ministro da Fazenda, Fernando Haddad, anunciou na noite desta quarta-feira (3), ap\u00f3s se reunir com o presidente Luiz In\u00e1cio Lula da Silva, no Pal\u00e1cio do Planalto, que o governo prepara um corte de R$ 25,9 bilh\u00f5es em despesas obrigat\u00f3rias que abrangem diversos minist\u00e9rios, para o projeto de lei or\u00e7ament\u00e1ria de 2025, que ser\u00e1 apresentado [&hellip;]<\/p>\n","protected":false},"author":1,"featured_media":9662,"comment_status":"open","ping_status":"open","sticky":false,"template":"","format":"standard","meta":{"_jetpack_newsletter_access":"","_jetpack_dont_email_post_to_subs":false,"_jetpack_newsletter_tier_id":0,"_jetpack_memberships_contains_paywalled_content":false,"_mbp_banners":[],"_jetpack_feature_clip_id":0,"_jetpack_memberships_contains_paid_content":false,"footnotes":"","jetpack_publicize_message":"","jetpack_publicize_feature_enabled":true,"jetpack_social_post_already_shared":true,"jetpack_social_options":{"image_generator_settings":{"template":"highway","default_image_id":0,"font":"","enabled":false},"version":2},"jetpack_post_was_ever_published":false},"categories":[24],"tags":[],"class_list":["post-9661","post","type-post","status-publish","format-standard","has-post-thumbnail","category-economia"],"jetpack_publicize_connections":[],"jetpack-related-posts":[],"jetpack_shortlink":"https:\/\/wp.me\/p7Eq1F-2vP","jetpack_sharing_enabled":true,"jetpack_featured_media_url":"https:\/\/i0.wp.com\/guialimeira.com.br\/news\/wp-content\/uploads\/2024\/07\/20240702164125_0d7a7110.jpg?fit=1600%2C800&ssl=1","_links":{"self":[{"href":"https:\/\/guialimeira.com.br\/news\/wp-json\/wp\/v2\/posts\/9661","targetHints":{"allow":["GET"]}}],"collection":[{"href":"https:\/\/guialimeira.com.br\/news\/wp-json\/wp\/v2\/posts"}],"about":[{"href":"https:\/\/guialimeira.com.br\/news\/wp-json\/wp\/v2\/types\/post"}],"author":[{"embeddable":true,"href":"https:\/\/guialimeira.com.br\/news\/wp-json\/wp\/v2\/users\/1"}],"replies":[{"embeddable":true,"href":"https:\/\/guialimeira.com.br\/news\/wp-json\/wp\/v2\/comments?post=9661"}],"version-history":[{"count":0,"href":"https:\/\/guialimeira.com.br\/news\/wp-json\/wp\/v2\/posts\/9661\/revisions"}],"wp:featuredmedia":[{"embeddable":true,"href":"https:\/\/guialimeira.com.br\/news\/wp-json\/wp\/v2\/media\/9662"}],"wp:attachment":[{"href":"https:\/\/guialimeira.com.br\/news\/wp-json\/wp\/v2\/media?parent=9661"}],"wp:term":[{"taxonomy":"category","embeddable":true,"href":"https:\/\/guialimeira.com.br\/news\/wp-json\/wp\/v2\/categories?post=9661"},{"taxonomy":"post_tag","embeddable":true,"href":"https:\/\/guialimeira.com.br\/news\/wp-json\/wp\/v2\/tags?post=9661"}],"curies":[{"name":"wp","href":"https:\/\/api.w.org\/{rel}","templated":true}]}}