{"id":9654,"date":"2024-07-03T20:52:17","date_gmt":"2024-07-03T23:52:17","guid":{"rendered":"https:\/\/guialimeira.com.br\/2024\/07\/03\/dolar-cai-para-r-556-haddad-atribui-reducao-a-comunicacao-bem-feita\/"},"modified":"2024-07-03T20:52:17","modified_gmt":"2024-07-03T23:52:17","slug":"dolar-cai-para-r-556-haddad-atribui-reducao-a-comunicacao-bem-feita","status":"publish","type":"post","link":"https:\/\/guialimeira.com.br\/news\/dolar-cai-para-r-556-haddad-atribui-reducao-a-comunicacao-bem-feita\/","title":{"rendered":"D\u00f3lar cai para R$ 5,56; Haddad atribui redu\u00e7\u00e3o a comunica\u00e7\u00e3o bem-feita"},"content":{"rendered":"<p> <br \/>\n<\/p>\n<div>\n<p>Um dia ap\u00f3s aproximar-se de R$ 5,70, o d\u00f3lar teve forte queda ap\u00f3s declara\u00e7\u00f5es do presidente Luiz In\u00e1cio Lula da Silva\u00a0e do ministro da Fazenda, Fernando Haddad, e a redu\u00e7\u00e3o da gera\u00e7\u00e3o de empregos nos Estados Unidos. A bolsa de valores teve o terceiro dia consecutivo de alta.<img data-recalc-dims=\"1\" decoding=\"async\" src=\"https:\/\/i0.wp.com\/agenciabrasil.ebc.com.br\/ebc.png?w=696&#038;ssl=1\" style=\"width:1px; height:1px; display:inline;\"\/><img data-recalc-dims=\"1\" decoding=\"async\" src=\"https:\/\/i0.wp.com\/agenciabrasil.ebc.com.br\/ebc.gif?w=696&#038;ssl=1\" style=\"width:1px; height:1px; display:inline;\"\/><\/p>\n<p>O d\u00f3lar comercial encerrou esta quarta-feira (3) vendido a R$ 5,568, com queda de R$ 0,097 (-1,71%). A cota\u00e7\u00e3o operou em baixa durante toda a sess\u00e3o. Na m\u00ednima do dia, por volta das 14h, chegou a R$ 5,54.<\/p>\n<p>Essa foi a maior queda percentual di\u00e1ria da moeda norte-americana desde agosto de 2023. A divisa acumula alta de 14,73% em 2024.<\/p>\n<p>Ao sair para a reuni\u00e3o no Pal\u00e1cio do Planalto com a equipe econ\u00f4mica, o ministro da Casa Civil, Rui Costa, e o presidente Lula da Silva para debater medidas na \u00e1rea, Haddad, atribuiu a forte queda do d\u00f3lar \u00e0 melhoria da comunica\u00e7\u00e3o do governo. \u201cEu j\u00e1 tenho falado disso. Uma comunica\u00e7\u00e3o bem-feita melhora tudo\u201d, afirmou o ministro.<\/p>\n<p>No mercado de a\u00e7\u00f5es, o dia foi marcado pela recupera\u00e7\u00e3o. O \u00edndice Ibovespa, da B3, fechou aos 125.805 pontos, com alta de 0,82%. A\u00e7\u00f5es de mineradoras e de bancos puxaram a alta.<\/p>\n<p>Tanto fatores dom\u00e9sticos como externos contribu\u00edram para o al\u00edvio no mercado financeiro. A divulga\u00e7\u00e3o de que a cria\u00e7\u00e3o de empregos nos Estados Unidos diminuiu em junho animou os investidores. Isso porque abre espa\u00e7o para o Federal Reserve (Fed, Banco Central norte-americano) come\u00e7ar a cortar os juros da maior economia do planeta no segundo semestre.<\/p>\n<p>O clima interno, no entanto, pesou mais, com a mudan\u00e7a de tom das declara\u00e7\u00f5es do presidente. No lan\u00e7amento do Plano Safra, no Pal\u00e1cio do Planalto, Lula comprometeu-se com a busca do equil\u00edbrio das contas p\u00fablicas. \u201cResponsabilidade fiscal n\u00e3o s\u00e3o palavras, mas um compromisso deste governo desde 2003 [primeiro ano do primeiro mandato de Lula]\u201d, declarou o presidente.<\/p>\n<p>\u201cNo governo, aplicamos o dinheiro necess\u00e1rio. Gastamos com educa\u00e7\u00e3o e sa\u00fade no que for necess\u00e1rio, mas n\u00e3o jogamos dinheiro fora\u201d, disse Lula, que prometeu fazer uma pol\u00edtica econ\u00f4mica sem sobressaltos.<\/p>\n<p>Antes da reuni\u00e3o da Junta de Execu\u00e7\u00e3o Or\u00e7ament\u00e1ria, no in\u00edcio da noite, Haddad encontrou-se com Lula pela manh\u00e3 no Pal\u00e1cio da Alvorada para tratar do d\u00f3lar. Ap\u00f3s o encontro, o ministro repetiu <a href=\"https:\/\/agenciabrasil.ebc.com.br\/economia\/noticia\/2024-07\/haddad-atribui-recente-alta-do-dolar-muitos-ruidos\" target=\"_blank\" rel=\"noopener\">declara\u00e7\u00f5es<\/a> de que o c\u00e2mbio vai se acomodar e disse que o Banco Central tem autonomia.<\/p>\n<p>\u201cA diretoria tem autonomia para atuar como entender conveniente, n\u00e3o existe outra orienta\u00e7\u00e3o. Tem autonomia para atuar&#8221;, disse Haddad ap\u00f3s o lan\u00e7amento do Plano Safra.<\/p>\n<p><em>*Com informa\u00e7\u00f5es da Reuters<\/em><\/p>\n<\/p><\/div>\n<p><br \/>\n<br \/><a href=\"https:\/\/agenciabrasil.ebc.com.br\/economia\/noticia\/2024-07\/dolar-cai-para-r-556-haddad-atribui-reducao-comunicacao-bem-feita\" rel=\"noopener\">Ag\u00eancia Brasil<\/a><\/p>\n","protected":false},"excerpt":{"rendered":"<p>Um dia ap\u00f3s aproximar-se de R$ 5,70, o d\u00f3lar teve forte queda ap\u00f3s declara\u00e7\u00f5es do presidente Luiz In\u00e1cio Lula da Silva\u00a0e do ministro da Fazenda, Fernando Haddad, e a redu\u00e7\u00e3o da gera\u00e7\u00e3o de empregos nos Estados Unidos. A bolsa de valores teve o terceiro dia consecutivo de alta. O d\u00f3lar comercial encerrou esta quarta-feira (3) [&hellip;]<\/p>\n","protected":false},"author":1,"featured_media":9655,"comment_status":"open","ping_status":"open","sticky":false,"template":"","format":"standard","meta":{"_jetpack_newsletter_access":"","_jetpack_dont_email_post_to_subs":false,"_jetpack_newsletter_tier_id":0,"_jetpack_memberships_contains_paywalled_content":false,"_mbp_banners":[],"_jetpack_feature_clip_id":0,"_jetpack_memberships_contains_paid_content":false,"footnotes":"","jetpack_publicize_message":"","jetpack_publicize_feature_enabled":true,"jetpack_social_post_already_shared":true,"jetpack_social_options":{"image_generator_settings":{"template":"highway","default_image_id":0,"font":"","enabled":false},"version":2},"jetpack_post_was_ever_published":false},"categories":[24],"tags":[],"class_list":["post-9654","post","type-post","status-publish","format-standard","has-post-thumbnail","category-economia"],"jetpack_publicize_connections":[],"jetpack-related-posts":[],"jetpack_shortlink":"https:\/\/wp.me\/p7Eq1F-2vI","jetpack_sharing_enabled":true,"jetpack_featured_media_url":"https:\/\/i0.wp.com\/guialimeira.com.br\/news\/wp-content\/uploads\/2024\/07\/dolar_moeda_0803221212.jpg?fit=1600%2C800&ssl=1","_links":{"self":[{"href":"https:\/\/guialimeira.com.br\/news\/wp-json\/wp\/v2\/posts\/9654","targetHints":{"allow":["GET"]}}],"collection":[{"href":"https:\/\/guialimeira.com.br\/news\/wp-json\/wp\/v2\/posts"}],"about":[{"href":"https:\/\/guialimeira.com.br\/news\/wp-json\/wp\/v2\/types\/post"}],"author":[{"embeddable":true,"href":"https:\/\/guialimeira.com.br\/news\/wp-json\/wp\/v2\/users\/1"}],"replies":[{"embeddable":true,"href":"https:\/\/guialimeira.com.br\/news\/wp-json\/wp\/v2\/comments?post=9654"}],"version-history":[{"count":0,"href":"https:\/\/guialimeira.com.br\/news\/wp-json\/wp\/v2\/posts\/9654\/revisions"}],"wp:featuredmedia":[{"embeddable":true,"href":"https:\/\/guialimeira.com.br\/news\/wp-json\/wp\/v2\/media\/9655"}],"wp:attachment":[{"href":"https:\/\/guialimeira.com.br\/news\/wp-json\/wp\/v2\/media?parent=9654"}],"wp:term":[{"taxonomy":"category","embeddable":true,"href":"https:\/\/guialimeira.com.br\/news\/wp-json\/wp\/v2\/categories?post=9654"},{"taxonomy":"post_tag","embeddable":true,"href":"https:\/\/guialimeira.com.br\/news\/wp-json\/wp\/v2\/tags?post=9654"}],"curies":[{"name":"wp","href":"https:\/\/api.w.org\/{rel}","templated":true}]}}