{"id":9648,"date":"2024-07-03T20:29:04","date_gmt":"2024-07-03T23:29:04","guid":{"rendered":"https:\/\/guialimeira.com.br\/2024\/07\/03\/bia-haddad-e-dupla-de-rafael-matos-e-melo-avancam-em-wimbledon\/"},"modified":"2024-07-03T20:29:04","modified_gmt":"2024-07-03T23:29:04","slug":"bia-haddad-e-dupla-de-rafael-matos-e-melo-avancam-em-wimbledon","status":"publish","type":"post","link":"https:\/\/guialimeira.com.br\/news\/bia-haddad-e-dupla-de-rafael-matos-e-melo-avancam-em-wimbledon\/","title":{"rendered":"Bia Haddad e dupla de Rafael Matos e Melo avan\u00e7am em Wimbledon"},"content":{"rendered":"<p> <br \/>\n<\/p>\n<div>\n<p>Os tenistas brasileiros Beatriz Haddad e a dupla de Marcelo Melo com Rafael Matos avan\u00e7aram \u00e0 segunda rodada do Torneio de Wimbledon, Grand Slam brit\u00e2nico disputado no piso de grama. Bia foi a primeira a estrear nesta quarta-feira (3). N\u00famero 20 do mundo, a paulistana ganhou da polonesa Magdalena Frech (58\u00aa no ranking) por 2 sets a 0 \u2013 parciais de 7\/5 e 6\/3. \u00a0A brasileira j\u00e1 volta \u00e0 quadra nesta quinta (4), em hor\u00e1rio ainda a ser definido. A advers\u00e1ria ser\u00e1 a colombiana Camila Os\u00f3rio (84\u00aa).<img data-recalc-dims=\"1\" decoding=\"async\" src=\"https:\/\/i0.wp.com\/agenciabrasil.ebc.com.br\/ebc.png?w=696&#038;ssl=1\" style=\"width:1px; height:1px; display:inline;\"\/><img data-recalc-dims=\"1\" decoding=\"async\" src=\"https:\/\/i0.wp.com\/agenciabrasil.ebc.com.br\/ebc.gif?w=696&#038;ssl=1\" style=\"width:1px; height:1px; display:inline;\"\/><\/p>\n<blockquote class=\"twitter-tweet\">\n<p dir=\"ltr\" lang=\"pt\" xml:lang=\"pt\">Se tem Grand Slam acontecendo, tem vit\u00f3ria brasileira!<\/p>\n<p>Na primeira rodada da chave feminina, Bia Haddad bateu a polonesa Magdalena Fr\u0119ch, por 7\/5 6\/3<\/p>\n<p>Nas duplas masculinas, Rafael Matos e Marcelo Melo derrubaram os anfitri\u00f5es Jacob Fearnley e Jack Pinnington Jones, por 6\/4 7\/6 <a href=\"https:\/\/t.co\/J56zopYa7B\">pic.twitter.com\/J56zopYa7B<\/a><\/p>\n<p>\u2014 CBT (@cbtenis) <a href=\"https:\/\/twitter.com\/cbtenis\/status\/1808585552008204735?ref_src=twsrc%5Etfw\" rel=\"noopener\">July 3, 2024<\/a><\/p><\/blockquote>\n<blockquote>\n<p>&#8220;Foi um jogo duro, uma primeira rodada de Grand Slam contra uma advers\u00e1ria perigosa. Estou feliz com a minha atitude, com o esp\u00edrito de competitividade e principalmente por ter enfrentado os momentos duros com bastante coragem. Agora vou trabalhar o meu corpo, cuidar da minha cabe\u00e7a e me preparar para amanh\u00e3 para enfrentar a Camila Os\u00f3rio, que \u00e9 uma sul-americana tamb\u00e9m. \u00c9 muito especial ter duas sul-americanas se enfrentando num Grand Slam. Vai ser duro, mas me sinto preparada e competitiva\u201d, disse Bia, \u00a0logo ap\u00f3s a vit\u00f3ria em no Grand Slam de Londres.<\/p>\n<\/blockquote>\n<p>Antes da segunda rodada de simples feminina, Bia tem outra estreia pela frente, \u00e0s 7h (hor\u00e1rio de Bras\u00edlia) desta quinta (3). \u00a0A paulistana disputa a chave de duplas femininas ao lado da carioca Ingrid Gamarra Martins. Elas enfrentar\u00e3o as russas Irina Khromacheva e Kamilla Rakhimova.<\/p>\n<p>Na outra estreia exitosa do Brasil em Wimbledon, a dupla do mineiro Marcelo Melo com o ga\u00facho Rafael Matos levou a melhor sobre os brit\u00e2nicos Jacob Fearnley e Jack Pinnington Jones: vit\u00f3ria por 2 sets a 0 \u2013 parciais de 6\/4 e 7\/6 (7-5). \u00a0Os brasileiros disputam a segunda rodada na sexta-feira (5), contra \u00a0a parceria do colombiano Nicolas Barrientos com o \u00a0portugu\u00eas Francisco Cabral. O hor\u00e1rio do jogo segue indefinido.<\/p>\n<blockquote>\n<p>&#8220;Muito feliz aqui com a vit\u00f3ria. Acho que jogamos muito bem a primeira rodada. Sempre uma estreia de Grand Slam \u00e9 um pouco mais complicada, principalmente enfrentando dois brit\u00e2nicos, que t\u00eam o costume de jogar na grama. Eu e o Rafa jogamos bem na grama, tamb\u00e9m, nos torneios anteriores. Ent\u00e3o sab\u00edamos que ia ser um bom jogo&#8221;, revelou Marcelo, que iniciou em maio a parceria com Rafael, visando a Olimp\u00edada de Paris.<\/p>\n<\/blockquote>\n<p>Al\u00e9m do triunfo na grama londrina, Rafael Matos tamb\u00e9m comemorou a vaga ol\u00edmpica na disputa de duplas mistas. Ele competir\u00e1 ao lado de Luisa Stefani, com quem foi campe\u00e3o ano passado no Aberto da Austr\u00e1lia. A dupla mista brasileira estreia em Wimbledon na sexta (5), \u00e0s 7h, contra a parceria da norte-americana Desirae Krawcyk com o brit\u00e2nico Neal Skupski.<\/p>\n<blockquote class=\"twitter-tweet\">\n<p dir=\"ltr\" lang=\"pt\" xml:lang=\"pt\">Vai ter Lu e Rafa de novo em <a href=\"https:\/\/twitter.com\/Wimbledon?ref_src=twsrc%5Etfw\" rel=\"noopener\">@Wimbledon<\/a>!<\/p>\n<p>Os brasileiros j\u00e1 estavam confirmados nas duplas masculina e feminina e agora disputam juntos nas mistas<\/p>\n<p>No ano passado, a dupla faturou o t\u00edtulo do Australian Open na mesma categoria.<\/p>\n<p>VAMOS TORCER POR MAIS UM T\u00cdTULO \ud83d\udc9a\ud83d\udc9b\ud83d\udc99 <a href=\"https:\/\/t.co\/hZW2S7FEPV\">pic.twitter.com\/hZW2S7FEPV<\/a><\/p>\n<p>\u2014 CBT (@cbtenis) <a href=\"https:\/\/twitter.com\/cbtenis\/status\/1808529653193187509?ref_src=twsrc%5Etfw\" rel=\"noopener\">July 3, 2024<\/a><\/p><\/blockquote>\n<h2>Brasileiros em Wimbledon<\/h2>\n<p><strong>Quinta (4)<\/strong><\/p>\n<p>7h &#8211;\u00a0 Bia Haddad e Ingrid Gamarra Martins x Irina Khromacheva e Kamilla Rakhimova (R\u00fassia) \u00a0<\/p>\n<p>7h \u2013 Luisa Stefani e Demi Schuurs (Holanda) x Olivia Nicholls (Reino Unido) e \u00a0Tereza Mihalikova.(Eslovp\u00e1quia)<\/p>\n<p>8h15 &#8211; Marcelo Demoliner e Daniil Medvedev (R\u00fassia) x Alekandrs Nedovyesov (Cazaquist\u00e3o) e Gonzalo Escobar (Equador)<\/p>\n<p>10h15 &#8211; Thiago Wild x Holger Hune (Dinamarca) &#8211; segunda rodada<\/p>\n<p><strong>Sexta (5)<\/strong><\/p>\n<p>7h \u2013 Luisa Sefani e Rafael Matos x Desirae Krawcyk (EUA) e Neal Skupski (Reino Unido)<\/p>\n<\/p><\/div>\n<p><script async src=\"\/\/platform.twitter.com\/widgets.js\" charset=\"utf-8\"><\/script><br \/>\n<br \/><br \/>\n<br \/><a href=\"https:\/\/agenciabrasil.ebc.com.br\/esportes\/noticia\/2024-07\/bia-haddad-e-dupla-de-rafael-matos-e-melo-avancam-em-wimbledon\" rel=\"noopener\">Ag\u00eancia Brasil<\/a><\/p>\n","protected":false},"excerpt":{"rendered":"<p>Os tenistas brasileiros Beatriz Haddad e a dupla de Marcelo Melo com Rafael Matos avan\u00e7aram \u00e0 segunda rodada do Torneio de Wimbledon, Grand Slam brit\u00e2nico disputado no piso de grama. Bia foi a primeira a estrear nesta quarta-feira (3). N\u00famero 20 do mundo, a paulistana ganhou da polonesa Magdalena Frech (58\u00aa no ranking) por 2 [&hellip;]<\/p>\n","protected":false},"author":1,"featured_media":4435,"comment_status":"open","ping_status":"open","sticky":false,"template":"","format":"standard","meta":{"_jetpack_newsletter_access":"","_jetpack_dont_email_post_to_subs":false,"_jetpack_newsletter_tier_id":0,"_jetpack_memberships_contains_paywalled_content":false,"_mbp_banners":[],"_jetpack_feature_clip_id":0,"_jetpack_memberships_contains_paid_content":false,"footnotes":"","jetpack_publicize_message":"","jetpack_publicize_feature_enabled":true,"jetpack_social_post_already_shared":true,"jetpack_social_options":{"image_generator_settings":{"template":"highway","default_image_id":0,"font":"","enabled":false},"version":2},"jetpack_post_was_ever_published":false},"categories":[23],"tags":[],"class_list":["post-9648","post","type-post","status-publish","format-standard","has-post-thumbnail","category-esportes"],"jetpack_publicize_connections":[],"jetpack-related-posts":[],"jetpack_shortlink":"https:\/\/wp.me\/p7Eq1F-2vC","jetpack_sharing_enabled":true,"jetpack_featured_media_url":"https:\/\/i0.wp.com\/guialimeira.com.br\/news\/wp-content\/uploads\/2024\/05\/captura_de_tela_2024-05-09_175945.jpg?fit=1600%2C800&ssl=1","_links":{"self":[{"href":"https:\/\/guialimeira.com.br\/news\/wp-json\/wp\/v2\/posts\/9648","targetHints":{"allow":["GET"]}}],"collection":[{"href":"https:\/\/guialimeira.com.br\/news\/wp-json\/wp\/v2\/posts"}],"about":[{"href":"https:\/\/guialimeira.com.br\/news\/wp-json\/wp\/v2\/types\/post"}],"author":[{"embeddable":true,"href":"https:\/\/guialimeira.com.br\/news\/wp-json\/wp\/v2\/users\/1"}],"replies":[{"embeddable":true,"href":"https:\/\/guialimeira.com.br\/news\/wp-json\/wp\/v2\/comments?post=9648"}],"version-history":[{"count":0,"href":"https:\/\/guialimeira.com.br\/news\/wp-json\/wp\/v2\/posts\/9648\/revisions"}],"wp:featuredmedia":[{"embeddable":true,"href":"https:\/\/guialimeira.com.br\/news\/wp-json\/wp\/v2\/media\/4435"}],"wp:attachment":[{"href":"https:\/\/guialimeira.com.br\/news\/wp-json\/wp\/v2\/media?parent=9648"}],"wp:term":[{"taxonomy":"category","embeddable":true,"href":"https:\/\/guialimeira.com.br\/news\/wp-json\/wp\/v2\/categories?post=9648"},{"taxonomy":"post_tag","embeddable":true,"href":"https:\/\/guialimeira.com.br\/news\/wp-json\/wp\/v2\/tags?post=9648"}],"curies":[{"name":"wp","href":"https:\/\/api.w.org\/{rel}","templated":true}]}}