{"id":9646,"date":"2024-07-03T19:51:08","date_gmt":"2024-07-03T22:51:08","guid":{"rendered":"https:\/\/guialimeira.com.br\/2024\/07\/03\/favaro-diz-que-nao-ve-necessidade-de-leilao-de-arroz-neste-momento\/"},"modified":"2024-07-03T19:51:08","modified_gmt":"2024-07-03T22:51:08","slug":"favaro-diz-que-nao-ve-necessidade-de-leilao-de-arroz-neste-momento","status":"publish","type":"post","link":"https:\/\/guialimeira.com.br\/news\/favaro-diz-que-nao-ve-necessidade-de-leilao-de-arroz-neste-momento\/","title":{"rendered":"F\u00e1varo diz que n\u00e3o v\u00ea necessidade de leil\u00e3o de arroz, neste momento"},"content":{"rendered":"<p> <br \/>\n<\/p>\n<div>\n<p>O ministro da Agricultura e Pecu\u00e1ria, Carlos F\u00e1varo, disse nesta quarta-feira (3) que n\u00e3o v\u00ea, neste momento, necessidade de o governo realizar um novo leil\u00e3o para a compra de arroz importado. Segundo ele, os pre\u00e7os do produto j\u00e1 voltaram a cair, ap\u00f3s uma alta relacionada \u00e0s enchentes no Rio Grande do Sul.<img data-recalc-dims=\"1\" decoding=\"async\" src=\"https:\/\/i0.wp.com\/agenciabrasil.ebc.com.br\/ebc.png?w=696&#038;ssl=1\" style=\"width:1px; height:1px; display:inline;\"\/><img data-recalc-dims=\"1\" decoding=\"async\" src=\"https:\/\/i0.wp.com\/agenciabrasil.ebc.com.br\/ebc.gif?w=696&#038;ssl=1\" style=\"width:1px; height:1px; display:inline;\"\/><\/p>\n<p>\u201cO fato real \u00e9 que o arroz j\u00e1 deu grandes demonstra\u00e7\u00f5es de queda de pre\u00e7o, tem arroz at\u00e9 abaixo de R$ 20, o arroz agulhinha de cinco quilos em algumas pra\u00e7as. E isso atende \u00e0 necessidade de controle inflacion\u00e1rio. Ent\u00e3o, eu vejo que, neste momento, n\u00e3o se faz necess\u00e1rio outro leil\u00e3o de arroz, e sim o est\u00edmulo a produzir mais\u201d, disse, ap\u00f3s o lan\u00e7amento do Plano Safra para a agricultura empresarial, no Pal\u00e1cio do Planalto.<\/p>\n<p>No m\u00eas passado, o governo realizou um <a href=\"https:\/\/agenciabrasil.ebc.com.br\/geral\/noticia\/2024-06\/governo-anula-leilao-e-cancela-compra-de-arroz-importado\" target=\"_blank\" rel=\"noopener\">leil\u00e3o p\u00fablico para a compra<\/a> de arroz importado, mas a licita\u00e7\u00e3o foi anulada devido a questionamentos sobre a capacidade t\u00e9cnica e financeira das empresas vencedoras.<\/p>\n<p>Segundo o ministro, o edital para um novo leil\u00e3o est\u00e1 pronto e, se houver nova alta de pre\u00e7os, ele pode ser retomado.<\/p>\n<blockquote>\n<p>\u201cSe os pre\u00e7os voltarem a subir sem nenhuma objetividade, medidas podem ser tomadas inclusive o leil\u00e3o, mas eu quero crer que n\u00f3s encontraremos outra alternativa que n\u00e3o o leil\u00e3o.\u201d\u00a0<\/p>\n<\/blockquote>\n<p>O objetivo da compra p\u00fablica, segundo o governo, seria garantir o abastecimento e estabilizar os pre\u00e7os do produto no mercado interno, que tiveram uma alta de at\u00e9 100%, ap\u00f3s as inunda\u00e7\u00f5es no Rio Grande do Sul em abril e maio deste ano. O estado \u00e9 respons\u00e1vel por cerca de 70% da produ\u00e7\u00e3o do arroz consumido no pa\u00eds.<\/p>\n<p>Mais cedo, o ministro do Desenvolvimento Agr\u00e1rio e Agricultura Familiar, Paulo Teixeira, disse que a <a href=\"https:\/\/agenciabrasil.ebc.com.br\/politica\/noticia\/2024-07\/ministro-diz-que-presidente-decidira-sobre-leilao-para-importar-arroz\" target=\"_blank\" rel=\"noopener\">decis\u00e3o sobre a realiza\u00e7\u00e3o da compra p\u00fablica<\/a> \u00e9 do presidente Luiz In\u00e1cio Lula da Silva.<\/p>\n<p>O governo lan\u00e7ou hoje, o Plano Safra 2024\/2025 para o <a href=\"https:\/\/agenciabrasil.ebc.com.br\/economia\/noticia\/2024-07\/plano-safra-para-grandes-produtores-rurais-soma-r-400-bilhoes-em-2024\" target=\"_blank\" rel=\"noopener\">financiamento da agropecu\u00e1ria empresarial<\/a> no pa\u00eds, que somam recursos totais de R$ 400,59 bilh\u00f5es. <a href=\"https:\/\/agenciabrasil.ebc.com.br\/economia\/noticia\/2024-07\/agricultura-familiar-tera-r-76-bi-para-producao-de-alimentos\" target=\"_blank\" rel=\"noopener\">Tamb\u00e9m foi lan\u00e7ado mais cedo<\/a> o Plano Safra da Agricultura Familiar 2024\/2025, com R$ 76 bilh\u00f5es destinados ao cr\u00e9dito rural no \u00e2mbito do Programa Nacional de Fortalecimento da Agricultura Familiar (Pronaf).<\/p>\n<p>\u00a0<\/p>\n<\/p><\/div>\n<p><br \/>\n<br \/><a href=\"https:\/\/agenciabrasil.ebc.com.br\/economia\/noticia\/2024-07\/favaro-diz-que-nao-ve-necessidade-de-leilao-de-arroz-neste-momento\" rel=\"noopener\">Ag\u00eancia Brasil<\/a><\/p>\n","protected":false},"excerpt":{"rendered":"<p>O ministro da Agricultura e Pecu\u00e1ria, Carlos F\u00e1varo, disse nesta quarta-feira (3) que n\u00e3o v\u00ea, neste momento, necessidade de o governo realizar um novo leil\u00e3o para a compra de arroz importado. Segundo ele, os pre\u00e7os do produto j\u00e1 voltaram a cair, ap\u00f3s uma alta relacionada \u00e0s enchentes no Rio Grande do Sul. \u201cO fato real [&hellip;]<\/p>\n","protected":false},"author":1,"featured_media":9647,"comment_status":"open","ping_status":"open","sticky":false,"template":"","format":"standard","meta":{"_jetpack_newsletter_access":"","_jetpack_dont_email_post_to_subs":false,"_jetpack_newsletter_tier_id":0,"_jetpack_memberships_contains_paywalled_content":false,"_mbp_banners":[],"_jetpack_feature_clip_id":0,"_jetpack_memberships_contains_paid_content":false,"footnotes":"","jetpack_publicize_message":"","jetpack_publicize_feature_enabled":true,"jetpack_social_post_already_shared":true,"jetpack_social_options":{"image_generator_settings":{"template":"highway","default_image_id":0,"font":"","enabled":false},"version":2},"jetpack_post_was_ever_published":false},"categories":[24],"tags":[],"class_list":["post-9646","post","type-post","status-publish","format-standard","has-post-thumbnail","category-economia"],"jetpack_publicize_connections":[],"jetpack-related-posts":[],"jetpack_shortlink":"https:\/\/wp.me\/p7Eq1F-2vA","jetpack_sharing_enabled":true,"jetpack_featured_media_url":"https:\/\/i0.wp.com\/guialimeira.com.br\/news\/wp-content\/uploads\/2024\/07\/20240702180450_0d7a7221.jpg?fit=1600%2C800&ssl=1","_links":{"self":[{"href":"https:\/\/guialimeira.com.br\/news\/wp-json\/wp\/v2\/posts\/9646","targetHints":{"allow":["GET"]}}],"collection":[{"href":"https:\/\/guialimeira.com.br\/news\/wp-json\/wp\/v2\/posts"}],"about":[{"href":"https:\/\/guialimeira.com.br\/news\/wp-json\/wp\/v2\/types\/post"}],"author":[{"embeddable":true,"href":"https:\/\/guialimeira.com.br\/news\/wp-json\/wp\/v2\/users\/1"}],"replies":[{"embeddable":true,"href":"https:\/\/guialimeira.com.br\/news\/wp-json\/wp\/v2\/comments?post=9646"}],"version-history":[{"count":0,"href":"https:\/\/guialimeira.com.br\/news\/wp-json\/wp\/v2\/posts\/9646\/revisions"}],"wp:featuredmedia":[{"embeddable":true,"href":"https:\/\/guialimeira.com.br\/news\/wp-json\/wp\/v2\/media\/9647"}],"wp:attachment":[{"href":"https:\/\/guialimeira.com.br\/news\/wp-json\/wp\/v2\/media?parent=9646"}],"wp:term":[{"taxonomy":"category","embeddable":true,"href":"https:\/\/guialimeira.com.br\/news\/wp-json\/wp\/v2\/categories?post=9646"},{"taxonomy":"post_tag","embeddable":true,"href":"https:\/\/guialimeira.com.br\/news\/wp-json\/wp\/v2\/tags?post=9646"}],"curies":[{"name":"wp","href":"https:\/\/api.w.org\/{rel}","templated":true}]}}