{"id":9630,"date":"2024-07-03T16:48:17","date_gmt":"2024-07-03T19:48:17","guid":{"rendered":"https:\/\/guialimeira.com.br\/2024\/07\/03\/rio-voltara-a-ter-bolsa-de-valores-depois-de-20-anos\/"},"modified":"2024-07-03T16:48:17","modified_gmt":"2024-07-03T19:48:17","slug":"rio-voltara-a-ter-bolsa-de-valores-depois-de-20-anos","status":"publish","type":"post","link":"https:\/\/guialimeira.com.br\/news\/rio-voltara-a-ter-bolsa-de-valores-depois-de-20-anos\/","title":{"rendered":"Rio voltar\u00e1 a ter Bolsa de Valores depois de 20 anos"},"content":{"rendered":"<p> <br \/>\n<\/p>\n<div>\n<p>O Rio de Janeiro ser\u00e1 novamente sede de uma Bolsa de Valores. O an\u00fancio foi feito pelo prefeito Eduardo Paes e pelo CEO (diretor-executivo) do <em>Americas Trading Group (ATG)<\/em>, Claudio Pracownik, nesta ter\u00e7a-feira (3), na sede da Associa\u00e7\u00e3o Comercial da cidade. A previs\u00e3o \u00e9 que comece a operar no segundo semestre de 2025. O prefeito, durante a cerim\u00f4nia, sancionou a lei municipal que incentiva a instala\u00e7\u00e3o da institui\u00e7\u00e3o.<img data-recalc-dims=\"1\" decoding=\"async\" src=\"https:\/\/i0.wp.com\/agenciabrasil.ebc.com.br\/ebc.png?w=696&#038;ssl=1\" style=\"width:1px; height:1px; display:inline;\"\/><img data-recalc-dims=\"1\" decoding=\"async\" src=\"https:\/\/i0.wp.com\/agenciabrasil.ebc.com.br\/ebc.gif?w=696&#038;ssl=1\" style=\"width:1px; height:1px; display:inline;\"\/><\/p>\n<p>\u201cO Rio tem uma parte importante da for\u00e7a econ\u00f4mica do Brasil: a Vale est\u00e1 aqui, a Globo est\u00e1 aqui, a teledramaturgia da Record est\u00e1 no Rio. Mas onde est\u00e1 o setor produtivo? A gente tem um monte de coisas interessantes acontecendo no setor privado do Rio, mas a gente n\u00e3o consegue levantar essa turma. A volta da Bolsa de Valores \u00e9 a ponta do <em>iceberg<\/em>. \u00c9 o esfor\u00e7o do governador, prefeito, atores pol\u00edticos. O setor privado percebeu que tem uma concorr\u00eancia a ser feita com S\u00e3o Paulo. Come\u00e7amos a criar um ambiente econ\u00f4mico, um conjunto de atrativos e de novos mercados que surgir\u00e3o\u201d, afirmou o prefeito.<\/p>\n<p>O Projeto de Lei 3276\/2024, de iniciativa da prefeitura municipal, foi aprovado pela C\u00e2mara de Vereadores no dia 25 de junho, com 37 votos a favor e 5 contra. Com a nova regra, cai para 2% o Imposto sobre Servi\u00e7os de qualquer natureza (ISS) que incide sobre as atividades a serem desempenhadas por uma Bolsa de Valores, Mercadorias e Futuros, bem como sobre as atividades exercidas por sociedades que atuam na negocia\u00e7\u00e3o, liquida\u00e7\u00e3o e cust\u00f3dia de ativos financeiros. Faz mais de 20 anos que houve o encerramento das atividades da Bolsa de Valores do Rio de Janeiro (BVRJ).<\/p>\n<h2>Retomada da economia<\/h2>\n<p>\u201cA gente recupera esse s\u00edmbolo de retomada da economia da cidade do Rio de Janeiro\u201d, comemorou o secret\u00e1rio municipal de Desenvolvimento Urbano e Econ\u00f4mico, Chic\u00e3o Bulh\u00f5es. Ele destacou a import\u00e2ncia do mercado financeiro para a economia carioca: \u201c\u00c9 o quarto maior pagador de ISS da cidade, mais de um bilh\u00e3o e meio de reais.\u00a0S\u00e3o quase 70 mil pessoas trabalhando no setor, que, com a Bolsa, vai ganhar uma nova dimens\u00e3o, atraindo mais investidores para c\u00e1\u201d, disse.<\/p>\n<p>Claudio Pracownik, CEO do <em>Americas Trading Group (ATG)<\/em>, destacou que a cria\u00e7\u00e3o de uma segunda Bolsa de Valores no pa\u00eds \u2013 a outra fica em S\u00e3o Paulo &#8211; \u00e9 um sinal de maturidade do mercado de capitais, contribuindo para que o Brasil seja visto de forma mais positiva pelos investidores, principalmente os internacionais. Ele acrescenta que a exist\u00eancia de concorr\u00eancia traz efici\u00eancia, redu\u00e7\u00e3o de riscos e pavimenta a cria\u00e7\u00e3o de novos produtos. O executivo tamb\u00e9m salientou que a sede da nova bolsa brasileira no Rio trar\u00e1 benef\u00edcios para toda a regi\u00e3o.<\/p>\n<p>\u201cA nova bolsa ter\u00e1 sua sede administrativa no Rio de Janeiro. Isso \u00e9 muito importante para a cidade e para o estado. O Rio voltar\u00e1 a ser um grande centro de neg\u00f3cios, atraindo investidores, e isso tem uma relev\u00e2ncia enorme. N\u00f3s esperamos que este seja o marco inicial do renascimento do mercado financeiro no Rio\u201d, resumiu Claudio.<\/p>\n<p>\u00a0O setor financeiro, no tri\u00eanio 2021-2023, foi o quarto maior pagador de impostos (ISS) do Rio, com R$ 1,5 bilh\u00e3o. Os dados s\u00e3o da Secretaria Municipal de Fazenda e Planejamento, compilados pela Secretaria Municipal de Desenvolvimento Urbano e Econ\u00f4mico. Esse montante representou 9,1% da arrecada\u00e7\u00e3o total.<\/p>\n<p>O setor conta com 68,5 mil trabalhadores (3,7% dos trabalhadores cariocas), gerando 2,7 mil novos empregos entre 2021-2023. Al\u00e9m disso, o trabalhador do setor financeiro carioca ganha R$ 9,5 mil por m\u00eas, um valor bem superior \u00e0 m\u00e9dia do trabalhador brasileiro (R$ 3,8 mil por m\u00eas).<\/p>\n<p>\u201cO Rio possui mais de quatro mil fundos, o que representa 17,6% do total do Brasil. Em termos de patrim\u00f4nio gerido, o Rio mostra ser um forte mercado, que re\u00fane R$ 2,2 trilh\u00f5es sob gest\u00e3o, o que representa 34% dos valores investidos no pa\u00eds, reunindo 22,6% dos cotistas, com 1,1 milh\u00e3o de investidores e 20,4% das assets (gestoras de fundos). Esses dados constam no estudo Setor Financeiro do Rio\u201d, afirma a prefeitura.<\/p>\n<\/p><\/div>\n<p><br \/>\n<br \/><a href=\"https:\/\/agenciabrasil.ebc.com.br\/economia\/noticia\/2024-07\/rio-voltara-ter-bolsa-de-valores-depois-de-20-anos\" rel=\"noopener\">Ag\u00eancia Brasil<\/a><\/p>\n","protected":false},"excerpt":{"rendered":"<p>O Rio de Janeiro ser\u00e1 novamente sede de uma Bolsa de Valores. O an\u00fancio foi feito pelo prefeito Eduardo Paes e pelo CEO (diretor-executivo) do Americas Trading Group (ATG), Claudio Pracownik, nesta ter\u00e7a-feira (3), na sede da Associa\u00e7\u00e3o Comercial da cidade. A previs\u00e3o \u00e9 que comece a operar no segundo semestre de 2025. O prefeito, [&hellip;]<\/p>\n","protected":false},"author":1,"featured_media":9631,"comment_status":"open","ping_status":"open","sticky":false,"template":"","format":"standard","meta":{"_jetpack_newsletter_access":"","_jetpack_dont_email_post_to_subs":false,"_jetpack_newsletter_tier_id":0,"_jetpack_memberships_contains_paywalled_content":false,"_mbp_banners":[],"_jetpack_feature_clip_id":0,"_jetpack_memberships_contains_paid_content":false,"footnotes":"","jetpack_publicize_message":"","jetpack_publicize_feature_enabled":true,"jetpack_social_post_already_shared":true,"jetpack_social_options":{"image_generator_settings":{"template":"highway","default_image_id":0,"font":"","enabled":false},"version":2},"jetpack_post_was_ever_published":false},"categories":[24],"tags":[],"class_list":["post-9630","post","type-post","status-publish","format-standard","has-post-thumbnail","category-economia"],"jetpack_publicize_connections":[],"jetpack-related-posts":[],"jetpack_shortlink":"https:\/\/wp.me\/p7Eq1F-2vk","jetpack_sharing_enabled":true,"jetpack_featured_media_url":"https:\/\/i0.wp.com\/guialimeira.com.br\/news\/wp-content\/uploads\/2024\/07\/2021-10-19t201842z_764099265_rc25dq96eak9_rtrmadp_3_brazil-economy.jpg?fit=1600%2C800&ssl=1","_links":{"self":[{"href":"https:\/\/guialimeira.com.br\/news\/wp-json\/wp\/v2\/posts\/9630","targetHints":{"allow":["GET"]}}],"collection":[{"href":"https:\/\/guialimeira.com.br\/news\/wp-json\/wp\/v2\/posts"}],"about":[{"href":"https:\/\/guialimeira.com.br\/news\/wp-json\/wp\/v2\/types\/post"}],"author":[{"embeddable":true,"href":"https:\/\/guialimeira.com.br\/news\/wp-json\/wp\/v2\/users\/1"}],"replies":[{"embeddable":true,"href":"https:\/\/guialimeira.com.br\/news\/wp-json\/wp\/v2\/comments?post=9630"}],"version-history":[{"count":0,"href":"https:\/\/guialimeira.com.br\/news\/wp-json\/wp\/v2\/posts\/9630\/revisions"}],"wp:featuredmedia":[{"embeddable":true,"href":"https:\/\/guialimeira.com.br\/news\/wp-json\/wp\/v2\/media\/9631"}],"wp:attachment":[{"href":"https:\/\/guialimeira.com.br\/news\/wp-json\/wp\/v2\/media?parent=9630"}],"wp:term":[{"taxonomy":"category","embeddable":true,"href":"https:\/\/guialimeira.com.br\/news\/wp-json\/wp\/v2\/categories?post=9630"},{"taxonomy":"post_tag","embeddable":true,"href":"https:\/\/guialimeira.com.br\/news\/wp-json\/wp\/v2\/tags?post=9630"}],"curies":[{"name":"wp","href":"https:\/\/api.w.org\/{rel}","templated":true}]}}