{"id":9623,"date":"2024-07-03T16:27:05","date_gmt":"2024-07-03T19:27:05","guid":{"rendered":"https:\/\/guialimeira.com.br\/2024\/07\/03\/mes-do-meio-ambiente-encerra-com-saldo-positivo-823-pessoas-sao-impactadas-pelas-acoes\/"},"modified":"2024-07-03T16:27:05","modified_gmt":"2024-07-03T19:27:05","slug":"mes-do-meio-ambiente-encerra-com-saldo-positivo-823-pessoas-sao-impactadas-pelas-acoes","status":"publish","type":"post","link":"https:\/\/guialimeira.com.br\/news\/mes-do-meio-ambiente-encerra-com-saldo-positivo-823-pessoas-sao-impactadas-pelas-acoes\/","title":{"rendered":"M\u00eas do Meio Ambiente encerra com saldo positivo: 823\u00a0pessoas s\u00e3o impactadas pelas a\u00e7\u00f5es"},"content":{"rendered":"<p> <br \/>\n<br \/><img data-recalc-dims=\"1\" decoding=\"async\" src=\"https:\/\/i0.wp.com\/ecrie.com.br\/sistema\/conteudos\/imagem\/m_137_0_1_03072024161342.jpg?w=696&#038;ssl=1\" \/><\/p>\n<p>Com diversas atividades educativas, o&nbsp;M&ecirc;s do Meio Ambiente 2024&nbsp;dedicou-se &agrave; conscientiza&ccedil;&atilde;o da necessidade de preserva&ccedil;&atilde;o dos recursos naturais e da biodiversidade. Ao longo de junho, foram realizadas 12 tipos de a&ccedil;&otilde;es, alcan&ccedil;ando um total de 823&nbsp;pessoas. Toda a programa&ccedil;&atilde;o foi desenvolvida pela Secretaria de Meio Ambiente e Agricultura de Limeira.<\/p>\n<p>O destaque ficou por conta da doa&ccedil;&atilde;o de mudas, em que 650 unidades de esp&eacute;cies nativas foram levadas pela popula&ccedil;&atilde;o. Os estandes de doa&ccedil;&atilde;o foram montados em diferentes locais, desde bairros rurais at&eacute; a movimentada Pra&ccedil;a Toledo Barros.<\/p>\n<p>Boa parte das atividades envolveu alunos da Rede Municipal. Eles visitaram a Casa Ecol&oacute;gica do Horto Florestal, participaram de trilha ecol&oacute;gica e conheceram o Viveiro de Mudas. O roteiro incluiu at&eacute; a explora&ccedil;&atilde;o das nascentes da cidade e palestras sobre preven&ccedil;&atilde;o aos maus-tratos de animais dom&eacute;sticos e silvestres.&nbsp;<\/p>\n<p>A Blitz Educativa tamb&eacute;m apresentou bons resultados. Mais de 150 pessoas&nbsp;motoristas passaram pela blitz e receberam folhetos informativos sobre a necessidade de preserva&ccedil;&atilde;o ambiental, descarte correto de lixo e de inserv&iacute;veis, al&eacute;m dos problemas ocasionados pelas queimadas.<\/p>\n<p>O secret&aacute;rio de Meio Ambiente&nbsp;e Agricultura, Reinaldo Buck Belussi, avaliou positivamente o M&ecirc;s do Meio Ambiente 2024, destacando o sucesso das atividades educativas&nbsp;e o alcance na comunidade. &#8220;Estamos fortalecendo nosso compromisso com a preserva&ccedil;&atilde;o ambiental, essencial para garantir um futuro sustent&aacute;vel e promover a qualidade de vida das futuras gera&ccedil;&otilde;es&#8221;, frisou.<\/p>\n<p><br \/>\n<br \/><a href=\"https:\/\/limeira.sp.gov.br\/mes-do-meio-ambiente-encerra-com-saldo-positivo-823pessoas-sao-impactadas-pelas-acoes\" rel=\"noopener\">Informa\u00e7\u00f5es da PML <\/a><\/p>\n","protected":false},"excerpt":{"rendered":"<p>Com diversas atividades educativas, o&nbsp;M&ecirc;s do Meio Ambiente 2024&nbsp;dedicou-se &agrave; conscientiza&ccedil;&atilde;o da necessidade de preserva&ccedil;&atilde;o dos recursos naturais e da biodiversidade. Ao longo de junho, foram realizadas 12 tipos de a&ccedil;&otilde;es, alcan&ccedil;ando um total de 823&nbsp;pessoas. Toda a programa&ccedil;&atilde;o foi desenvolvida pela Secretaria de Meio Ambiente e Agricultura de Limeira. O destaque ficou por conta [&hellip;]<\/p>\n","protected":false},"author":1,"featured_media":9624,"comment_status":"open","ping_status":"open","sticky":false,"template":"","format":"standard","meta":{"_jetpack_newsletter_access":"","_jetpack_dont_email_post_to_subs":false,"_jetpack_newsletter_tier_id":0,"_jetpack_memberships_contains_paywalled_content":false,"_mbp_banners":[],"_jetpack_feature_clip_id":0,"_jetpack_memberships_contains_paid_content":false,"footnotes":"","jetpack_publicize_message":"","jetpack_publicize_feature_enabled":true,"jetpack_social_post_already_shared":true,"jetpack_social_options":{"image_generator_settings":{"template":"highway","default_image_id":0,"font":"","enabled":false},"version":2},"jetpack_post_was_ever_published":false},"categories":[16],"tags":[],"class_list":["post-9623","post","type-post","status-publish","format-standard","has-post-thumbnail","category-local"],"jetpack_publicize_connections":[],"jetpack-related-posts":[],"jetpack_shortlink":"https:\/\/wp.me\/p7Eq1F-2vd","jetpack_sharing_enabled":true,"jetpack_featured_media_url":"https:\/\/i0.wp.com\/guialimeira.com.br\/news\/wp-content\/uploads\/2024\/07\/m_137_0_1_03072024161342.jpg?fit=900%2C506&ssl=1","_links":{"self":[{"href":"https:\/\/guialimeira.com.br\/news\/wp-json\/wp\/v2\/posts\/9623","targetHints":{"allow":["GET"]}}],"collection":[{"href":"https:\/\/guialimeira.com.br\/news\/wp-json\/wp\/v2\/posts"}],"about":[{"href":"https:\/\/guialimeira.com.br\/news\/wp-json\/wp\/v2\/types\/post"}],"author":[{"embeddable":true,"href":"https:\/\/guialimeira.com.br\/news\/wp-json\/wp\/v2\/users\/1"}],"replies":[{"embeddable":true,"href":"https:\/\/guialimeira.com.br\/news\/wp-json\/wp\/v2\/comments?post=9623"}],"version-history":[{"count":0,"href":"https:\/\/guialimeira.com.br\/news\/wp-json\/wp\/v2\/posts\/9623\/revisions"}],"wp:featuredmedia":[{"embeddable":true,"href":"https:\/\/guialimeira.com.br\/news\/wp-json\/wp\/v2\/media\/9624"}],"wp:attachment":[{"href":"https:\/\/guialimeira.com.br\/news\/wp-json\/wp\/v2\/media?parent=9623"}],"wp:term":[{"taxonomy":"category","embeddable":true,"href":"https:\/\/guialimeira.com.br\/news\/wp-json\/wp\/v2\/categories?post=9623"},{"taxonomy":"post_tag","embeddable":true,"href":"https:\/\/guialimeira.com.br\/news\/wp-json\/wp\/v2\/tags?post=9623"}],"curies":[{"name":"wp","href":"https:\/\/api.w.org\/{rel}","templated":true}]}}