{"id":9616,"date":"2024-07-03T14:42:07","date_gmt":"2024-07-03T17:42:07","guid":{"rendered":"https:\/\/guialimeira.com.br\/2024\/07\/03\/saude-amplia-vacinacao-contra-o-hpv-para-quem-usa-prep\/"},"modified":"2024-07-03T14:42:07","modified_gmt":"2024-07-03T17:42:07","slug":"saude-amplia-vacinacao-contra-o-hpv-para-quem-usa-prep","status":"publish","type":"post","link":"https:\/\/guialimeira.com.br\/news\/saude-amplia-vacinacao-contra-o-hpv-para-quem-usa-prep\/","title":{"rendered":"Sa\u00fade amplia vacina\u00e7\u00e3o contra o HPV para quem usa PrEP"},"content":{"rendered":"<p> <br \/>\n<\/p>\n<div>\n<p>Usu\u00e1rios da chamada profilaxia pr\u00e9-exposi\u00e7\u00e3o (PrEP) ao HIV, com idades entre 15 e 45 anos, passaram a integrar o p\u00fablico-alvo para vacina\u00e7\u00e3o contra o HPV no Brasil.<a href=\"https:\/\/www.gov.br\/saude\/pt-br\/centrais-de-conteudo\/publicacoes\/notas-tecnicas\/2024\/nota-tecnica-conjunta-no-101-2024-cgici-dpni-svsa-ms\" target=\"_blank\" rel=\"noopener\"> A orienta\u00e7\u00e3o consta em nota t\u00e9cnica<\/a> publicada nesta quarta-feira (3) pelo Minist\u00e9rio da Sa\u00fade.<img data-recalc-dims=\"1\" decoding=\"async\" src=\"https:\/\/i0.wp.com\/agenciabrasil.ebc.com.br\/ebc.png?w=696&#038;ssl=1\" style=\"width:1px; height:1px; display:inline;\"\/><img data-recalc-dims=\"1\" decoding=\"async\" src=\"https:\/\/i0.wp.com\/agenciabrasil.ebc.com.br\/ebc.gif?w=696&#038;ssl=1\" style=\"width:1px; height:1px; display:inline;\"\/><\/p>\n<p>Segundo o documento, o grupo deve receber a vacina quadrivalente (HPV4), que protege contra os tipos 6, 11, 16 e 18 do v\u00edrus. Nesse caso, o esquema indicado \u00e9 de tr\u00eas doses, com intervalos de dois meses ap\u00f3s a primeira e de quatro meses ap\u00f3s a segunda.<\/p>\n<p>Usu\u00e1rios de PrEP com esquema completo de vacina\u00e7\u00e3o contra o HPV n\u00e3o devem ser imunizados novamente. J\u00e1 usu\u00e1rios de PrEP que j\u00e1 foram imunizados contra o HPV, mas est\u00e3o com esquema incompleto, devem completar as tr\u00eas doses.<\/p>\n<p>Para ser imunizado, basta procurar uma sala de vacina da rede p\u00fablica e apresentar algum tipo de comprova\u00e7\u00e3o de que faz PrEP, incluindo formul\u00e1rio de prescri\u00e7\u00e3o do imunizante, prescri\u00e7\u00e3o de PrEP, cart\u00e3o de seguimento ou mesmo o pr\u00f3prio medicamento.<\/p>\n<h2>Quem pode tomar<\/h2>\n<p>At\u00e9 ent\u00e3o, o p\u00fablico-alvo para vacina\u00e7\u00e3o contra o HPV inclu\u00eda:<\/p>\n<p>&#8211; crian\u00e7as e adolescentes de 9 e 14 anos, com esquema de dose \u00fanica;<\/p>\n<p>&#8211; indiv\u00edduos imunocomprometidos de 9 a 45 anos, incluindo pessoas que vivem com HIV e Aids, pacientes oncol\u00f3gicos e transplantados, com esquema de tr\u00eas doses;<\/p>\n<p>&#8211; pessoas de 15 a 45 anos v\u00edtimas de viol\u00eancia sexual, com esquema de duas doses para os de 9 a 14 anos (intervalo de seis meses entre elas) e de tr\u00eas doses para os de 15 a 45 anos (intervalos de dois meses ap\u00f3s a primeira e de quatro meses ap\u00f3s a segunda).<\/p>\n<p>O Minist\u00e9rio da Sa\u00fade informou que \u201coportunizar o acesso \u00e0 vacina HPV4 para usu\u00e1rios de profilaxia pr\u00e9-exposi\u00e7\u00e3o de risco \u00e0 infec\u00e7\u00e3o pelo HIV pode ser considerada uma a\u00e7\u00e3o com impacto na preven\u00e7\u00e3o das neoplasias relacionadas ao HPV, principalmente o c\u00e2ncer anal, nas popula\u00e7\u00f5es que s\u00e3o desproporcionalmente afetadas por essas neoplasias\u201d.<\/p>\n<p>A nota t\u00e9cnica esclarece que estudos realizados na Fran\u00e7a, por exemplo, apontam alta preval\u00eancia de HPV em usu\u00e1rios de PrEP. \u201cDestaca-se, ainda, que a oferta da vacina HPV aos usu\u00e1rios de PrEP amplia o acesso \u00e0 preven\u00e7\u00e3o e ao tratamento das IST [infec\u00e7\u00f5es sexualmente transmiss\u00edveis] aplicadas no \u00e2mbito individual e coletivo\u201d.<\/p>\n<p>\u201cA amplia\u00e7\u00e3o do p\u00fablico-alvo para vacina\u00e7\u00e3o, aos usu\u00e1rios de PrEP, sem preju\u00edzo \u00e0 popula\u00e7\u00e3o inicialmente coberta pela indica\u00e7\u00e3o da vacina \u00e9 fundamental para preven\u00e7\u00e3o dos c\u00e2nceres diversos causados pelo HPV\u201d, conclui o documento.<\/p>\n<h2>PrEP<\/h2>\n<p>A profilaxia pr\u00e9-exposi\u00e7\u00e3o ao HIV consiste na tomada de medicamentos antirretrovirais de forma preventiva, com a finalidade de permitir ao organismo estar preparado para enfrentar um poss\u00edvel contato com o v\u00edrus. A estrat\u00e9gia come\u00e7ou a ser oferecida pelo Sistema \u00danico de Sa\u00fade (SUS) no fim de 2017.<\/p>\n<p>No Brasil, a PrEP est\u00e1 indicada para pessoas a partir de 15 anos, com peso corporal maior ou igual a 35 quilos, sexualmente ativas e que apresentam risco aumentado para infec\u00e7\u00e3o por HIV.<\/p>\n<p>O minist\u00e9rio cita como &#8220;popula\u00e7\u00f5es-chave&#8221; para PrEP: gays e homens que fazem sexo com homens (HSH), trabalhadoras do sexo, pessoas privadas de liberdade, pessoas trans e pessoas que usam \u00e1lcool e outras drogas. Menciona, ainda, como &#8220;popula\u00e7\u00e3o priorit\u00e1ria&#8221; para PrEP: negros, adolescentes e jovens, ind\u00edgenas e pessoas em situa\u00e7\u00e3o de rua.<\/p>\n<div class=\"dnd-widget-wrapper context-cheio_8colunas type-image\">\n<div class=\"dnd-atom-rendered\"><!-- scald=335710:cheio_8colunas --><\/p>\n<div class=\"shadow overflow-hidden rounded-lg d-block w-100\">\n            <img data-recalc-dims=\"1\" decoding=\"async\" src=\"https:\/\/i0.wp.com\/agenciabrasil.ebc.com.br\/sites\/default\/files\/thumbnails\/image\/loading_v2.gif?w=696&#038;ssl=1\" data-echo=\"https:\/\/imagens.ebc.com.br\/tXNgDBHWThttNVvZtcQulz36rOI=\/754x0\/smart\/https:\/\/agenciabrasil.ebc.com.br\/sites\/default\/files\/thumbnails\/image\/prep_acabamento.gif?itok=otrKhr4K\" alt=\"Arte Ag\u00eancia BRasil para mat\u00e9ria sobre profilaxia pr\u00e9-exposi\u00e7\u00e3o. PREP\" title=\"Arte\/Ag\u00eancia Brasil\" class=\"flex-fill img-cover\"\/><br \/>\n        <img data-recalc-dims=\"1\" decoding=\"async\" src=\"https:\/\/i0.wp.com\/imagens.ebc.com.br\/tXNgDBHWThttNVvZtcQulz36rOI%3D\/754x0\/smart\/https%3A\/\/agenciabrasil.ebc.com.br\/sites\/default\/files\/thumbnails\/image\/prep_acabamento.gif?w=696&#038;ssl=1\" alt=\"Arte Ag\u00eancia BRasil para mat\u00e9ria sobre profilaxia pr\u00e9-exposi\u00e7\u00e3o. PREP\" title=\"Arte\/Ag\u00eancia Brasil\" class=\"flex-fill img-cover\"\/>\n    <\/div>\n<p><!-- END scald=335710 --><\/div>\n<\/div>\n<p>No servi\u00e7o p\u00fablico, a PrEP pode ser prescrita por enfermeiros, farmac\u00eauticos e m\u00e9dicos da aten\u00e7\u00e3o prim\u00e1ria \u00e0 sa\u00fade ou de servi\u00e7os especializados. Existem, atualmente, 939 unidades dispensadoras da profilaxia em 540 munic\u00edpios brasileiros.<\/p>\n<p>Dados do minist\u00e9rio indicam que, em mar\u00e7o de 2024, cerca de 85 mil pessoas estavam em uso de PrEP no pa\u00eds, sendo 82% HSH; 3,2% mulheres trans\/travestis; e 6,7% homens cisg\u00eaneros (termo usado para definir pessoas que se identificam com o g\u00eanero ao qual est\u00e1 associado o sexo biol\u00f3gico).<\/p>\n<h2>HPV<\/h2>\n<p>O papilomav\u00edrus humano (HPV) \u00e9 uma infec\u00e7\u00e3o sexualmente transmiss\u00edvel associada a verrugas anogenitais e ao desenvolvimento de c\u00e2nceres como de colo do \u00fatero, vulva, p\u00eanis, \u00e2nus e orofaringe. A transmiss\u00e3o tamb\u00e9m pode acontecer por meio do contato direto com pele ou mucosa infectada e, portanto, mesmo na aus\u00eancia de penetra\u00e7\u00e3o vaginal ou anal.<\/p>\n<p>Majoritariamente, a infec\u00e7\u00e3o por HPV tem resolu\u00e7\u00e3o espont\u00e2nea no prazo de um a dois anos ap\u00f3s a exposi\u00e7\u00e3o. A infec\u00e7\u00e3o persistente, entretanto, pode evoluir para quadros de c\u00e2ncer.<\/p>\n<p>Dentre os 12 tipos oncog\u00eanicos descritos de HPV, o 16 e o 18 s\u00e3o respons\u00e1veis por cerca de 70% dos casos de c\u00e2ncer de colo de \u00fatero e mais da metade dos demais c\u00e2nceres relacionados ao v\u00edrus, enquanto os tipos 6 e 11 respondem por cerca de 90% dos casos de verrugas genitais.<\/p>\n<p>O minist\u00e9rio alerta que a infec\u00e7\u00e3o por um determinado tipo viral n\u00e3o impede a infec\u00e7\u00e3o por outros tipos de HPV, quadro caracterizado como infec\u00e7\u00e3o m\u00faltipla.<\/p>\n<\/p><\/div>\n<p><br \/>\n<br \/><a href=\"https:\/\/agenciabrasil.ebc.com.br\/saude\/noticia\/2024-07\/saude-amplia-vacinacao-contra-o-hpv-para-usuarios-de-prep\" rel=\"noopener\">Ag\u00eancia Brasil <\/a><\/p>\n","protected":false},"excerpt":{"rendered":"<p>Usu\u00e1rios da chamada profilaxia pr\u00e9-exposi\u00e7\u00e3o (PrEP) ao HIV, com idades entre 15 e 45 anos, passaram a integrar o p\u00fablico-alvo para vacina\u00e7\u00e3o contra o HPV no Brasil. A orienta\u00e7\u00e3o consta em nota t\u00e9cnica publicada nesta quarta-feira (3) pelo Minist\u00e9rio da Sa\u00fade. Segundo o documento, o grupo deve receber a vacina quadrivalente (HPV4), que protege contra [&hellip;]<\/p>\n","protected":false},"author":1,"featured_media":9617,"comment_status":"open","ping_status":"open","sticky":false,"template":"","format":"standard","meta":{"_jetpack_newsletter_access":"","_jetpack_dont_email_post_to_subs":false,"_jetpack_newsletter_tier_id":0,"_jetpack_memberships_contains_paywalled_content":false,"_mbp_banners":[],"_jetpack_feature_clip_id":0,"_jetpack_memberships_contains_paid_content":false,"footnotes":"","jetpack_publicize_message":"","jetpack_publicize_feature_enabled":true,"jetpack_social_post_already_shared":true,"jetpack_social_options":{"image_generator_settings":{"template":"highway","default_image_id":0,"font":"","enabled":false},"version":2},"jetpack_post_was_ever_published":false},"categories":[15],"tags":[],"class_list":["post-9616","post","type-post","status-publish","format-standard","has-post-thumbnail","category-saude"],"jetpack_publicize_connections":[],"jetpack-related-posts":[],"jetpack_shortlink":"https:\/\/wp.me\/p7Eq1F-2v6","jetpack_sharing_enabled":true,"jetpack_featured_media_url":"https:\/\/i0.wp.com\/guialimeira.com.br\/news\/wp-content\/uploads\/2024\/07\/fiocruz_20061005_vinicius_marinho_00498.jpg?fit=1600%2C800&ssl=1","_links":{"self":[{"href":"https:\/\/guialimeira.com.br\/news\/wp-json\/wp\/v2\/posts\/9616","targetHints":{"allow":["GET"]}}],"collection":[{"href":"https:\/\/guialimeira.com.br\/news\/wp-json\/wp\/v2\/posts"}],"about":[{"href":"https:\/\/guialimeira.com.br\/news\/wp-json\/wp\/v2\/types\/post"}],"author":[{"embeddable":true,"href":"https:\/\/guialimeira.com.br\/news\/wp-json\/wp\/v2\/users\/1"}],"replies":[{"embeddable":true,"href":"https:\/\/guialimeira.com.br\/news\/wp-json\/wp\/v2\/comments?post=9616"}],"version-history":[{"count":0,"href":"https:\/\/guialimeira.com.br\/news\/wp-json\/wp\/v2\/posts\/9616\/revisions"}],"wp:featuredmedia":[{"embeddable":true,"href":"https:\/\/guialimeira.com.br\/news\/wp-json\/wp\/v2\/media\/9617"}],"wp:attachment":[{"href":"https:\/\/guialimeira.com.br\/news\/wp-json\/wp\/v2\/media?parent=9616"}],"wp:term":[{"taxonomy":"category","embeddable":true,"href":"https:\/\/guialimeira.com.br\/news\/wp-json\/wp\/v2\/categories?post=9616"},{"taxonomy":"post_tag","embeddable":true,"href":"https:\/\/guialimeira.com.br\/news\/wp-json\/wp\/v2\/tags?post=9616"}],"curies":[{"name":"wp","href":"https:\/\/api.w.org\/{rel}","templated":true}]}}