{"id":9603,"date":"2024-07-03T12:23:07","date_gmt":"2024-07-03T15:23:07","guid":{"rendered":"https:\/\/guialimeira.com.br\/2024\/07\/03\/prefeitura-abre-inscricoes-para-cursos-na-area-de-ciencia-de-dados\/"},"modified":"2024-07-03T12:23:07","modified_gmt":"2024-07-03T15:23:07","slug":"prefeitura-abre-inscricoes-para-cursos-na-area-de-ciencia-de-dados","status":"publish","type":"post","link":"https:\/\/guialimeira.com.br\/news\/prefeitura-abre-inscricoes-para-cursos-na-area-de-ciencia-de-dados\/","title":{"rendered":"Prefeitura abre inscri\u00e7\u00f5es para cursos na \u00e1rea de Ci\u00eancia de Dados"},"content":{"rendered":"<p> <br \/>\n<br \/><img data-recalc-dims=\"1\" decoding=\"async\" src=\"https:\/\/i0.wp.com\/ecrie.com.br\/sistema\/conteudos\/imagem\/m_137_0_1_03072024112229.jpeg?w=696&#038;ssl=1\" \/><\/p>\n<p style=\"text-align: justify\" align=\"justify\">A Prefeitura de Limeira, por meio da parceria entre Fundo Social, Ceprosom e Senai, abre na sexta-feira (5) inscri&ccedil;&otilde;es para os cursos Fundamentos de Ci&ecirc;ncias de Dados &#8211; Google Cloud e &#8220;Implanta&ccedil;&atilde;o de servi&ccedil;os de nuvem Google Cloud Foundations&#8221;.<\/p>\n<p style=\"text-align: justify\" align=\"justify\"> Os interessados devem comparecer ao N&uacute;cleo de Inclus&atilde;o Socioprodutiva (Nisp), localizado no N&uacute;cleo de Atendimento ao Cidad&atilde;o (NAC), na Av. Dr. Lauro Corr&ecirc;a da Silva, 3.800, entre 8h e 17h. Para matricular-se, &eacute; necess&aacute;rio ter, no m&iacute;nimo 14 anos, ensino fundamental completo, no&ccedil;&otilde;es b&aacute;sicas de inform&aacute;tica e apresentar originais e c&oacute;pias do RG, CPF, comprovante de endere&ccedil;o e de escolaridade.<\/p>\n<p style=\"text-align: justify\" align=\"justify\"> Pessoas com idade entre 14 e 17 anos devem, obrigatoriamente, comparecer com o respons&aacute;vel, que tamb&eacute;m precisa apresentar original e c&oacute;pia do RG e CPF.<\/p>\n<p style=\"text-align: justify\" align=\"justify\"> As inscri&ccedil;&otilde;es seguem at&eacute; o preenchimento das 28 vagas dispon&iacute;veis em cada curso, que ser&aacute; por ordem de chegada. Mais informa&ccedil;&otilde;es podem ser obtidas pelos telefones 3404-6209 (fixo e Whatsapp), 3404-6210 e 3404-6225.<\/p>\n<p style=\"text-align: justify\" align=\"justify\"> AULAS <\/p>\n<p style=\"text-align: justify\" align=\"justify\">O curso &#8220;Fundamentos de Ci&ecirc;ncia de Dados &#8211; Google Cloud&#8221; visa desenvolver capacidades que possibilitem a implementa&ccedil;&atilde;o de servi&ccedil;os de ci&ecirc;ncia de dados em<br \/> nuvem, utilizando m&eacute;todos, processos, algoritmos e sistemas na extra&ccedil;&atilde;o de conhecimento e insights a partir de dados p&uacute;blicos e privados.<\/p>\n<p style=\"text-align: justify\" align=\"justify\"> As aulas ser&atilde;o ministradas na sala de inform&aacute;tica do NAC &agrave;s segundas, ter&ccedil;as, quintas e sextas-feiras, das 13h &agrave;s 17h, entre os dias 22 e 29 de julho.<\/p>\n<p style=\"text-align: justify\" align=\"justify\"> J&aacute; o curso &#8220;Implanta&ccedil;&atilde;o de servi&ccedil;os de nuvem Google Cloud Foundations&#8221; busca preparar o estudante para certifica&ccedil;&otilde;es &#8220;Cloud Digital Leader&#8221;, permitindo articular os recursos dos principais produtos e servi&ccedil;os do Google Cloud, desenvolvendo capacidades para implementar servi&ccedil;os de armazenamento e an&aacute;lise de dados, utilizando as principais tecnologias da &aacute;rea dispon&iacute;veis nos servi&ccedil;os de nuvem.<\/p>\n<p style=\"text-align: justify\" align=\"justify\"> As aulas ser&atilde;o ministradas na sala de inform&aacute;tica do NAC &agrave;s segundas, ter&ccedil;as, quintas e sextas-feiras, das 13h &agrave;s 17h, entre os dias 1&ordm; e 16 de agosto.<\/p>\n<p style=\"text-align: justify\" align=\"justify\"> SERVI&Ccedil;O<\/p>\n<p> Inscri&ccedil;&otilde;es para os cursos Fundamentos de Ci&ecirc;ncia de Dados &#8211; Google Cloud e &#8220;Implanta&ccedil;&atilde;o de servi&ccedil;os de nuvem Google Cloud Foundations&#8221;.<\/p>\n<p style=\"text-align: justify\" align=\"justify\">&nbsp;<\/p>\n<p style=\"text-align: justify\" align=\"justify\">A partir de 5 de julho (sexta-feira)<\/p>\n<p style=\"text-align: justify\" align=\"justify\">8h e 17h<\/p>\n<p style=\"text-align: justify\" align=\"justify\">Nisp &#8211; Av. Dr. Lauro Corr&ecirc;a da Silva, n&ordm; 3.800<\/p>\n<p><br \/>\n<br \/><a href=\"https:\/\/limeira.sp.gov.br\/prefeitura-abre-inscricoes-para-cursos-na-area-de-ciencia-de-dados\" rel=\"noopener\">Informa\u00e7\u00f5es da PML <\/a><\/p>\n","protected":false},"excerpt":{"rendered":"<p>A Prefeitura de Limeira, por meio da parceria entre Fundo Social, Ceprosom e Senai, abre na sexta-feira (5) inscri&ccedil;&otilde;es para os cursos Fundamentos de Ci&ecirc;ncias de Dados &#8211; Google Cloud e &#8220;Implanta&ccedil;&atilde;o de servi&ccedil;os de nuvem Google Cloud Foundations&#8221;. Os interessados devem comparecer ao N&uacute;cleo de Inclus&atilde;o Socioprodutiva (Nisp), localizado no N&uacute;cleo de Atendimento ao [&hellip;]<\/p>\n","protected":false},"author":1,"featured_media":9604,"comment_status":"open","ping_status":"open","sticky":false,"template":"","format":"standard","meta":{"_jetpack_newsletter_access":"","_jetpack_dont_email_post_to_subs":false,"_jetpack_newsletter_tier_id":0,"_jetpack_memberships_contains_paywalled_content":false,"_mbp_banners":[],"_jetpack_feature_clip_id":0,"_jetpack_memberships_contains_paid_content":false,"footnotes":"","jetpack_publicize_message":"","jetpack_publicize_feature_enabled":true,"jetpack_social_post_already_shared":true,"jetpack_social_options":{"image_generator_settings":{"template":"highway","default_image_id":0,"font":"","enabled":false},"version":2},"jetpack_post_was_ever_published":false},"categories":[16],"tags":[],"class_list":["post-9603","post","type-post","status-publish","format-standard","has-post-thumbnail","category-local"],"jetpack_publicize_connections":[],"jetpack-related-posts":[],"jetpack_shortlink":"https:\/\/wp.me\/p7Eq1F-2uT","jetpack_sharing_enabled":true,"jetpack_featured_media_url":"https:\/\/i0.wp.com\/guialimeira.com.br\/news\/wp-content\/uploads\/2024\/07\/m_137_0_1_03072024112229.jpeg?fit=1280%2C852&ssl=1","_links":{"self":[{"href":"https:\/\/guialimeira.com.br\/news\/wp-json\/wp\/v2\/posts\/9603","targetHints":{"allow":["GET"]}}],"collection":[{"href":"https:\/\/guialimeira.com.br\/news\/wp-json\/wp\/v2\/posts"}],"about":[{"href":"https:\/\/guialimeira.com.br\/news\/wp-json\/wp\/v2\/types\/post"}],"author":[{"embeddable":true,"href":"https:\/\/guialimeira.com.br\/news\/wp-json\/wp\/v2\/users\/1"}],"replies":[{"embeddable":true,"href":"https:\/\/guialimeira.com.br\/news\/wp-json\/wp\/v2\/comments?post=9603"}],"version-history":[{"count":0,"href":"https:\/\/guialimeira.com.br\/news\/wp-json\/wp\/v2\/posts\/9603\/revisions"}],"wp:featuredmedia":[{"embeddable":true,"href":"https:\/\/guialimeira.com.br\/news\/wp-json\/wp\/v2\/media\/9604"}],"wp:attachment":[{"href":"https:\/\/guialimeira.com.br\/news\/wp-json\/wp\/v2\/media?parent=9603"}],"wp:term":[{"taxonomy":"category","embeddable":true,"href":"https:\/\/guialimeira.com.br\/news\/wp-json\/wp\/v2\/categories?post=9603"},{"taxonomy":"post_tag","embeddable":true,"href":"https:\/\/guialimeira.com.br\/news\/wp-json\/wp\/v2\/tags?post=9603"}],"curies":[{"name":"wp","href":"https:\/\/api.w.org\/{rel}","templated":true}]}}