{"id":9602,"date":"2024-07-03T11:43:45","date_gmt":"2024-07-03T14:43:45","guid":{"rendered":"https:\/\/guialimeira.com.br\/2024\/07\/03\/producao-industrial-cai-09-em-maio-diz-ibge\/"},"modified":"2024-07-03T11:43:45","modified_gmt":"2024-07-03T14:43:45","slug":"producao-industrial-cai-09-em-maio-diz-ibge","status":"publish","type":"post","link":"https:\/\/guialimeira.com.br\/news\/producao-industrial-cai-09-em-maio-diz-ibge\/","title":{"rendered":"Produ\u00e7\u00e3o industrial cai 0,9% em maio, diz IBGE"},"content":{"rendered":"<p> <br \/>\n<\/p>\n<div>\n<p>A produ\u00e7\u00e3o industrial brasileira caiu 0,9% em maio em rela\u00e7\u00e3o a abril. \u00c9 o segundo recuo consecutivo, apontando retra\u00e7\u00e3o de 1,7% no per\u00edodo. Com o resultado, o setor perdeu o ganho acumulado entre fevereiro e mar\u00e7o deste ano (1,1%).<img data-recalc-dims=\"1\" decoding=\"async\" src=\"https:\/\/i0.wp.com\/agenciabrasil.ebc.com.br\/ebc.png?w=696&#038;ssl=1\" style=\"width:1px; height:1px; display:inline;\"\/><img data-recalc-dims=\"1\" decoding=\"async\" src=\"https:\/\/i0.wp.com\/agenciabrasil.ebc.com.br\/ebc.gif?w=696&#038;ssl=1\" style=\"width:1px; height:1px; display:inline;\"\/><\/p>\n<p>No acumulado nos \u00faltimos 12 meses, houve crescimento de 1,3%, o que acabou por reduzir a intensidade no ritmo de evolu\u00e7\u00e3o se comparado ao resultado do m\u00eas anterior. Os dados foram anunciados nesta quarta-feira (3), no Rio de Janeiro, pelo Instituto Brasileiro de Geografia e Estat\u00edstica (IBGE),<\/p>\n<p>Os n\u00fameros fazem parte da Pesquisa Industrial Mensal (PIM), divulgada nesta quarta-feira (3) pelo \u00f3rg\u00e3o, que mostrou ainda avan\u00e7o de 2,5% no acumulado dos cinco primeiros meses de 2024, se comparado ao mesmo per\u00edodo do ano anterior.<\/p>\n<p>No acumulado nos \u00faltimos 12 meses, o avan\u00e7o foi de 1,3%, reduzindo a intensidade no ritmo de crescimento em rela\u00e7\u00e3o ao resultado do m\u00eas anterior.<\/p>\n<p>\u00a0<\/p>\n<p>Mat\u00e9ria em amplia\u00e7\u00e3o<\/p>\n<\/p><\/div>\n<p><br \/>\n<br \/><a href=\"https:\/\/agenciabrasil.ebc.com.br\/economia\/noticia\/2024-07\/producao-industrial-cai-09-em-maio-diz-ibge\" rel=\"noopener\">Ag\u00eancia Brasil<\/a><\/p>\n","protected":false},"excerpt":{"rendered":"<p>A produ\u00e7\u00e3o industrial brasileira caiu 0,9% em maio em rela\u00e7\u00e3o a abril. \u00c9 o segundo recuo consecutivo, apontando retra\u00e7\u00e3o de 1,7% no per\u00edodo. Com o resultado, o setor perdeu o ganho acumulado entre fevereiro e mar\u00e7o deste ano (1,1%). No acumulado nos \u00faltimos 12 meses, houve crescimento de 1,3%, o que acabou por reduzir a [&hellip;]<\/p>\n","protected":false},"author":1,"featured_media":9163,"comment_status":"open","ping_status":"open","sticky":false,"template":"","format":"standard","meta":{"_jetpack_newsletter_access":"","_jetpack_dont_email_post_to_subs":false,"_jetpack_newsletter_tier_id":0,"_jetpack_memberships_contains_paywalled_content":false,"_mbp_banners":[],"_jetpack_feature_clip_id":0,"_jetpack_memberships_contains_paid_content":false,"footnotes":"","jetpack_publicize_message":"","jetpack_publicize_feature_enabled":true,"jetpack_social_post_already_shared":true,"jetpack_social_options":{"image_generator_settings":{"template":"highway","default_image_id":0,"font":"","enabled":false},"version":2},"jetpack_post_was_ever_published":false},"categories":[24],"tags":[],"class_list":["post-9602","post","type-post","status-publish","format-standard","has-post-thumbnail","category-economia"],"jetpack_publicize_connections":[],"jetpack-related-posts":[],"jetpack_shortlink":"https:\/\/wp.me\/p7Eq1F-2uS","jetpack_sharing_enabled":true,"jetpack_featured_media_url":"https:\/\/i0.wp.com\/guialimeira.com.br\/news\/wp-content\/uploads\/2024\/06\/frigorificos.jpg?fit=1600%2C800&ssl=1","_links":{"self":[{"href":"https:\/\/guialimeira.com.br\/news\/wp-json\/wp\/v2\/posts\/9602","targetHints":{"allow":["GET"]}}],"collection":[{"href":"https:\/\/guialimeira.com.br\/news\/wp-json\/wp\/v2\/posts"}],"about":[{"href":"https:\/\/guialimeira.com.br\/news\/wp-json\/wp\/v2\/types\/post"}],"author":[{"embeddable":true,"href":"https:\/\/guialimeira.com.br\/news\/wp-json\/wp\/v2\/users\/1"}],"replies":[{"embeddable":true,"href":"https:\/\/guialimeira.com.br\/news\/wp-json\/wp\/v2\/comments?post=9602"}],"version-history":[{"count":0,"href":"https:\/\/guialimeira.com.br\/news\/wp-json\/wp\/v2\/posts\/9602\/revisions"}],"wp:featuredmedia":[{"embeddable":true,"href":"https:\/\/guialimeira.com.br\/news\/wp-json\/wp\/v2\/media\/9163"}],"wp:attachment":[{"href":"https:\/\/guialimeira.com.br\/news\/wp-json\/wp\/v2\/media?parent=9602"}],"wp:term":[{"taxonomy":"category","embeddable":true,"href":"https:\/\/guialimeira.com.br\/news\/wp-json\/wp\/v2\/categories?post=9602"},{"taxonomy":"post_tag","embeddable":true,"href":"https:\/\/guialimeira.com.br\/news\/wp-json\/wp\/v2\/tags?post=9602"}],"curies":[{"name":"wp","href":"https:\/\/api.w.org\/{rel}","templated":true}]}}