{"id":9598,"date":"2024-07-03T11:22:06","date_gmt":"2024-07-03T14:22:06","guid":{"rendered":"https:\/\/guialimeira.com.br\/2024\/07\/03\/meio-ambiente-esclarece-sobre-prevencao-da-raiva-em-herbivoros\/"},"modified":"2024-07-03T11:22:06","modified_gmt":"2024-07-03T14:22:06","slug":"meio-ambiente-esclarece-sobre-prevencao-da-raiva-em-herbivoros","status":"publish","type":"post","link":"https:\/\/guialimeira.com.br\/news\/meio-ambiente-esclarece-sobre-prevencao-da-raiva-em-herbivoros\/","title":{"rendered":"Meio Ambiente esclarece sobre preven\u00e7\u00e3o da raiva em herb\u00edvoros"},"content":{"rendered":"<p> <br \/>\n<br \/><img data-recalc-dims=\"1\" decoding=\"async\" src=\"https:\/\/i0.wp.com\/ecrie.com.br\/sistema\/conteudos\/imagem\/m_137_0_1_03072024110148.jpg?w=696&#038;ssl=1\" \/><\/p>\n<p>A Secretaria de Meio Ambiente e Agricultura&nbsp;de Limeira&nbsp;orienta os criadores de herb&iacute;voros (bovinos, bubalinos, equinos, caprinos e ovinos) quanto &agrave; necessidade de preven&ccedil;&atilde;o &agrave; raiva, doen&ccedil;a viral grave transmitida pelo morcego <em>Desmodus rotundus<\/em>. Para prevenir a doen&ccedil;a, a principal medida &eacute; a vacina&ccedil;&atilde;o do rebanho, recomendada a partir de tr&ecirc;s meses de idade, com refor&ccedil;o ap&oacute;s 30 dias, e a revacina&ccedil;&atilde;o anual. A vacina&ccedil;&atilde;o n&atilde;o &eacute; obrigat&oacute;ria no Estado de S&atilde;o Paulo, mas &eacute; recomendada quando houver risco de agress&otilde;es por morcegos hemat&oacute;fagos.<\/p>\n<p>Paralelamente &agrave; vacina&ccedil;&atilde;o, a pasta ressalta outras a&ccedil;&otilde;es importantes, como o controle do transmissor e dos focos da doen&ccedil;a, al&eacute;m do trabalho de Educa&ccedil;&atilde;o Sanit&aacute;ria. Quanto ao controle dos morcegos, &eacute; necess&aacute;rio inspecionar regularmente as instala&ccedil;&otilde;es do rebanho para identificar poss&iacute;veis abrigos de morcegos. A pasta destaca que outros&nbsp;g&ecirc;neros&nbsp;do morcego devem ser preservados, tais como aqueles que se alimentam de frutas, insetos, n&eacute;ctar e roedores, como forma de manter o equil&iacute;brio ecol&oacute;gico.<\/p>\n<p>O secret&aacute;rio de Meio Ambiente e Agricultura, Reinaldo Buck Belussi, salienta que n&atilde;o h&aacute; registro de morcegos dessa esp&eacute;cie contaminados pela raiva no munic&iacute;pio. Mesmo assim, ele&nbsp;observa que a divulga&ccedil;&atilde;o do tema &eacute; uma das estrat&eacute;gias solicitadas pela Secretaria Estadual de Agricultura e Abastecimento aos munic&iacute;pios paulistas. &ldquo;Com medidas de preven&ccedil;&atilde;o e controle adequadas, podemos proteger o rebanho e a comunidade&rdquo;,&nbsp;enfatizou&nbsp;Belussi.<\/p>\n<p>A&nbsp;raiva em herb&iacute;voros &eacute; diferente da raiva que acomete c&atilde;es e gatos. Nos herb&iacute;voros, a doen&ccedil;a se manifesta com sintomas de paralisia, queda, tremores, movimentos de pedalagem e dilata&ccedil;&atilde;o da pupila. O herb&iacute;voro doente n&atilde;o oferece risco de transmiss&atilde;o a outros animais, no entanto, pode transmitir a doen&ccedil;a ao homem, devido sua intera&ccedil;&atilde;o com animais enfermos. A raiva n&atilde;o tem cura e &eacute; fatal em 100% dos casos.<\/p>\n<p>A higiene das instala&ccedil;&otilde;es do rebanho &eacute; outro aspecto essencial para garantia da sa&uacute;de dos animais. Ao lidar com animais doentes ou mortos, o tratador deve, obrigatoriamente, fazer uso de equipamentos de seguran&ccedil;a, como luvas e m&aacute;scaras. Na ocorr&ecirc;ncia de casos suspeitos de raiva no rebanho, o Servi&ccedil;o de Defesa Sanit&aacute;ria Animal da regi&atilde;o deve ser notificado imediatamente. Al&eacute;m disso, o criador deve buscar orienta&ccedil;&atilde;o veterin&aacute;ria para realizar as a&ccedil;&otilde;es de controle apropriadas. <\/p>\n<p>A notifica&ccedil;&atilde;o de casos suspeitos e demais informa&ccedil;&otilde;es sobre a doen&ccedil;a est&atilde;o dispon&iacute;veis no link: https:\/\/bit.ly\/controleraivaherbivoros<\/p>\n<p><br \/>\n<br \/><a href=\"https:\/\/limeira.sp.gov.br\/meio-ambiente-esclarece-sobre-prevencao-da-raiva-em-herbivoros-1\" rel=\"noopener\">Informa\u00e7\u00f5es da PML <\/a><\/p>\n","protected":false},"excerpt":{"rendered":"<p>A Secretaria de Meio Ambiente e Agricultura&nbsp;de Limeira&nbsp;orienta os criadores de herb&iacute;voros (bovinos, bubalinos, equinos, caprinos e ovinos) quanto &agrave; necessidade de preven&ccedil;&atilde;o &agrave; raiva, doen&ccedil;a viral grave transmitida pelo morcego Desmodus rotundus. Para prevenir a doen&ccedil;a, a principal medida &eacute; a vacina&ccedil;&atilde;o do rebanho, recomendada a partir de tr&ecirc;s meses de idade, com refor&ccedil;o [&hellip;]<\/p>\n","protected":false},"author":1,"featured_media":9599,"comment_status":"open","ping_status":"open","sticky":false,"template":"","format":"standard","meta":{"_jetpack_newsletter_access":"","_jetpack_dont_email_post_to_subs":false,"_jetpack_newsletter_tier_id":0,"_jetpack_memberships_contains_paywalled_content":false,"_mbp_banners":[],"_jetpack_feature_clip_id":0,"_jetpack_memberships_contains_paid_content":false,"footnotes":"","jetpack_publicize_message":"","jetpack_publicize_feature_enabled":true,"jetpack_social_post_already_shared":true,"jetpack_social_options":{"image_generator_settings":{"template":"highway","default_image_id":0,"font":"","enabled":false},"version":2},"jetpack_post_was_ever_published":false},"categories":[16],"tags":[],"class_list":["post-9598","post","type-post","status-publish","format-standard","has-post-thumbnail","category-local"],"jetpack_publicize_connections":[],"jetpack-related-posts":[],"jetpack_shortlink":"https:\/\/wp.me\/p7Eq1F-2uO","jetpack_sharing_enabled":true,"jetpack_featured_media_url":"https:\/\/i0.wp.com\/guialimeira.com.br\/news\/wp-content\/uploads\/2024\/07\/m_137_0_1_03072024110148.jpg?fit=1380%2C773&ssl=1","_links":{"self":[{"href":"https:\/\/guialimeira.com.br\/news\/wp-json\/wp\/v2\/posts\/9598","targetHints":{"allow":["GET"]}}],"collection":[{"href":"https:\/\/guialimeira.com.br\/news\/wp-json\/wp\/v2\/posts"}],"about":[{"href":"https:\/\/guialimeira.com.br\/news\/wp-json\/wp\/v2\/types\/post"}],"author":[{"embeddable":true,"href":"https:\/\/guialimeira.com.br\/news\/wp-json\/wp\/v2\/users\/1"}],"replies":[{"embeddable":true,"href":"https:\/\/guialimeira.com.br\/news\/wp-json\/wp\/v2\/comments?post=9598"}],"version-history":[{"count":0,"href":"https:\/\/guialimeira.com.br\/news\/wp-json\/wp\/v2\/posts\/9598\/revisions"}],"wp:featuredmedia":[{"embeddable":true,"href":"https:\/\/guialimeira.com.br\/news\/wp-json\/wp\/v2\/media\/9599"}],"wp:attachment":[{"href":"https:\/\/guialimeira.com.br\/news\/wp-json\/wp\/v2\/media?parent=9598"}],"wp:term":[{"taxonomy":"category","embeddable":true,"href":"https:\/\/guialimeira.com.br\/news\/wp-json\/wp\/v2\/categories?post=9598"},{"taxonomy":"post_tag","embeddable":true,"href":"https:\/\/guialimeira.com.br\/news\/wp-json\/wp\/v2\/tags?post=9598"}],"curies":[{"name":"wp","href":"https:\/\/api.w.org\/{rel}","templated":true}]}}