{"id":9595,"date":"2024-07-03T11:02:29","date_gmt":"2024-07-03T14:02:29","guid":{"rendered":"https:\/\/guialimeira.com.br\/?p=9595"},"modified":"2024-07-03T11:02:33","modified_gmt":"2024-07-03T14:02:33","slug":"suzano-anuncia-novo-centro-de-distribuicao-na-regiao","status":"publish","type":"post","link":"https:\/\/guialimeira.com.br\/news\/suzano-anuncia-novo-centro-de-distribuicao-na-regiao\/","title":{"rendered":"Suzano anuncia novo centro de distribui\u00e7\u00e3o na regi\u00e3o"},"content":{"rendered":"\n<p class=\"wp-block-paragraph\"><em>O projeto ter\u00e1 um investimento envolvido de R$ 39 milh\u00f5es<\/em><\/p>\n\n\n\n<p class=\"wp-block-paragraph\"><a>A Suzano, maior produtora mundial de celulose e refer\u00eancia global na fabrica\u00e7\u00e3o de bioprodutos desenvolvidos a partir de \u00e1rvores plantadas de eucalipto, anunciou a instala\u00e7\u00e3o de um novo Centro de Distribui\u00e7\u00e3o (CD) em Americana, que trar\u00e1 um investimento de aproximadamente R$ 39 milh\u00f5es ao munic\u00edpio.<\/a><\/p>\n\n\n\n<p class=\"wp-block-paragraph\">O novo Centro de Distribui\u00e7\u00e3o de Americana tem previs\u00e3o de inaugura\u00e7\u00e3o em 2025, e ser\u00e1 instalado na \u00e1rea que comportava a empresa Tabacow, trazendo para a cidade mais de 100 postos de trabalho diretos e indiretos, que se somam aos mais de 750 americanenses que j\u00e1 s\u00e3o colaboradores da companhia e trazem dinamismo para a economia local.<\/p>\n\n\n\n<p class=\"wp-block-paragraph\">&nbsp;\u201cNo ano em que completamos 100 anos de Suzano e 65 anos da nossa unidade industrial na regi\u00e3o, \u00e9 uma grande satisfa\u00e7\u00e3o anunciar esse novo centro de distribui\u00e7\u00e3o que n\u00e3o apenas simboliza nosso compromisso com o desenvolvimento econ\u00f4mico local, mas tamb\u00e9m fortalece os la\u00e7os com a comunidade que nos acolhe diariamente. Estamos confiantes de que o centro de distribui\u00e7\u00e3o em Americana fortalecer\u00e1 nossa cadeia log\u00edstica e beneficiar\u00e1 tanto nossa empresa e nossos colaboradores quanto a comunidade local\u201d, diz Davi Fabr\u00edcio Teixeira, gerente executivo de Log\u00edstica da Suzano.<\/p>\n\n\n\n<p class=\"wp-block-paragraph\"><strong>Suzano na regi\u00e3o de Limeira e Americana<\/strong><\/p>\n\n\n\n<p class=\"wp-block-paragraph\">Em 2024, a Unidade Limeira, localizada pr\u00f3ximo a Americana, completar\u00e1 65 anos. A f\u00e1brica possui uma capacidade instalada de produ\u00e7\u00e3o de 690 mil toneladas por ano de celulose e de 400 mil toneladas por ano de papel. A unidade tamb\u00e9m \u00e9 respons\u00e1vel pela gera\u00e7\u00e3o de energia limpa a partir da biomassa, contribuindo para a sustentabilidade e a redu\u00e7\u00e3o das emiss\u00f5es de gases de efeito estufa.<\/p>\n\n\n\n<p class=\"wp-block-paragraph\">No primeiro trimestre de 2024, a Suzano deu in\u00edcio \u00e0s obras para ampliar a produ\u00e7\u00e3o de Eucafluff\u00ae, a primeira Fluff de eucalipto do mundo, na Unidade de Limeira. O investimento total de R$ 490 milh\u00f5es est\u00e1 alinhado \u00e0s avenidas estrat\u00e9gicas de neg\u00f3cio da Suzano e refor\u00e7a o compromisso da companhia, ao longo de sua trajet\u00f3ria centen\u00e1ria, em adequar constantemente suas opera\u00e7\u00f5es \u00e0 demanda dos mercados brasileiro e global.<\/p>\n\n\n\n<p class=\"wp-block-paragraph\">\u201cO munic\u00edpio de Americana tem uma relev\u00e2ncia muito grande para a Suzano, pois nesses 65 anos em que nossa unidade est\u00e1 na regi\u00e3o, temos colaboradores que diariamente nos recebem e nos apoiam a construir um futuro melhor. Trazer um centro de distribui\u00e7\u00e3o para o munic\u00edpio, al\u00e9m de outros investimentos que est\u00e3o sendo feitos pela companhia, refor\u00e7a ainda mais o olhar da Suzano para o desenvolvimento da popula\u00e7\u00e3o americanense\u201d, sinalizou Rodrigo Pestana, gerente executivo de Produ\u00e7\u00e3o da Suzano na Unidade Limeira.<\/p>\n\n\n\n<p class=\"wp-block-paragraph\"><strong>Sobre a Suzano<\/strong><\/p>\n\n\n\n<p class=\"wp-block-paragraph\">A Suzano \u00e9 a maior produtora mundial de celulose, uma das maiores produtoras de pap\u00e9is da Am\u00e9rica Latina, l\u00edder no segmento de papel higi\u00eanico no Brasil e refer\u00eancia no desenvolvimento de solu\u00e7\u00f5es sustent\u00e1veis e inovadoras a partir de mat\u00e9ria-prima de fonte renov\u00e1vel. Nossos produtos e solu\u00e7\u00f5es est\u00e3o presentes na vida de mais de 2 bilh\u00f5es de pessoas, abastecem mais de 100 pa\u00edses e incluem celulose, pap\u00e9is para imprimir e escrever, pap\u00e9is para embalagens, copos e canudos, pap\u00e9is sanit\u00e1rios e produtos absorventes, al\u00e9m de novos bioprodutos desenvolvidos para atender a demanda global. A inova\u00e7\u00e3o e a sustentabilidade orientam nosso prop\u00f3sito de \u201cRenovar a vida a partir da \u00e1rvore\u201d e nosso trabalho no enfrentamento dos desafios da sociedade e do planeta. Com 100 anos de hist\u00f3ria, temos a\u00e7\u00f5es nas bolsas do Brasil (SUZB3) e dos Estados Unidos (SUZ). Saiba mais na p\u00e1gina www.suzano.com.br<\/p>\n\n\n\n<p class=\"wp-block-paragraph\"><\/p>\n\n\n\n<p class=\"wp-block-paragraph\"><\/p>\n\n\n\n<p class=\"wp-block-paragraph\"><\/p>\n\n\n\n<p class=\"wp-block-paragraph\"><\/p>\n\n\n\n<p class=\"wp-block-paragraph\">F<\/p>\n","protected":false},"excerpt":{"rendered":"<p>O projeto ter\u00e1 um investimento envolvido de R$ 39 milh\u00f5es A Suzano, maior produtora mundial de celulose e refer\u00eancia global na fabrica\u00e7\u00e3o de bioprodutos desenvolvidos a partir de \u00e1rvores plantadas de eucalipto, anunciou a instala\u00e7\u00e3o de um novo Centro de Distribui\u00e7\u00e3o (CD) em Americana, que trar\u00e1 um investimento de aproximadamente R$ 39 milh\u00f5es ao munic\u00edpio. [&hellip;]<\/p>\n","protected":false},"author":2,"featured_media":9596,"comment_status":"open","ping_status":"open","sticky":false,"template":"","format":"standard","meta":{"_jetpack_newsletter_access":"","_jetpack_dont_email_post_to_subs":false,"_jetpack_newsletter_tier_id":0,"_jetpack_memberships_contains_paywalled_content":false,"_mbp_banners":[],"_jetpack_feature_clip_id":0,"_jetpack_memberships_contains_paid_content":false,"footnotes":"","jetpack_publicize_message":"","jetpack_publicize_feature_enabled":true,"jetpack_social_post_already_shared":true,"jetpack_social_options":{"image_generator_settings":{"template":"highway","default_image_id":0,"font":"","enabled":false},"version":2},"jetpack_post_was_ever_published":false},"categories":[24,16],"tags":[],"class_list":["post-9595","post","type-post","status-publish","format-standard","has-post-thumbnail","category-economia","category-local"],"jetpack_publicize_connections":[],"jetpack-related-posts":[],"jetpack_shortlink":"https:\/\/wp.me\/p7Eq1F-2uL","jetpack_sharing_enabled":true,"jetpack_featured_media_url":"https:\/\/i0.wp.com\/guialimeira.com.br\/news\/wp-content\/uploads\/2024\/07\/Unidade-Limeira.jpg?fit=1200%2C797&ssl=1","_links":{"self":[{"href":"https:\/\/guialimeira.com.br\/news\/wp-json\/wp\/v2\/posts\/9595","targetHints":{"allow":["GET"]}}],"collection":[{"href":"https:\/\/guialimeira.com.br\/news\/wp-json\/wp\/v2\/posts"}],"about":[{"href":"https:\/\/guialimeira.com.br\/news\/wp-json\/wp\/v2\/types\/post"}],"author":[{"embeddable":true,"href":"https:\/\/guialimeira.com.br\/news\/wp-json\/wp\/v2\/users\/2"}],"replies":[{"embeddable":true,"href":"https:\/\/guialimeira.com.br\/news\/wp-json\/wp\/v2\/comments?post=9595"}],"version-history":[{"count":1,"href":"https:\/\/guialimeira.com.br\/news\/wp-json\/wp\/v2\/posts\/9595\/revisions"}],"predecessor-version":[{"id":9597,"href":"https:\/\/guialimeira.com.br\/news\/wp-json\/wp\/v2\/posts\/9595\/revisions\/9597"}],"wp:featuredmedia":[{"embeddable":true,"href":"https:\/\/guialimeira.com.br\/news\/wp-json\/wp\/v2\/media\/9596"}],"wp:attachment":[{"href":"https:\/\/guialimeira.com.br\/news\/wp-json\/wp\/v2\/media?parent=9595"}],"wp:term":[{"taxonomy":"category","embeddable":true,"href":"https:\/\/guialimeira.com.br\/news\/wp-json\/wp\/v2\/categories?post=9595"},{"taxonomy":"post_tag","embeddable":true,"href":"https:\/\/guialimeira.com.br\/news\/wp-json\/wp\/v2\/tags?post=9595"}],"curies":[{"name":"wp","href":"https:\/\/api.w.org\/{rel}","templated":true}]}}