{"id":9585,"date":"2024-07-03T08:17:05","date_gmt":"2024-07-03T11:17:05","guid":{"rendered":"https:\/\/guialimeira.com.br\/2024\/07\/03\/lider-do-brasileiro-flamengo-enfrenta-atletico-mg-no-mineirao\/"},"modified":"2024-07-03T08:17:05","modified_gmt":"2024-07-03T11:17:05","slug":"lider-do-brasileiro-flamengo-enfrenta-atletico-mg-no-mineirao","status":"publish","type":"post","link":"https:\/\/guialimeira.com.br\/news\/lider-do-brasileiro-flamengo-enfrenta-atletico-mg-no-mineirao\/","title":{"rendered":"L\u00edder do Brasileiro, Flamengo enfrenta Atl\u00e9tico-MG no Mineir\u00e3o"},"content":{"rendered":"<p> <br \/>\n<\/p>\n<div>\n<p>A 14\u00aa rodada do Campeonato Brasileiro ter\u00e1 como uma de suas maiores atra\u00e7\u00f5es o confronto entre o l\u00edder Flamengo, que tem 27 pontos, e o 11\u00ba colocado Atl\u00e9tico-MG, que soma 18. E a partida, que ser\u00e1 disputada a partir das 21h30 (hor\u00e1rio de Bras\u00edlia) desta quarta-feira (3) em Belo Horizonte, ter\u00e1 transmiss\u00e3o ao vivo da <strong>R\u00e1dio Nacional<\/strong>.<img data-recalc-dims=\"1\" decoding=\"async\" src=\"https:\/\/i0.wp.com\/agenciabrasil.ebc.com.br\/ebc.png?w=696&#038;ssl=1\" style=\"width:1px; height:1px; display:inline;\"\/><img data-recalc-dims=\"1\" decoding=\"async\" src=\"https:\/\/i0.wp.com\/agenciabrasil.ebc.com.br\/ebc.gif?w=696&#038;ssl=1\" style=\"width:1px; height:1px; display:inline;\"\/><\/p>\n<p>O Galo vem de um empate, de 1 a 1, com o Atl\u00e9tico-GO dentro de casa. O resultado gerou mal-estar ap\u00f3s Hulk reclamar publicamente do fato de a bola n\u00e3o chegar em boas condi\u00e7\u00f5es aos jogadores de ataque. Durante entrevista coletiva ap\u00f3s o resultado, o t\u00e9cnico argentino Diego Milito n\u00e3o aprovou a reclama\u00e7\u00e3o do experiente atacante: \u201cSe h\u00e1 alguma queixa, ela deve ser feita na intimidade. Publicamente, n\u00e3o gosto que os jogadores digam nada. Internamente, eu falo e comento coisas, os jogadores falam, mas entre n\u00f3s temos que ter essa fortaleza interna, privada\u201d.<\/p>\n<blockquote class=\"twitter-tweet\">\n<p dir=\"ltr\" lang=\"pt\" xml:lang=\"pt\">\u2600\ufe0f\u26bd\ufe0f Segunda de sol, academia e futebol para os nossos atletas!<\/p>\n<p>Seguimos! \ud83d\udcaa\ud83c\udffc <a href=\"https:\/\/t.co\/adJC1SXsmo\">pic.twitter.com\/adJC1SXsmo<\/a><\/p>\n<p>\u2014 Atl\u00e9tico (@Atletico) <a href=\"https:\/\/twitter.com\/Atletico\/status\/1807824341683343729?ref_src=twsrc%5Etfw\" rel=\"noopener\">July 1, 2024<\/a><\/p><\/blockquote>\n<p>Quem chegou na \u00faltima ter\u00e7a-feira (2) \u00e0 capital de Minas Gerais para refor\u00e7ar o Galo \u00e9 o zagueiro Lyanco. Por\u00e9m, o jogador de 27 anos s\u00f3 poder\u00e1 estrear ap\u00f3s o dia 10, quando estar\u00e1 aberta a janela de transfer\u00eancias no futebol brasileiro.<\/p>\n<p>O Atl\u00e9tico-MG ter\u00e1 o retorno do meio-campista Gustavo Scarpa e do zagueiro Bruno Fuchs, que cumpriram suspens\u00e3o na \u00faltima rodada. Outro refor\u00e7o que pode estar \u00e0 disposi\u00e7\u00e3o de Milito \u00e9 Eduardo Vargas. O atacante chileno retorna ao Brasil ap\u00f3s servir a sele\u00e7\u00e3o do Chile na Copa Am\u00e9rica.<\/p>\n<p>Pelo lado flamenguista, o volante Erick Pulgar, que tamb\u00e9m estava na Copa Am\u00e9rica com o Chile, pode refor\u00e7ar o elenco do t\u00e9cnico Tite. O Rubro-Negro vem de triunfo, de 2 a 1 sobre o Cruzeiro, no Maracan\u00e3. O gol da vit\u00f3ria foi do zagueiro Fabr\u00edcio Bruno.<\/p>\n<p>\u201cVenho de um longo jejum sem fazer gol. Meus \u00faltimos gols foram, no ano passado, durante o Campeonato do Carioca. Ent\u00e3o, esse gol foi muito importante para mim e me cobro no dia a dia para que eu possa entregar ofensivamente\u201d, declarou o defensor.<\/p>\n<blockquote class=\"twitter-tweet\">\n<p dir=\"ltr\" lang=\"pt\" xml:lang=\"pt\">\u00daltimos ajustes no Ninho do Urubu, antes se seguir viagem para Minas! <a href=\"https:\/\/twitter.com\/hashtag\/VamosFlamengo?src=hash&amp;ref_src=twsrc%5Etfw\" rel=\"noopener\">#VamosFlamengo<\/a><\/p>\n<p>\ud83d\udcf8: Gilvan de Souza \/CRF <a href=\"https:\/\/t.co\/qUxDfTqGuO\">pic.twitter.com\/qUxDfTqGuO<\/a><\/p>\n<p>\u2014 Flamengo (@Flamengo) <a href=\"https:\/\/twitter.com\/Flamengo\/status\/1808178098321432963?ref_src=twsrc%5Etfw\" rel=\"noopener\">July 2, 2024<\/a><\/p><\/blockquote>\n<p>Al\u00e9m dos uruguaios que est\u00e3o na Copa Am\u00e9rica (Arrascaeta, De La Cruz, Vi\u00f1a e Varela), Tite n\u00e3o poder\u00e1 contar com os contundidos Igor Jesus e Everton Cebolinha. J\u00e1 o atacante Gabriel Barbosa n\u00e3o viajou e segue no Rio, pois existe a possibilidade de ele ser negociado e deixar o Flamengo.<\/p>\n<h2>Transmiss\u00e3o da R\u00e1dio Nacional<\/h2>\n<p>As emo\u00e7\u00f5es de Atl\u00e9tico-MG e Flamengo ser\u00e3o narradas na<strong> R\u00e1dio Nacional<\/strong> por Luciana Zogaib, e contar\u00e3o com os coment\u00e1rios de Rachel Motta, reportagem de Rodrigo Ricardo e plant\u00e3o de not\u00edcias de Bruno Mendes. Voc\u00ea acompanha o Show de Bola Nacional aqui:<\/p>\n<p><iframe loading=\"lazy\" allowfullscreen=\"\" frameborder=\"0\" height=\"115\" src=\"https:\/\/aovivo.ebc.com.br\/embed-audio.html?emissora=radio-nacional-do-rio-de-janeiro\" width=\"340\"><\/iframe><\/p>\n<\/p><\/div>\n<p><script async src=\"\/\/platform.twitter.com\/widgets.js\" charset=\"utf-8\"><\/script><br \/>\n<br \/><br \/>\n<br \/><a href=\"https:\/\/agenciabrasil.ebc.com.br\/esportes\/noticia\/2024-07\/lider-do-brasileiro-flamengo-enfrenta-atletico-mg-no-mineirao\" rel=\"noopener\">Ag\u00eancia Brasil<\/a><\/p>\n","protected":false},"excerpt":{"rendered":"<p>A 14\u00aa rodada do Campeonato Brasileiro ter\u00e1 como uma de suas maiores atra\u00e7\u00f5es o confronto entre o l\u00edder Flamengo, que tem 27 pontos, e o 11\u00ba colocado Atl\u00e9tico-MG, que soma 18. E a partida, que ser\u00e1 disputada a partir das 21h30 (hor\u00e1rio de Bras\u00edlia) desta quarta-feira (3) em Belo Horizonte, ter\u00e1 transmiss\u00e3o ao vivo da [&hellip;]<\/p>\n","protected":false},"author":1,"featured_media":9586,"comment_status":"open","ping_status":"open","sticky":false,"template":"","format":"standard","meta":{"_jetpack_newsletter_access":"","_jetpack_dont_email_post_to_subs":false,"_jetpack_newsletter_tier_id":0,"_jetpack_memberships_contains_paywalled_content":false,"_mbp_banners":[],"_jetpack_feature_clip_id":0,"_jetpack_memberships_contains_paid_content":false,"footnotes":"","jetpack_publicize_message":"","jetpack_publicize_feature_enabled":true,"jetpack_social_post_already_shared":true,"jetpack_social_options":{"image_generator_settings":{"template":"highway","default_image_id":0,"font":"","enabled":false},"version":2},"jetpack_post_was_ever_published":false},"categories":[23],"tags":[],"class_list":["post-9585","post","type-post","status-publish","format-standard","has-post-thumbnail","category-esportes"],"jetpack_publicize_connections":[],"jetpack-related-posts":[],"jetpack_shortlink":"https:\/\/wp.me\/p7Eq1F-2uB","jetpack_sharing_enabled":true,"jetpack_featured_media_url":"https:\/\/i0.wp.com\/guialimeira.com.br\/news\/wp-content\/uploads\/2024\/07\/53365602126_0a4910b891_o1.jpg?fit=1600%2C800&ssl=1","_links":{"self":[{"href":"https:\/\/guialimeira.com.br\/news\/wp-json\/wp\/v2\/posts\/9585","targetHints":{"allow":["GET"]}}],"collection":[{"href":"https:\/\/guialimeira.com.br\/news\/wp-json\/wp\/v2\/posts"}],"about":[{"href":"https:\/\/guialimeira.com.br\/news\/wp-json\/wp\/v2\/types\/post"}],"author":[{"embeddable":true,"href":"https:\/\/guialimeira.com.br\/news\/wp-json\/wp\/v2\/users\/1"}],"replies":[{"embeddable":true,"href":"https:\/\/guialimeira.com.br\/news\/wp-json\/wp\/v2\/comments?post=9585"}],"version-history":[{"count":0,"href":"https:\/\/guialimeira.com.br\/news\/wp-json\/wp\/v2\/posts\/9585\/revisions"}],"wp:featuredmedia":[{"embeddable":true,"href":"https:\/\/guialimeira.com.br\/news\/wp-json\/wp\/v2\/media\/9586"}],"wp:attachment":[{"href":"https:\/\/guialimeira.com.br\/news\/wp-json\/wp\/v2\/media?parent=9585"}],"wp:term":[{"taxonomy":"category","embeddable":true,"href":"https:\/\/guialimeira.com.br\/news\/wp-json\/wp\/v2\/categories?post=9585"},{"taxonomy":"post_tag","embeddable":true,"href":"https:\/\/guialimeira.com.br\/news\/wp-json\/wp\/v2\/tags?post=9585"}],"curies":[{"name":"wp","href":"https:\/\/api.w.org\/{rel}","templated":true}]}}