{"id":958,"date":"2024-04-04T18:20:46","date_gmt":"2024-04-04T21:20:46","guid":{"rendered":"https:\/\/guialimeira.com.br\/2024\/04\/04\/agentes-da-prf-tornam-se-reus-por-morte-de-estudante-no-rio-em-2023\/"},"modified":"2024-04-04T18:20:46","modified_gmt":"2024-04-04T21:20:46","slug":"agentes-da-prf-tornam-se-reus-por-morte-de-estudante-no-rio-em-2023","status":"publish","type":"post","link":"https:\/\/guialimeira.com.br\/news\/agentes-da-prf-tornam-se-reus-por-morte-de-estudante-no-rio-em-2023\/","title":{"rendered":"Agentes da PRF tornam-se r\u00e9us por morte de estudante no Rio em 2023"},"content":{"rendered":"<p> <br \/>\n<\/p>\n<div>\n<p>A Justi\u00e7a Federal recebeu parcialmente a den\u00fancia do Minist\u00e9rio P\u00fablico Federal (MPF) contra quatro policiais rodovi\u00e1rios federais acusados de envolvimento na <a href=\"https:\/\/agenciabrasil.ebc.com.br\/geral\/noticia\/2023-06\/pf-apura-morte-de-mulher-em-abordagem-da-policia-rodoviaria-federal\" target=\"_blank\" rel=\"noopener\">morte da estudante<\/a> de enfermagem Anne Caroline Nascimento Silva, de 23 anos. Os quatro agentes da PRF tornaram-se r\u00e9us no processo.<img data-recalc-dims=\"1\" decoding=\"async\" src=\"https:\/\/i0.wp.com\/agenciabrasil.ebc.com.br\/ebc.png?w=696&#038;ssl=1\" style=\"width:1px; height:1px; display:inline;\"\/><img data-recalc-dims=\"1\" decoding=\"async\" src=\"https:\/\/i0.wp.com\/agenciabrasil.ebc.com.br\/ebc.gif?w=696&#038;ssl=1\" style=\"width:1px; height:1px; display:inline;\"\/><\/p>\n<p>O caso ocorreu durante uma<em> blitz<\/em> da Pol\u00edcia Rodovi\u00e1ria Federal (PRF) na Rodovia Washington Lu\u00eds, no Rio de Janeiro, em junho de 2023. Anne Caroline estava no carro com o marido quando o ve\u00edculo foi alvejado por oito tiros de fuzil, e um deles a atingiu.\u00a0A estudante foi socorrida, mas n\u00e3o resistiu aos ferimentos.<\/p>\n<p>Eles <a href=\"https:\/\/agenciabrasil.ebc.com.br\/justica\/noticia\/2024-03\/mpf-pede-prisao-preventiva-de-agentes-da-prf-por-morte-de-jovem-no-rio\" target=\"_blank\" rel=\"noopener\">foram denunciados<\/a> por homic\u00eddio qualificado, cuja pena pode chegar a at\u00e9 30 anos de pris\u00e3o, bem como por fraude processual, tentativa de homic\u00eddio e les\u00e3o corporal grave por neglig\u00eancia, uma vez que um dos tiros atingiu outro ve\u00edculo que tamb\u00e9m estava na Washington Lu\u00eds, ferindo gravemente a diarista Claudia dos Santos, que sobreviveu.<\/p>\n<p>Na decis\u00e3o, a Justi\u00e7a acolheu as acusa\u00e7\u00f5es de homic\u00eddio tentado e consumado, bem como de les\u00e3o corporal culposa, apenas em rela\u00e7\u00e3o aos policiais Thiago da Silva de S\u00e1 e Jansen Vinicius Pinheiro Ferreira. Thiago foi o autor dos oito disparos de fuzil, e Jansen \u00e9 acusado de ter induzido o colega a efetuar os tiros.<\/p>\n<p>Em rela\u00e7\u00e3o ao indeferimento da acusa\u00e7\u00e3o de homic\u00eddio, tentativa de homic\u00eddio e les\u00e3o corporal grave culposa contra dois dos quatro policiais denunciados, o MPF est\u00e1 avaliando a possibilidade de recorrer da decis\u00e3o ao Tribunal Regional Federal da 2\u00aa Regi\u00e3o.<\/p>\n<p>Tamb\u00e9m foi aceita a acusa\u00e7\u00e3o do MPF de fraude processual. Os quatro policiais, Thiago S\u00e1, Jansen Ferreira, Diogo Silva dos Santos e Wagner Leandro Rocha de Souza, responder\u00e3o por terem violado o dever funcional de isolar o local do crime e preservar os vest\u00edgios deixados na via e nos ve\u00edculos envolvidos.<\/p>\n<p>Segundo a den\u00fancia, ao perceberem que havia uma pessoa ferida, um dos policiais dirigiu para o hospital no ve\u00edculo atingido, seguido pela viatura da PRF, quando poderiam ter pedido refor\u00e7os de um destacamento policial pr\u00f3ximo para socorrer a v\u00edtima e, ao mesmo tempo, preservado o local do crime.<\/p>\n<p>A Justi\u00e7a determinou que os quatro policiais n\u00e3o poder\u00e3o se aproximar da viatura policial usada durante o crime at\u00e9 que seja periciada. Al\u00e9m disso, foi ordenado que eles evitem contatos com testemunhas e familiares das v\u00edtimas, para prevenir qualquer forma de intimida\u00e7\u00e3o ou amea\u00e7a. Foi determinado, ainda, o afastamento dos r\u00e9us de suas fun\u00e7\u00f5es policiais, com a retirada de suas armas, embora possam ser remanejados para tarefas administrativas na corpora\u00e7\u00e3o.<\/p>\n<p>A reportagem n\u00e3o conseguiu contato com a defesa dos r\u00e9us.<\/p>\n<\/p><\/div>\n<p><br \/>\n<br \/><a href=\"https:\/\/agenciabrasil.ebc.com.br\/justica\/noticia\/2024-04\/agentes-da-prf-tornam-se-reus-por-morte-de-estudante-no-rio-em-2023\" rel=\"noopener\">Ag\u00eancia Brasil<\/a><\/p>\n","protected":false},"excerpt":{"rendered":"<p>A Justi\u00e7a Federal recebeu parcialmente a den\u00fancia do Minist\u00e9rio P\u00fablico Federal (MPF) contra quatro policiais rodovi\u00e1rios federais acusados de envolvimento na morte da estudante de enfermagem Anne Caroline Nascimento Silva, de 23 anos. Os quatro agentes da PRF tornaram-se r\u00e9us no processo. O caso ocorreu durante uma blitz da Pol\u00edcia Rodovi\u00e1ria Federal (PRF) na Rodovia [&hellip;]<\/p>\n","protected":false},"author":1,"featured_media":269,"comment_status":"open","ping_status":"open","sticky":false,"template":"","format":"standard","meta":{"_jetpack_newsletter_access":"","_jetpack_dont_email_post_to_subs":false,"_jetpack_newsletter_tier_id":0,"_jetpack_memberships_contains_paywalled_content":false,"_mbp_banners":[],"_jetpack_feature_clip_id":0,"_jetpack_memberships_contains_paid_content":false,"footnotes":"","jetpack_publicize_message":"","jetpack_publicize_feature_enabled":true,"jetpack_social_post_already_shared":true,"jetpack_social_options":{"image_generator_settings":{"template":"highway","default_image_id":0,"font":"","enabled":false},"version":2},"jetpack_post_was_ever_published":false},"categories":[22],"tags":[],"class_list":["post-958","post","type-post","status-publish","format-standard","has-post-thumbnail","category-nacional"],"jetpack_publicize_connections":[],"jetpack-related-posts":[],"jetpack_shortlink":"https:\/\/wp.me\/p7Eq1F-fs","jetpack_sharing_enabled":true,"jetpack_featured_media_url":"https:\/\/i0.wp.com\/guialimeira.com.br\/news\/wp-content\/uploads\/2024\/03\/thumb_1200x600_agbrasil.png?fit=1200%2C600&ssl=1","_links":{"self":[{"href":"https:\/\/guialimeira.com.br\/news\/wp-json\/wp\/v2\/posts\/958","targetHints":{"allow":["GET"]}}],"collection":[{"href":"https:\/\/guialimeira.com.br\/news\/wp-json\/wp\/v2\/posts"}],"about":[{"href":"https:\/\/guialimeira.com.br\/news\/wp-json\/wp\/v2\/types\/post"}],"author":[{"embeddable":true,"href":"https:\/\/guialimeira.com.br\/news\/wp-json\/wp\/v2\/users\/1"}],"replies":[{"embeddable":true,"href":"https:\/\/guialimeira.com.br\/news\/wp-json\/wp\/v2\/comments?post=958"}],"version-history":[{"count":0,"href":"https:\/\/guialimeira.com.br\/news\/wp-json\/wp\/v2\/posts\/958\/revisions"}],"wp:featuredmedia":[{"embeddable":true,"href":"https:\/\/guialimeira.com.br\/news\/wp-json\/wp\/v2\/media\/269"}],"wp:attachment":[{"href":"https:\/\/guialimeira.com.br\/news\/wp-json\/wp\/v2\/media?parent=958"}],"wp:term":[{"taxonomy":"category","embeddable":true,"href":"https:\/\/guialimeira.com.br\/news\/wp-json\/wp\/v2\/categories?post=958"},{"taxonomy":"post_tag","embeddable":true,"href":"https:\/\/guialimeira.com.br\/news\/wp-json\/wp\/v2\/tags?post=958"}],"curies":[{"name":"wp","href":"https:\/\/api.w.org\/{rel}","templated":true}]}}