{"id":956,"date":"2024-04-04T17:56:49","date_gmt":"2024-04-04T20:56:49","guid":{"rendered":"https:\/\/guialimeira.com.br\/2024\/04\/04\/sao-paulo-tem-novo-espaco-para-acolhimento-de-imigrantes\/"},"modified":"2024-04-04T17:56:49","modified_gmt":"2024-04-04T20:56:49","slug":"sao-paulo-tem-novo-espaco-para-acolhimento-de-imigrantes","status":"publish","type":"post","link":"https:\/\/guialimeira.com.br\/news\/sao-paulo-tem-novo-espaco-para-acolhimento-de-imigrantes\/","title":{"rendered":"S\u00e3o Paulo tem novo espa\u00e7o para acolhimento de imigrantes"},"content":{"rendered":"<p> <br \/>\n<\/p>\n<div>\n<p>O estado de S\u00e3o Paulo inaugurou um novo espa\u00e7o de acolhimento para migrantes na regi\u00e3o metropolitana da capital. Com isso, n\u00e3o h\u00e1 mais afeg\u00e3os acampados no Aeroporto Internacional de Guarulhos (SP) neste momento.<img data-recalc-dims=\"1\" decoding=\"async\" src=\"https:\/\/i0.wp.com\/agenciabrasil.ebc.com.br\/ebc.png?w=696&#038;ssl=1\" style=\"width:1px; height:1px; display:inline;\"\/><img data-recalc-dims=\"1\" decoding=\"async\" src=\"https:\/\/i0.wp.com\/agenciabrasil.ebc.com.br\/ebc.gif?w=696&#038;ssl=1\" style=\"width:1px; height:1px; display:inline;\"\/><\/p>\n<p>A Casa do Migrante Terra Nova III\u00a0foi inaugurada\u00a0oficialmente na manh\u00e3 de hoje (4), mas j\u00e1\u00a0funciona h\u00e1\u00a0mais de duas semanas, informou a secretaria estadual de Desenvolvimento Social de S\u00e3o Paulo.<\/p>\n<p>No <a href=\"https:\/\/agenciabrasil.ebc.com.br\/direitos-humanos\/noticia\/2024-03\/em-pleno-ramada-afegaos-continuam-acampados-no-aeroporto-de-guarulhos\" target=\"_blank\" rel=\"noopener\">in\u00edcio de mar\u00e7o<\/a>,\u00a0alguns afeg\u00e3os ainda viviam\u00a0no aeroporto\u00a0Aeroporto Internacional de Guarulhos \u00e0 espera de acolhimento, A situa\u00e7\u00e3o agora \u00e9 outra, segundo a prefeitura de Guarulhos e o Alto-comissariado das Na\u00e7\u00f5es Unidas para os Refugiados (Acnur).<\/p>\n<p>\u201cN\u00e3o tem mais ningu\u00e9m [no aeroporto]\u201d, disse F\u00e1bio Cavalcante, secret\u00e1rio de Desenvolvimento e Assist\u00eancia Social de Guarulhos, em entrevista \u00e0 <strong>Ag\u00eancia Brasil<\/strong>. \u201cAgora estamos conseguindo encaminhar os migrantes. para um novo espa\u00e7o, o que, para n\u00f3s, realmente \u00e9 um sonho\u201d, disse.<\/p>\n<p>Desde 2021, quando radicais do Talib\u00e3 assumiram o poder, milh\u00f5es de afeg\u00e3os t\u00eam deixado o pa\u00eds, fugindo de um regime de viola\u00e7\u00e3o de direitos. O Brasil se tornou\u00a0destino de parte deles, ap\u00f3s a publica\u00e7\u00e3o de uma portaria interministerial, em setembro de 2021, que autorizou\u00a0o visto tempor\u00e1rio e de\u00a0resid\u00eancia\u00a0por raz\u00f5es humanit\u00e1rias. Com isso, afeg\u00e3os come\u00e7aram a desembarcar no Aeroporto de Cumbica, em Guarulhos.<\/p>\n<p>Segundo Cavalcante, nos \u00faltimos dois anos, cerca de 6 mil migrantes passaram pelo Posto Avan\u00e7ado de Atendimento Humanizado ao Migrante, localizado no Terminal 2 do aeroporto. Do\u00a0total, cerca de 90% eram afeg\u00e3os.<\/p>\n<p>\u201cNesses dois anos de trabalho\u00a0desenvolvidos junto \u00e0 rede de S\u00e3o Paulo, com apoio do governo federal, conseguimos\u00a0formar uma rede de acolhimento que culminou com a inaugura\u00e7\u00e3o do novo espa\u00e7o, que possibilitou zerar a demanda que aguardava\u00a0no aeroporto. Os novos imigrantes\u00a0t\u00eam sido encaminhados para acolhimentos de\u00a0forma direta\u201d, disse Maria Beatriz Nogueira, chefe do escrit\u00f3rio do Acnur.<\/p>\n<p>De acordo com Maria Beatriz\u00a0neste momento o problema foi resolvido e, com as novas vagas abertas, nenhum afeg\u00e3o ter\u00e1 que aguardar\u00a0acolhimento no aeroporto. &#8220;No entanto,\u00a0n\u00e3o \u00e9 poss\u00edvel dizer por quanto tempo esse processo funcionar\u00e1 adequadamente, j\u00e1 que o fluxo de migrantes pode aumentar de forma inesperada, o que exigir\u00e1 dos governos municipais, estadual e federal novos acordos.&#8221;<\/p>\n<p>\u201cO problema aparentemente est\u00e1 resolvido, vai ter\u00a0encaminhamento.\u00a0O fluxo\u00a0de pessoas refugiadas \u00e9 dif\u00edcil prever e controlar. \u00c0s vezes chega mais gente, \u00e0s vezes chega menos, mas, no momento, a rede est\u00e1 conseguindo absorver a m\u00e9dia de chegadas.. Mas se houver uma reten\u00e7\u00e3o maior, talvez possa ocorrer uma demora maior at\u00e9 sa\u00edrem do aeroporto\u00a0e se integrarem.&#8221;<\/p>\n<p>\u201cAbrimos um espa\u00e7o grande, efetivamente, e agora fica resolvido\u201d, disse o\u00a0secret\u00e1rio estadual de Desenvolvimento Social, Gilberto Nascimento.<\/p>\n<p>Segundo Nascimento, a maior parte dos afeg\u00e3os que chega ao Brasil\u00a0n\u00e3o permanece no pa\u00eds.\u00a0Eles\u00a0 t\u00eam como destino\u00a0Europa e Estados Unidos. Caso o fluxo de chegada cres\u00e7a inesperadamente, ser\u00e1 preciso fazer\u00a0nova modula\u00e7\u00e3o.<\/p>\n<p>\u201c\u00c9 \u00f3bvio que se a gente tiver um grande problema, uma grande guerra e o fluxo aumentar, com essas parcerias\u00a0temos a possibilidade de criar novos espa\u00e7os de forma muito mais r\u00e1pida\u201d, destacou.<\/p>\n<h2>Servi\u00e7o de acolhimento<\/h2>\n<p>A pedido do governo de S\u00e3o Paulo, a reportagem n\u00e3o pode revelar o nome da cidade onde este novo espa\u00e7o, chamado de Casa do Migrante Terra Nova III, foi criado. Mas na manh\u00e3 desta quinta-feira jornalistas puderam visitar o local, onde hoje vivem 44 afeg\u00e3os.<\/p>\n<p>Entre esses afeg\u00e3os estava um jovem que chegou \u00e0 Casa do Migrante no dia 19 de maio, depois de passar uma semana no aeroporto. \u201c\u00c9 um lugar muito bom. N\u00f3s estamos muito felizes de estar aqui no Brasil. A casa \u00e9 muito linda, a comida \u00e9 boa e dentro dos quartos tem banheiro\u201d, disse\u00a0\u00e0 <strong>Ag\u00eancia Brasil<\/strong> e \u00e0 <strong>TV Brasil<\/strong>. O jovem contou que pretende permanecer no Brasil e conquistar um trabalho para ajudar sua fam\u00edlia.<\/p>\n<p>O novo servi\u00e7o de acolhimento para migrantes atendia, anteriormente, pessoas em situa\u00e7\u00e3o de rua. O local\u00a0e tem capacidade para 150 pessoas, onde ter\u00e3o acesso a\u00a0alimenta\u00e7\u00e3o, apoio na emiss\u00e3o de documentos, acesso a pol\u00edticas p\u00fablicas, servi\u00e7os de sa\u00fade e aulas de portugu\u00eas.<\/p>\n<p>O espa\u00e7o conta com 79 su\u00edtes e um refeit\u00f3rio comunit\u00e1rio com cozinha industrial, sala de atendimento individual, lavanderia e horta. Al\u00e9m disso, tem wi-fi. Os acolhidos recebem quatro refei\u00e7\u00f5es di\u00e1rias e atendimento social e psicossocial.<\/p>\n<p>\u201cS\u00e3o refugiados. Hoje n\u00f3s temos 44 afeg\u00e3os. Temos orgulho em poder abrir esse espa\u00e7o, dar acolhimento\u00a0por meio de\u00a0parceria com\u00a0munic\u00edpios, com o governo federal e\u00a0Acnur&#8221;, disse o secret\u00e1rio Gilberto Nascimento.<\/p>\n<p>Cada dormit\u00f3rio conta com quatro camas e um banheiro privativo, al\u00e9m de um ventilador e l\u00e2mpada de emerg\u00eancia. Ao chegar a este espa\u00e7o, eles recebem roupas de cama e de banho. H\u00e1 dormit\u00f3rios destinados para homens solteiros e para mulheres solteiras e tamb\u00e9m h\u00e1 dormit\u00f3rios destinados a fam\u00edlias.<\/p>\n<p>Neste momento, em que ocorre o Ramad\u00e3, m\u00eas sagrado para os mu\u00e7ulmanos de todo o mundo, as refei\u00e7\u00f5es s\u00e3o preparadas\u00a0para que os afeg\u00e3os fa\u00e7am as suas ceias por volta das 4h da manh\u00e3 e \u00e0s 18h. Para os que n\u00e3o celebram o Ramad\u00e3, as refei\u00e7\u00f5es s\u00e3o servidas \u00e0s 07h, \u00e0s 12h e \u00e0s 19h, al\u00e9m de um lanche \u00e0 tarde.<\/p>\n<p>Para auxiliar os que\u00a0chegam, a Casa do Migrante Terra Nova III conta\u00a0com um tradutor,\u00a0Obaidullah Zai, afeg\u00e3o que chegou ao pa\u00eds h\u00e1 um ano e sete meses e\u00a0j\u00e1 aprendeu a falar portugu\u00eas. Nesta quinta-feira, Obaidullah Zai ajudou jornalistas a fazer\u00a0entrevistas com seus conterr\u00e2neos.<\/p>\n<p>\u201cQuando come\u00e7ou a guerra no Afeganist\u00e3o, eu fui para o Paquist\u00e3o. E no dia 19 de agosto de 2022,\u00a0cheguei ao Brasil\u201d, contou. Ele chegou sozinho e hoje vive em S\u00e3o Paulo. \u201cVim aqui para trabalhar\u201d, acrescentou.<\/p>\n<p>\u201cEstou trabalhando como tradutor. Eu gosto do Brasil porque, quando cheguei, eu n\u00e3o tinha nada e os brasileiros me ajudaram\u201d, disse.<\/p>\n<h2>Investimento<\/h2>\n<p>O investimento total na Casa do Migrante foi de R$ 5 milh\u00f5es por ano, sendo R$ 3,8 milh\u00f5es destinados pelo governo estadual e R$ 1,2 milh\u00e3o repassados pelo\u00a0federal. Os encaminhamentos\u00a0s\u00e3o feitos por meio do Posto Avan\u00e7ado de Atendimento Humanizado ao Migrante, localizado no Aeroporto Internacional de Guarulhos.<\/p>\n<p>O local n\u00e3o atender\u00e1 apenas afeg\u00e3os. Trata-se um servi\u00e7o de prote\u00e7\u00e3o para situa\u00e7\u00f5es de calamidades p\u00fablicas e emerg\u00eancias no acolhimento de migrantes, refugiados, solicitantes de ref\u00fagio, v\u00edtimas de tr\u00e1fico de pessoas estrangeiras e nacionais. A perman\u00eancia \u00e9 de at\u00e9 tr\u00eas meses, podendo ser estendida, dependendo do caso.<\/p>\n<p>De acordo com a Secretaria Estadual de Desenvolvimento Social,\u00a0h\u00e1 ainda duas casas de passagem para acolhimento de migrantes, refugiados e v\u00edtimas de tr\u00e1fico humano e oito rep\u00fablicas, totalizando cerca de 200 vagas rotativas. Com a inaugura\u00e7\u00e3o de hoje, sobe para 350 a capacidade de acolhimento oferecidas pelo governo de S\u00e3o Paulo.<\/p>\n<p>A <strong>Ag\u00eancia Brasil<\/strong> procurou o Minist\u00e9rio do Desenvolvimento e Assist\u00eancia Social, Fam\u00edlia e Combate \u00e0 Fome, mas at\u00e9 este momento n\u00e3o obteve retorno.<\/p>\n<\/p><\/div>\n<p><br \/>\n<br \/><a href=\"https:\/\/agenciabrasil.ebc.com.br\/geral\/noticia\/2024-04\/sao-paulo-tem-novo-espaco-para-acolhimento-de-imigrantes\" rel=\"noopener\">Ag\u00eancia Brasil<\/a><\/p>\n","protected":false},"excerpt":{"rendered":"<p>O estado de S\u00e3o Paulo inaugurou um novo espa\u00e7o de acolhimento para migrantes na regi\u00e3o metropolitana da capital. Com isso, n\u00e3o h\u00e1 mais afeg\u00e3os acampados no Aeroporto Internacional de Guarulhos (SP) neste momento. A Casa do Migrante Terra Nova III\u00a0foi inaugurada\u00a0oficialmente na manh\u00e3 de hoje (4), mas j\u00e1\u00a0funciona h\u00e1\u00a0mais de duas semanas, informou a secretaria [&hellip;]<\/p>\n","protected":false},"author":1,"featured_media":957,"comment_status":"open","ping_status":"open","sticky":false,"template":"","format":"standard","meta":{"_jetpack_newsletter_access":"","_jetpack_dont_email_post_to_subs":false,"_jetpack_newsletter_tier_id":0,"_jetpack_memberships_contains_paywalled_content":false,"_mbp_banners":[],"_jetpack_feature_clip_id":0,"_jetpack_memberships_contains_paid_content":false,"footnotes":"","jetpack_publicize_message":"","jetpack_publicize_feature_enabled":true,"jetpack_social_post_already_shared":true,"jetpack_social_options":{"image_generator_settings":{"template":"highway","default_image_id":0,"font":"","enabled":false},"version":2},"jetpack_post_was_ever_published":false},"categories":[1],"tags":[],"class_list":["post-956","post","type-post","status-publish","format-standard","has-post-thumbnail","category-geral"],"jetpack_publicize_connections":[],"jetpack-related-posts":[],"jetpack_shortlink":"https:\/\/wp.me\/p7Eq1F-fq","jetpack_sharing_enabled":true,"jetpack_featured_media_url":"https:\/\/i0.wp.com\/guialimeira.com.br\/news\/wp-content\/uploads\/2024\/04\/casa_acolhimento_02.jpg?fit=1600%2C800&ssl=1","_links":{"self":[{"href":"https:\/\/guialimeira.com.br\/news\/wp-json\/wp\/v2\/posts\/956","targetHints":{"allow":["GET"]}}],"collection":[{"href":"https:\/\/guialimeira.com.br\/news\/wp-json\/wp\/v2\/posts"}],"about":[{"href":"https:\/\/guialimeira.com.br\/news\/wp-json\/wp\/v2\/types\/post"}],"author":[{"embeddable":true,"href":"https:\/\/guialimeira.com.br\/news\/wp-json\/wp\/v2\/users\/1"}],"replies":[{"embeddable":true,"href":"https:\/\/guialimeira.com.br\/news\/wp-json\/wp\/v2\/comments?post=956"}],"version-history":[{"count":0,"href":"https:\/\/guialimeira.com.br\/news\/wp-json\/wp\/v2\/posts\/956\/revisions"}],"wp:featuredmedia":[{"embeddable":true,"href":"https:\/\/guialimeira.com.br\/news\/wp-json\/wp\/v2\/media\/957"}],"wp:attachment":[{"href":"https:\/\/guialimeira.com.br\/news\/wp-json\/wp\/v2\/media?parent=956"}],"wp:term":[{"taxonomy":"category","embeddable":true,"href":"https:\/\/guialimeira.com.br\/news\/wp-json\/wp\/v2\/categories?post=956"},{"taxonomy":"post_tag","embeddable":true,"href":"https:\/\/guialimeira.com.br\/news\/wp-json\/wp\/v2\/tags?post=956"}],"curies":[{"name":"wp","href":"https:\/\/api.w.org\/{rel}","templated":true}]}}