{"id":9548,"date":"2024-07-02T19:06:04","date_gmt":"2024-07-02T22:06:04","guid":{"rendered":"https:\/\/guialimeira.com.br\/2024\/07\/02\/parque-cidade-e-limeirao-recebem-feira-livre-noturna-com-atracao-musical\/"},"modified":"2024-07-02T19:06:04","modified_gmt":"2024-07-02T22:06:04","slug":"parque-cidade-e-limeirao-recebem-feira-livre-noturna-com-atracao-musical","status":"publish","type":"post","link":"https:\/\/guialimeira.com.br\/news\/parque-cidade-e-limeirao-recebem-feira-livre-noturna-com-atracao-musical\/","title":{"rendered":"Parque Cidade e Limeir\u00e3o recebem Feira Livre Noturna com atra\u00e7\u00e3o musical"},"content":{"rendered":"<p> <br \/>\n<br \/><img data-recalc-dims=\"1\" decoding=\"async\" src=\"https:\/\/i0.wp.com\/ecrie.com.br\/sistema\/conteudos\/imagem\/m_137_0_1_02072024163108.jpeg?w=696&#038;ssl=1\" \/><\/p>\n<p>&nbsp;<\/p>\n<p>Os pr&oacute;ximos dias contar&atilde;o com tr&ecirc;s&nbsp;edi&ccedil;&otilde;es da Feira Livre Noturna em Limeira. Nesta quinta-feira (4), ela ocorre em frente da entrada principal do Est&aacute;dio do Limeir&atilde;o. J&aacute; na ter&ccedil;a-feira (9), as 40 barracas estar&atilde;o no Parque Cidade (pr&oacute;ximo ao palco), com entrada pelos port&otilde;es C (Rua Dr. Jos&eacute; Botelho Veloso) e D (Rua Jo&atilde;o K&uuml;hl Filho). Na quinta-feira (11), o evento volta ao Est&aacute;dio do Limeir&atilde;o. O hor&aacute;rio &eacute; o mesmo em todos os dias: das 17h &agrave;s 22h. Com apoio da Secretaria de Cultura, as edi&ccedil;&otilde;es dos dias 9 e 11 ter&atilde;o atra&ccedil;&atilde;o musical, respectivamente, Paulo Melo e Chris Gold.<\/p>\n<p>Nas barracas, os consumidores ter&atilde;o acesso a produtos frescos e de qualidade, como legumes, verduras e frutas, al&eacute;m de alimentos prontos, como espetinhos, pizzas, lanches, derivados de milho, doces, entre outras op&ccedil;&otilde;es. Tamb&eacute;m ser&atilde;o comercializadas roupas, bijuterias e brinquedos.<\/p>\n<p>Lan&ccedil;ada no fim do ano passado, a iniciativa &eacute; da Prefeitura de Limeira, por meio da Secretaria de Meio Ambiente e Agricultura, em parceria com a Associa&ccedil;&atilde;o dos Feirantes (Asfel). O objetivo &eacute; oferecer hor&aacute;rio alternativo aos consumidores e mais uma op&ccedil;&atilde;o de lazer na cidade.<\/p>\n<p>&nbsp;<\/p>\n<p>&nbsp;<\/p>\n<p><br \/>\n<br \/><a href=\"https:\/\/limeira.sp.gov.br\/parque-cidade-e-limeirao-recebem-feira-livre-noturna-com-atracao-musical\" rel=\"noopener\">Informa\u00e7\u00f5es da PML <\/a><\/p>\n","protected":false},"excerpt":{"rendered":"<p>&nbsp; Os pr&oacute;ximos dias contar&atilde;o com tr&ecirc;s&nbsp;edi&ccedil;&otilde;es da Feira Livre Noturna em Limeira. Nesta quinta-feira (4), ela ocorre em frente da entrada principal do Est&aacute;dio do Limeir&atilde;o. J&aacute; na ter&ccedil;a-feira (9), as 40 barracas estar&atilde;o no Parque Cidade (pr&oacute;ximo ao palco), com entrada pelos port&otilde;es C (Rua Dr. Jos&eacute; Botelho Veloso) e D (Rua Jo&atilde;o [&hellip;]<\/p>\n","protected":false},"author":1,"featured_media":9549,"comment_status":"open","ping_status":"open","sticky":false,"template":"","format":"standard","meta":{"_jetpack_newsletter_access":"","_jetpack_dont_email_post_to_subs":false,"_jetpack_newsletter_tier_id":0,"_jetpack_memberships_contains_paywalled_content":false,"_mbp_banners":[],"_jetpack_feature_clip_id":0,"_jetpack_memberships_contains_paid_content":false,"footnotes":"","jetpack_publicize_message":"","jetpack_publicize_feature_enabled":true,"jetpack_social_post_already_shared":true,"jetpack_social_options":{"image_generator_settings":{"template":"highway","default_image_id":0,"font":"","enabled":false},"version":2},"jetpack_post_was_ever_published":false},"categories":[16],"tags":[],"class_list":["post-9548","post","type-post","status-publish","format-standard","has-post-thumbnail","category-local"],"jetpack_publicize_connections":[],"jetpack-related-posts":[],"jetpack_shortlink":"https:\/\/wp.me\/p7Eq1F-2u0","jetpack_sharing_enabled":true,"jetpack_featured_media_url":"https:\/\/i0.wp.com\/guialimeira.com.br\/news\/wp-content\/uploads\/2024\/07\/m_137_0_1_02072024163108.jpeg?fit=1350%2C852&ssl=1","_links":{"self":[{"href":"https:\/\/guialimeira.com.br\/news\/wp-json\/wp\/v2\/posts\/9548","targetHints":{"allow":["GET"]}}],"collection":[{"href":"https:\/\/guialimeira.com.br\/news\/wp-json\/wp\/v2\/posts"}],"about":[{"href":"https:\/\/guialimeira.com.br\/news\/wp-json\/wp\/v2\/types\/post"}],"author":[{"embeddable":true,"href":"https:\/\/guialimeira.com.br\/news\/wp-json\/wp\/v2\/users\/1"}],"replies":[{"embeddable":true,"href":"https:\/\/guialimeira.com.br\/news\/wp-json\/wp\/v2\/comments?post=9548"}],"version-history":[{"count":0,"href":"https:\/\/guialimeira.com.br\/news\/wp-json\/wp\/v2\/posts\/9548\/revisions"}],"wp:featuredmedia":[{"embeddable":true,"href":"https:\/\/guialimeira.com.br\/news\/wp-json\/wp\/v2\/media\/9549"}],"wp:attachment":[{"href":"https:\/\/guialimeira.com.br\/news\/wp-json\/wp\/v2\/media?parent=9548"}],"wp:term":[{"taxonomy":"category","embeddable":true,"href":"https:\/\/guialimeira.com.br\/news\/wp-json\/wp\/v2\/categories?post=9548"},{"taxonomy":"post_tag","embeddable":true,"href":"https:\/\/guialimeira.com.br\/news\/wp-json\/wp\/v2\/tags?post=9548"}],"curies":[{"name":"wp","href":"https:\/\/api.w.org\/{rel}","templated":true}]}}