{"id":9547,"date":"2024-07-02T18:27:00","date_gmt":"2024-07-02T21:27:00","guid":{"rendered":"https:\/\/guialimeira.com.br\/2024\/07\/02\/precisamos-colocar-a-carne-na-cesta-basica-diz-lula-sobre-isencao\/"},"modified":"2024-07-02T18:27:00","modified_gmt":"2024-07-02T21:27:00","slug":"precisamos-colocar-a-carne-na-cesta-basica-diz-lula-sobre-isencao","status":"publish","type":"post","link":"https:\/\/guialimeira.com.br\/news\/precisamos-colocar-a-carne-na-cesta-basica-diz-lula-sobre-isencao\/","title":{"rendered":"&#8220;Precisamos colocar a carne na cesta b\u00e1sica&#8221;, diz Lula sobre isen\u00e7\u00e3o"},"content":{"rendered":"<p> <br \/>\n<\/p>\n<div>\n<p>O presidente Luiz In\u00e1cio Lula da Silva defendeu nesta ter\u00e7a-feira (2) a inclus\u00e3o da carne na lista de produtos da cesta b\u00e1sica com al\u00edquota zero.<img data-recalc-dims=\"1\" decoding=\"async\" src=\"https:\/\/i0.wp.com\/agenciabrasil.ebc.com.br\/ebc.png?w=696&#038;ssl=1\" style=\"width:1px; height:1px; display:inline;\"\/><img data-recalc-dims=\"1\" decoding=\"async\" src=\"https:\/\/i0.wp.com\/agenciabrasil.ebc.com.br\/ebc.gif?w=696&#038;ssl=1\" style=\"width:1px; height:1px; display:inline;\"\/><\/p>\n<p>Segundo ele, \u00e9 preciso fazer uma diferencia\u00e7\u00e3o. Carnes, que ele chamou de chiques, continuariam tributadas. E as que fazem parte do dia a dia das pessoas teriam a isen\u00e7\u00e3o.<\/p>\n<blockquote>\n<p>&#8220;Voc\u00ea tem v\u00e1rios tipos de carne: tem carne chique, de primeir\u00edssima qualidade, que quem consome ela pode pagar um impostozinho. Agora voc\u00ea tem um outro tipo de carne que \u00e9 a carne que o povo consome. Eu n\u00e3o entro em detalhe, porque tem muita gente importante trabalhando nisso. Mas eu acho que a gente precisa colocar a carne na cesta b\u00e1sica, sim.&#8221;<\/p>\n<\/blockquote>\n<p>A declara\u00e7\u00e3o de Lula foi durante uma entrevista \u00e0 R\u00e1dio Sociedade da Bahia e veio na semana em que os grupos de trabalho da regulamenta\u00e7\u00e3o da Reforma Tribut\u00e1ria na C\u00e2mara finalizam os textos.<\/p>\n<p>Pela proposta inicial do governo, as carnes entram na categoria estendida, com isen\u00e7\u00e3o de 60%, mas o presidente disse que a proposta do governo n\u00e3o \u00e9 algo irrevog\u00e1vel, e que pode mudar.<\/p>\n<p>&#8220;Se \u00e9 poss\u00edvel fazer isso, eu n\u00e3o sei. N\u00f3s temos 513 deputados \u2013 s\u00e3o 513 cabe\u00e7as \u2013, al\u00e9m de 81 senadores \u2013 mais 81 cabe\u00e7as \u2013, e tem a proposta do governo. A proposta do governo n\u00e3o \u00e9 irrevog\u00e1vel. Ela pode mudar. Ent\u00e3o eu acho que \u00e9 uma sensibilidade por parte do pessoal que est\u00e1 trabalhando a pol\u00edtica tribut\u00e1ria. Se n\u00e3o for para todas as carnes, pelo menos para um tipo de carne.&#8221;<\/p>\n<p>O ministro da Fazenda, Fernando Haddad, reafirmou que as discuss\u00f5es est\u00e3o, agora, com o Congresso. Mais cedo, ele se reuniu com os parlamentares que fazem parte do grupo. E disse que as discuss\u00f5es, agora, <a href=\"https:\/\/agenciabrasil.ebc.com.br\/economia\/noticia\/2024-07\/haddad-se-diz-otimista-com-regulamentacao-da-reforma-tributaria\" target=\"_blank\" rel=\"noopener\">est\u00e3o no detalhe, bem adiantadas<\/a>.<\/p>\n<p>S\u00e3o dois projetos que tratam da regulamenta\u00e7\u00e3o da Reforma Tribut\u00e1ria na C\u00e2mara: um sobre a unifica\u00e7\u00e3o de cinco tributos, a partir da cria\u00e7\u00e3o do Imposto sobre Valor Agregado (IVA), dividido entre Imposto sobre Bens e Servi\u00e7os (IBS) e Contribui\u00e7\u00e3o sobre Bens e Servi\u00e7os (CBS); o outro trata do Comit\u00ea Gestor e da distribui\u00e7\u00e3o das receitas do IBS para os estados e munic\u00edpios e de saldo credor do ICMS.<\/p>\n<p>O acordo \u00e9 para vota\u00e7\u00e3o dessas propostas at\u00e9 o dia 17, antes do recesso no Legislativo.<\/p>\n<\/p><\/div>\n<p><br \/>\n<br \/><a href=\"https:\/\/agenciabrasil.ebc.com.br\/economia\/noticia\/2024-07\/precisamos-colocar-carne-na-cesta-basica-diz-lula-sobre-isencao\" rel=\"noopener\">Ag\u00eancia Brasil<\/a><\/p>\n","protected":false},"excerpt":{"rendered":"<p>O presidente Luiz In\u00e1cio Lula da Silva defendeu nesta ter\u00e7a-feira (2) a inclus\u00e3o da carne na lista de produtos da cesta b\u00e1sica com al\u00edquota zero. Segundo ele, \u00e9 preciso fazer uma diferencia\u00e7\u00e3o. Carnes, que ele chamou de chiques, continuariam tributadas. E as que fazem parte do dia a dia das pessoas teriam a isen\u00e7\u00e3o. &#8220;Voc\u00ea [&hellip;]<\/p>\n","protected":false},"author":1,"featured_media":8080,"comment_status":"open","ping_status":"open","sticky":false,"template":"","format":"standard","meta":{"_jetpack_newsletter_access":"","_jetpack_dont_email_post_to_subs":false,"_jetpack_newsletter_tier_id":0,"_jetpack_memberships_contains_paywalled_content":false,"_mbp_banners":[],"_jetpack_feature_clip_id":0,"_jetpack_memberships_contains_paid_content":false,"footnotes":"","jetpack_publicize_message":"","jetpack_publicize_feature_enabled":true,"jetpack_social_post_already_shared":true,"jetpack_social_options":{"image_generator_settings":{"template":"highway","default_image_id":0,"font":"","enabled":false},"version":2},"jetpack_post_was_ever_published":false},"categories":[24],"tags":[],"class_list":["post-9547","post","type-post","status-publish","format-standard","has-post-thumbnail","category-economia"],"jetpack_publicize_connections":[],"jetpack-related-posts":[],"jetpack_shortlink":"https:\/\/wp.me\/p7Eq1F-2tZ","jetpack_sharing_enabled":true,"jetpack_featured_media_url":"https:\/\/i0.wp.com\/guialimeira.com.br\/news\/wp-content\/uploads\/2024\/06\/reuniao-lula-reitores2_mcamgo_abr_10062024-3_12.jpg?fit=1600%2C800&ssl=1","_links":{"self":[{"href":"https:\/\/guialimeira.com.br\/news\/wp-json\/wp\/v2\/posts\/9547","targetHints":{"allow":["GET"]}}],"collection":[{"href":"https:\/\/guialimeira.com.br\/news\/wp-json\/wp\/v2\/posts"}],"about":[{"href":"https:\/\/guialimeira.com.br\/news\/wp-json\/wp\/v2\/types\/post"}],"author":[{"embeddable":true,"href":"https:\/\/guialimeira.com.br\/news\/wp-json\/wp\/v2\/users\/1"}],"replies":[{"embeddable":true,"href":"https:\/\/guialimeira.com.br\/news\/wp-json\/wp\/v2\/comments?post=9547"}],"version-history":[{"count":0,"href":"https:\/\/guialimeira.com.br\/news\/wp-json\/wp\/v2\/posts\/9547\/revisions"}],"wp:featuredmedia":[{"embeddable":true,"href":"https:\/\/guialimeira.com.br\/news\/wp-json\/wp\/v2\/media\/8080"}],"wp:attachment":[{"href":"https:\/\/guialimeira.com.br\/news\/wp-json\/wp\/v2\/media?parent=9547"}],"wp:term":[{"taxonomy":"category","embeddable":true,"href":"https:\/\/guialimeira.com.br\/news\/wp-json\/wp\/v2\/categories?post=9547"},{"taxonomy":"post_tag","embeddable":true,"href":"https:\/\/guialimeira.com.br\/news\/wp-json\/wp\/v2\/tags?post=9547"}],"curies":[{"name":"wp","href":"https:\/\/api.w.org\/{rel}","templated":true}]}}