{"id":9532,"date":"2024-07-02T16:20:03","date_gmt":"2024-07-02T19:20:03","guid":{"rendered":"https:\/\/guialimeira.com.br\/2024\/07\/02\/apos-5-meses-minas-gerais-decreta-fim-da-emergencia-em-saude-publica\/"},"modified":"2024-07-02T16:20:03","modified_gmt":"2024-07-02T19:20:03","slug":"apos-5-meses-minas-gerais-decreta-fim-da-emergencia-em-saude-publica","status":"publish","type":"post","link":"https:\/\/guialimeira.com.br\/news\/apos-5-meses-minas-gerais-decreta-fim-da-emergencia-em-saude-publica\/","title":{"rendered":"Ap\u00f3s 5 meses, Minas Gerais decreta fim da emerg\u00eancia em sa\u00fade p\u00fablica"},"content":{"rendered":"<p> <br \/>\n<\/p>\n<div>\n<p>Ap\u00f3s mais de cinco meses da pior epidemia de dengue j\u00e1 registrada no estado, o governo de Minas Gerais <a href=\"https:\/\/www.almg.gov.br\/legislacao-mineira\/texto\/DNE\/462\/2024\/\" target=\"_blank\" rel=\"noopener\">declarou o fim da situa\u00e7\u00e3o de emerg\u00eancia em sa\u00fade p\u00fablica<\/a> provocada por arboviroses. Em mar\u00e7o, o <a href=\"https:\/\/agenciabrasil.ebc.com.br\/it\/node\/1585035\" target=\"_blank\" rel=\"noopener\">estado chegou a responder por praticamente um em cada tr\u00eas casos prov\u00e1veis de dengue<\/a> contabilizados em todo o pa\u00eds.<img data-recalc-dims=\"1\" decoding=\"async\" src=\"https:\/\/i0.wp.com\/agenciabrasil.ebc.com.br\/ebc.png?w=696&#038;ssl=1\" style=\"width:1px; height:1px; display:inline;\"\/><img data-recalc-dims=\"1\" decoding=\"async\" src=\"https:\/\/i0.wp.com\/agenciabrasil.ebc.com.br\/ebc.gif?w=696&#038;ssl=1\" style=\"width:1px; height:1px; display:inline;\"\/><\/p>\n<p>Mesmo com a melhora no cen\u00e1rio epidemiol\u00f3gico, Minas Gerais segue em primeiro lugar no ranking de n\u00fameros absolutos, com 1.655.210 casos prov\u00e1veis da doen\u00e7a desde janeiro.\u00a0<\/p>\n<p>O estado registra ainda o segundo maior coeficiente de incid\u00eancia do pa\u00eds \u2013 8.059 casos para cada 100 mil habitantes, atr\u00e1s apenas do Distrito Federal, com \u00edndice de 9.628.<\/p>\n<p>De acordo com o Painel de Monitoramento de Arboviroses, Minas Gerais j\u00e1 confirmou 753 mortes por dengue este ano. H\u00e1 ainda 735 \u00f3bitos em investiga\u00e7\u00e3o para a doen\u00e7a. A letalidade entre casos graves, em territ\u00f3rio mineiro, \u00e9 de 5,82. A maioria dos casos foi registrado entre mulheres (55,8%) e a faixa et\u00e1ria mais afetada pela doen\u00e7a \u00e9 dos 20 aos 29 anos.<\/p>\n<h2>Entenda<\/h2>\n<p>Em janeiro, uma explos\u00e3o de casos de dengue fez com que Minas Gerais <a href=\"https:\/\/www.almg.gov.br\/legislacao-mineira\/texto\/DNE\/64\/2024\/?cons=1\" target=\"_blank\" rel=\"noopener\">decretasse emerg\u00eancia em sa\u00fade p\u00fablica<\/a> pouco ap\u00f3s a virada do ano. A medida facilita acesso a recursos federais e agiliza processos voltados ao combate da doen\u00e7a.<\/p>\n<p>O decreto estadual previa tamb\u00e9m a instala\u00e7\u00e3o do Centro de Opera\u00e7\u00f5es de Emerg\u00eancias de Arboviroses (COE Minas Arboviroses). A proposta foi a de promover uma resposta no \u00e2mbito do Sistema \u00danico de Sa\u00fade (SUS) com atua\u00e7\u00e3o coordenada, possibilitando a an\u00e1lise de dados e informa\u00e7\u00f5es para subsidiar a tomada de decis\u00e3o dos gestores.<\/p>\n<p>At\u00e9 o in\u00edcio de junho, Minas Gerais contabilizava ainda 267 decretos municipais de situa\u00e7\u00e3o de emerg\u00eancia em sa\u00fade p\u00fablica provocados por arboviroses que, al\u00e9m da dengue, incluem zika, chikungunya e febre amarela, todas causadas pelo mosquito Aedes aegypti.<\/p>\n<\/p><\/div>\n<p><br \/>\n<br \/><a href=\"https:\/\/agenciabrasil.ebc.com.br\/saude\/noticia\/2024-07\/apos-5-meses-minas-gerais-decreta-fim-da-emergencia-em-saude-publica\" rel=\"noopener\">Ag\u00eancia Brasil <\/a><\/p>\n","protected":false},"excerpt":{"rendered":"<p>Ap\u00f3s mais de cinco meses da pior epidemia de dengue j\u00e1 registrada no estado, o governo de Minas Gerais declarou o fim da situa\u00e7\u00e3o de emerg\u00eancia em sa\u00fade p\u00fablica provocada por arboviroses. Em mar\u00e7o, o estado chegou a responder por praticamente um em cada tr\u00eas casos prov\u00e1veis de dengue contabilizados em todo o pa\u00eds. Mesmo [&hellip;]<\/p>\n","protected":false},"author":1,"featured_media":2758,"comment_status":"open","ping_status":"open","sticky":false,"template":"","format":"standard","meta":{"_jetpack_newsletter_access":"","_jetpack_dont_email_post_to_subs":false,"_jetpack_newsletter_tier_id":0,"_jetpack_memberships_contains_paywalled_content":false,"_mbp_banners":[],"_jetpack_feature_clip_id":0,"_jetpack_memberships_contains_paid_content":false,"footnotes":"","jetpack_publicize_message":"","jetpack_publicize_feature_enabled":true,"jetpack_social_post_already_shared":true,"jetpack_social_options":{"image_generator_settings":{"template":"highway","default_image_id":0,"font":"","enabled":false},"version":2},"jetpack_post_was_ever_published":false},"categories":[15],"tags":[],"class_list":["post-9532","post","type-post","status-publish","format-standard","has-post-thumbnail","category-saude"],"jetpack_publicize_connections":[],"jetpack-related-posts":[],"jetpack_shortlink":"https:\/\/wp.me\/p7Eq1F-2tK","jetpack_sharing_enabled":true,"jetpack_featured_media_url":"https:\/\/i0.wp.com\/guialimeira.com.br\/news\/wp-content\/uploads\/2024\/04\/mosquito_.jpg?fit=1600%2C800&ssl=1","_links":{"self":[{"href":"https:\/\/guialimeira.com.br\/news\/wp-json\/wp\/v2\/posts\/9532","targetHints":{"allow":["GET"]}}],"collection":[{"href":"https:\/\/guialimeira.com.br\/news\/wp-json\/wp\/v2\/posts"}],"about":[{"href":"https:\/\/guialimeira.com.br\/news\/wp-json\/wp\/v2\/types\/post"}],"author":[{"embeddable":true,"href":"https:\/\/guialimeira.com.br\/news\/wp-json\/wp\/v2\/users\/1"}],"replies":[{"embeddable":true,"href":"https:\/\/guialimeira.com.br\/news\/wp-json\/wp\/v2\/comments?post=9532"}],"version-history":[{"count":0,"href":"https:\/\/guialimeira.com.br\/news\/wp-json\/wp\/v2\/posts\/9532\/revisions"}],"wp:featuredmedia":[{"embeddable":true,"href":"https:\/\/guialimeira.com.br\/news\/wp-json\/wp\/v2\/media\/2758"}],"wp:attachment":[{"href":"https:\/\/guialimeira.com.br\/news\/wp-json\/wp\/v2\/media?parent=9532"}],"wp:term":[{"taxonomy":"category","embeddable":true,"href":"https:\/\/guialimeira.com.br\/news\/wp-json\/wp\/v2\/categories?post=9532"},{"taxonomy":"post_tag","embeddable":true,"href":"https:\/\/guialimeira.com.br\/news\/wp-json\/wp\/v2\/tags?post=9532"}],"curies":[{"name":"wp","href":"https:\/\/api.w.org\/{rel}","templated":true}]}}