{"id":9529,"date":"2024-07-02T16:03:01","date_gmt":"2024-07-02T19:03:01","guid":{"rendered":"https:\/\/guialimeira.com.br\/2024\/07\/02\/prefeitura-antecipa-comemoracoes-da-revolucao-constitucionalista-de-32\/"},"modified":"2024-07-02T16:03:01","modified_gmt":"2024-07-02T19:03:01","slug":"prefeitura-antecipa-comemoracoes-da-revolucao-constitucionalista-de-32","status":"publish","type":"post","link":"https:\/\/guialimeira.com.br\/news\/prefeitura-antecipa-comemoracoes-da-revolucao-constitucionalista-de-32\/","title":{"rendered":"Prefeitura antecipa comemora\u00e7\u00f5es da Revolu\u00e7\u00e3o Constitucionalista de 32"},"content":{"rendered":"<p> <br \/>\n<br \/><img data-recalc-dims=\"1\" decoding=\"async\" src=\"https:\/\/i0.wp.com\/ecrie.com.br\/sistema\/conteudos\/imagem\/m_137_0_1_02072024160039.jpeg?w=696&#038;ssl=1\" \/><\/p>\n<p style=\"text-align: justify\">A Prefeitura de Limeira, por meio da Comiss&atilde;o Municipal de Civismo, antecipou para s&aacute;bado (6) as comemora&ccedil;&otilde;es do 9 de Julho. O evento vai marcar os 92 anos da Revolu&ccedil;&atilde;o Constitucionalista de 1932.&nbsp;<\/p>\n<p style=\"text-align: justify\">A cerim&ocirc;nia ser&aacute; realizada s&aacute;bado, a partir das 8h, na Pra&ccedil;a do Soldado Constitucionalista de 32 &ndash; Cemit&eacute;rio Saudade I, com a participa&ccedil;&atilde;o de autoridades civis e militares.<\/p>\n<p style=\"text-align: justify\">INTERDI&Ccedil;&Otilde;ES&nbsp;<\/p>\n<p style=\"text-align: justify\">Em raz&atilde;o do evento, a Secretaria de Mobilidade Urbana de Limeira far&aacute; interdi&ccedil;&otilde;es em alguns trechos na Avenida Saudades, Rua Prefeito Dr. Alberto Ferreira, Rua Alferes Franco e Rua Dr. Artur Porchart de Assis.<\/p>\n<p style=\"text-align: justify\">As vagas de estacionamento na Pra&ccedil;a Soldado Constitucionalista e os trechos pr&oacute;ximos &agrave; Av. Saudades, entre as Ruas Alferes Franco e Dr. Artur Porchart de Assis, ser&atilde;o interditados na madrugada do s&aacute;bado (6).&nbsp;<\/p>\n<p style=\"text-align: justify\">J&aacute; a Rua Prefeito Dr. Alberto Ferreira, no trecho entre a Rua Gustavo D&oacute;ria at&eacute; a Pra&ccedil;a do Soldado Constitucionalista, ser&aacute; interditado somente durante a cerim&ocirc;nia.<\/p>\n<p style=\"text-align: justify\">PARTICIPA&Ccedil;&Otilde;ES<\/p>\n<p style=\"text-align: justify\">Tiro de Guerra 02-020<\/p>\n<p style=\"text-align: justify\">36&ordm; Batalh&atilde;o da Pol&iacute;cia Militar<\/p>\n<p style=\"text-align: justify\">Guarda Civil Municipal<\/p>\n<p style=\"text-align: justify\">Banda Marcial do Campl (Patrulheiro)<\/p>\n<p style=\"text-align: justify\">Grupo de Escoteiro Tatuibi 51<\/p>\n<p style=\"text-align: justify\">Grupo de Escoteiro Limeira 362<\/p>\n<p style=\"text-align: justify\">Fope Limeira (For&ccedil;a Patriota Estudantil)<\/p>\n<p style=\"text-align: justify\">Maestro Junior Villas Boas<\/p>\n<div>&nbsp;<\/div>\n<p><br \/>\n<br \/><a href=\"https:\/\/limeira.sp.gov.br\/prefeitura-antecipa-comemoracoes-da-revolucao-constitucionalista-de-32\" rel=\"noopener\">Informa\u00e7\u00f5es da PML <\/a><\/p>\n","protected":false},"excerpt":{"rendered":"<p>A Prefeitura de Limeira, por meio da Comiss&atilde;o Municipal de Civismo, antecipou para s&aacute;bado (6) as comemora&ccedil;&otilde;es do 9 de Julho. O evento vai marcar os 92 anos da Revolu&ccedil;&atilde;o Constitucionalista de 1932.&nbsp; A cerim&ocirc;nia ser&aacute; realizada s&aacute;bado, a partir das 8h, na Pra&ccedil;a do Soldado Constitucionalista de 32 &ndash; Cemit&eacute;rio Saudade I, com a [&hellip;]<\/p>\n","protected":false},"author":1,"featured_media":9530,"comment_status":"open","ping_status":"open","sticky":false,"template":"","format":"standard","meta":{"_jetpack_newsletter_access":"","_jetpack_dont_email_post_to_subs":false,"_jetpack_newsletter_tier_id":0,"_jetpack_memberships_contains_paywalled_content":false,"_mbp_banners":[],"_jetpack_feature_clip_id":0,"_jetpack_memberships_contains_paid_content":false,"footnotes":"","jetpack_publicize_message":"","jetpack_publicize_feature_enabled":true,"jetpack_social_post_already_shared":true,"jetpack_social_options":{"image_generator_settings":{"template":"highway","default_image_id":0,"font":"","enabled":false},"version":2},"jetpack_post_was_ever_published":false},"categories":[16],"tags":[],"class_list":["post-9529","post","type-post","status-publish","format-standard","has-post-thumbnail","category-local"],"jetpack_publicize_connections":[],"jetpack-related-posts":[],"jetpack_shortlink":"https:\/\/wp.me\/p7Eq1F-2tH","jetpack_sharing_enabled":true,"jetpack_featured_media_url":"https:\/\/i0.wp.com\/guialimeira.com.br\/news\/wp-content\/uploads\/2024\/07\/m_137_0_1_02072024160039.jpeg?fit=597%2C426&ssl=1","_links":{"self":[{"href":"https:\/\/guialimeira.com.br\/news\/wp-json\/wp\/v2\/posts\/9529","targetHints":{"allow":["GET"]}}],"collection":[{"href":"https:\/\/guialimeira.com.br\/news\/wp-json\/wp\/v2\/posts"}],"about":[{"href":"https:\/\/guialimeira.com.br\/news\/wp-json\/wp\/v2\/types\/post"}],"author":[{"embeddable":true,"href":"https:\/\/guialimeira.com.br\/news\/wp-json\/wp\/v2\/users\/1"}],"replies":[{"embeddable":true,"href":"https:\/\/guialimeira.com.br\/news\/wp-json\/wp\/v2\/comments?post=9529"}],"version-history":[{"count":0,"href":"https:\/\/guialimeira.com.br\/news\/wp-json\/wp\/v2\/posts\/9529\/revisions"}],"wp:featuredmedia":[{"embeddable":true,"href":"https:\/\/guialimeira.com.br\/news\/wp-json\/wp\/v2\/media\/9530"}],"wp:attachment":[{"href":"https:\/\/guialimeira.com.br\/news\/wp-json\/wp\/v2\/media?parent=9529"}],"wp:term":[{"taxonomy":"category","embeddable":true,"href":"https:\/\/guialimeira.com.br\/news\/wp-json\/wp\/v2\/categories?post=9529"},{"taxonomy":"post_tag","embeddable":true,"href":"https:\/\/guialimeira.com.br\/news\/wp-json\/wp\/v2\/tags?post=9529"}],"curies":[{"name":"wp","href":"https:\/\/api.w.org\/{rel}","templated":true}]}}