{"id":9517,"date":"2024-07-02T14:01:10","date_gmt":"2024-07-02T17:01:10","guid":{"rendered":"https:\/\/guialimeira.com.br\/2024\/07\/02\/curso-ensina-conservacao-de-audio-analogico-nesta-quinta-4\/"},"modified":"2024-07-02T14:01:10","modified_gmt":"2024-07-02T17:01:10","slug":"curso-ensina-conservacao-de-audio-analogico-nesta-quinta-4","status":"publish","type":"post","link":"https:\/\/guialimeira.com.br\/news\/curso-ensina-conservacao-de-audio-analogico-nesta-quinta-4\/","title":{"rendered":"Curso ensina conserva\u00e7\u00e3o de \u00e1udio anal\u00f3gico nesta quinta (4)"},"content":{"rendered":"<p> <br \/>\n<br \/><img data-recalc-dims=\"1\" decoding=\"async\" src=\"https:\/\/i0.wp.com\/ecrie.com.br\/sistema\/conteudos\/imagem\/m_137_0_1_02072024111049.jpg?w=696&#038;ssl=1\" \/><\/p>\n<p dir=\"ltr\" style=\"text-align: justify\">Nesta quinta-feira (4), acontece o curso &ldquo;Conserva&ccedil;&atilde;o de &aacute;udio anal&oacute;gico &#8211; disco de goma-laca, vinil e fitas magn&eacute;ticas&rdquo;, no Museu Major Jos&eacute; Levy Sobrinho, das 9h &agrave;s 17h. Voltada para o p&uacute;blico a partir de 18 anos, a atividade faz parte do m&oacute;dulo 2 da Forma&ccedil;&atilde;o Continuada em Preserva&ccedil;&atilde;o de Acervos Audiovisuais e Fotogr&aacute;ficos. A realiza&ccedil;&atilde;o &eacute; do Sistema Estadual de Museus (SISEM-SP), Casa das Rosas e Prefeitura de Limeira, por meio da Secretaria de Cultura.<\/p>\n<p dir=\"ltr\" style=\"text-align: justify\">No per&iacute;odo da manh&atilde;, a oficina vai abordar a conserva&ccedil;&atilde;o de discos de goma laca e vinil com apresenta&ccedil;&atilde;o te&oacute;rica sobre os suportes, como conserv&aacute;-los e acondicion&aacute;-los. J&aacute; no per&iacute;odo da tarde, ser&aacute; trabalhado o conte&uacute;do sobre a conserva&ccedil;&atilde;o de K7s e Fitas Rolo, com demonstra&ccedil;&atilde;o de higieniza&ccedil;&atilde;o de K7s com equipamento pr&oacute;prio. Os participantes podem levar discos e K7s pessoais para realizar higieniza&ccedil;&atilde;o. A oficina &eacute; ministrada por Cecilia Salamon, t&eacute;cnica de conserva&ccedil;&atilde;o do Museu da Imagem e do Som.&nbsp;<\/p>\n<p dir=\"ltr\" style=\"text-align: justify\">Os interessados devem se inscrever pelo telefone 3442-1707 ou e-mail&nbsp;<a href=\"mailto:agendamento.museu@limeira.sp.gov.br\" target=\"_blank\" rel=\"noopener noreferrer\">agendamento.museu@limeira.sp.gov.br<\/a>. O Museu fica na Rua Boa Morte, 471, Centro.<\/p>\n<p><br \/>\n<br \/><a href=\"https:\/\/limeira.sp.gov.br\/curso-ensina-conservacao-de-audio-analogico-nesta-quinta-4\" rel=\"noopener\">Informa\u00e7\u00f5es da PML <\/a><\/p>\n","protected":false},"excerpt":{"rendered":"<p>Nesta quinta-feira (4), acontece o curso &ldquo;Conserva&ccedil;&atilde;o de &aacute;udio anal&oacute;gico &#8211; disco de goma-laca, vinil e fitas magn&eacute;ticas&rdquo;, no Museu Major Jos&eacute; Levy Sobrinho, das 9h &agrave;s 17h. Voltada para o p&uacute;blico a partir de 18 anos, a atividade faz parte do m&oacute;dulo 2 da Forma&ccedil;&atilde;o Continuada em Preserva&ccedil;&atilde;o de Acervos Audiovisuais e Fotogr&aacute;ficos. A [&hellip;]<\/p>\n","protected":false},"author":1,"featured_media":9518,"comment_status":"open","ping_status":"open","sticky":false,"template":"","format":"standard","meta":{"_jetpack_newsletter_access":"","_jetpack_dont_email_post_to_subs":false,"_jetpack_newsletter_tier_id":0,"_jetpack_memberships_contains_paywalled_content":false,"_mbp_banners":[],"_jetpack_feature_clip_id":0,"_jetpack_memberships_contains_paid_content":false,"footnotes":"","jetpack_publicize_message":"","jetpack_publicize_feature_enabled":true,"jetpack_social_post_already_shared":true,"jetpack_social_options":{"image_generator_settings":{"template":"highway","default_image_id":0,"font":"","enabled":false},"version":2},"jetpack_post_was_ever_published":false},"categories":[16],"tags":[],"class_list":["post-9517","post","type-post","status-publish","format-standard","has-post-thumbnail","category-local"],"jetpack_publicize_connections":[],"jetpack-related-posts":[],"jetpack_shortlink":"https:\/\/wp.me\/p7Eq1F-2tv","jetpack_sharing_enabled":true,"jetpack_featured_media_url":"https:\/\/i0.wp.com\/guialimeira.com.br\/news\/wp-content\/uploads\/2024\/07\/m_137_0_1_02072024111049.jpg?fit=900%2C900&ssl=1","_links":{"self":[{"href":"https:\/\/guialimeira.com.br\/news\/wp-json\/wp\/v2\/posts\/9517","targetHints":{"allow":["GET"]}}],"collection":[{"href":"https:\/\/guialimeira.com.br\/news\/wp-json\/wp\/v2\/posts"}],"about":[{"href":"https:\/\/guialimeira.com.br\/news\/wp-json\/wp\/v2\/types\/post"}],"author":[{"embeddable":true,"href":"https:\/\/guialimeira.com.br\/news\/wp-json\/wp\/v2\/users\/1"}],"replies":[{"embeddable":true,"href":"https:\/\/guialimeira.com.br\/news\/wp-json\/wp\/v2\/comments?post=9517"}],"version-history":[{"count":0,"href":"https:\/\/guialimeira.com.br\/news\/wp-json\/wp\/v2\/posts\/9517\/revisions"}],"wp:featuredmedia":[{"embeddable":true,"href":"https:\/\/guialimeira.com.br\/news\/wp-json\/wp\/v2\/media\/9518"}],"wp:attachment":[{"href":"https:\/\/guialimeira.com.br\/news\/wp-json\/wp\/v2\/media?parent=9517"}],"wp:term":[{"taxonomy":"category","embeddable":true,"href":"https:\/\/guialimeira.com.br\/news\/wp-json\/wp\/v2\/categories?post=9517"},{"taxonomy":"post_tag","embeddable":true,"href":"https:\/\/guialimeira.com.br\/news\/wp-json\/wp\/v2\/tags?post=9517"}],"curies":[{"name":"wp","href":"https:\/\/api.w.org\/{rel}","templated":true}]}}