{"id":9490,"date":"2024-07-02T07:52:59","date_gmt":"2024-07-02T10:52:59","guid":{"rendered":"https:\/\/guialimeira.com.br\/2024\/07\/02\/copa-america-brasil-encara-colombia-de-olho-na-lideranca-do-grupo-d\/"},"modified":"2024-07-02T07:52:59","modified_gmt":"2024-07-02T10:52:59","slug":"copa-america-brasil-encara-colombia-de-olho-na-lideranca-do-grupo-d","status":"publish","type":"post","link":"https:\/\/guialimeira.com.br\/news\/copa-america-brasil-encara-colombia-de-olho-na-lideranca-do-grupo-d\/","title":{"rendered":"Copa Am\u00e9rica: Brasil encara Col\u00f4mbia de olho na lideran\u00e7a do Grupo D"},"content":{"rendered":"<p> <br \/>\n<\/p>\n<div>\n<p>A sele\u00e7\u00e3o brasileira de futebol entra em campo contra a Col\u00f4mbia, na noite desta ter\u00e7a-feira (23), de olho na classifica\u00e7\u00e3o \u00e0s quartas de final da Copa Am\u00e9rica, nos Estados Unidos. O Brasil depende apenas de um empate no \u00faltimo duelo da fase de grupos para avan\u00e7ar na competi\u00e7\u00e3o. Em caso de vit\u00f3ria, a sele\u00e7\u00e3o vira l\u00edder da chave D e ter\u00e1 o\u00a0Panam\u00e1 (segundo lugar no\u00a0grupo C) como advers\u00e1rio nas quartas,\u00a0escapando do\u00a0Uruguai, primeiro colocado..Brasileiros e colombianos se enfrentam a partir das 22h (hor\u00e1rio de Bras\u00edlia), no Levi\u2019s Stadium, na cidade de Santa Clara, na Calif\u00f3rnia.<img data-recalc-dims=\"1\" decoding=\"async\" src=\"https:\/\/i0.wp.com\/agenciabrasil.ebc.com.br\/ebc.png?w=696&#038;ssl=1\" style=\"width:1px; height:1px; display:inline;\"\/><img data-recalc-dims=\"1\" decoding=\"async\" src=\"https:\/\/i0.wp.com\/agenciabrasil.ebc.com.br\/ebc.gif?w=696&#038;ssl=1\" style=\"width:1px; height:1px; display:inline;\"\/><\/p>\n<blockquote class=\"instagram-media\" data-instgrm-captioned=\"\" data-instgrm-permalink=\"https:\/\/www.instagram.com\/p\/C854l1CNDw4\/?utm_source=ig_embed&amp;utm_campaign=loading\" data-instgrm-version=\"14\" style=\" background:#FFF; border:0; border-radius:3px; box-shadow:0 0 1px 0 rgba(0,0,0,0.5),0 1px 10px 0 rgba(0,0,0,0.15); margin: 1px; max-width:540px; min-width:326px; padding:0; width:99.375%; width:-webkit-calc(100% - 2px); width:calc(100% - 2px);\">\n<\/blockquote>\n<p>Se por um lado a equipe comandada pelo t\u00e9cnico Dorival J\u00fanior chega embalada para a terceira\u00a0partida da Copa Am\u00e9rica, ap\u00f3s desencantar com <a href=\"https:\/\/agenciabrasil.ebc.com.br\/esportes\/noticia\/2024-06\/vinicius-junior-brilha-e-brasil-derrota-paraguai-na-copa-america\" rel=\"noopener\"><strong>placar de 4 a 1 sobre o Paraguai na \u00faltima sexta (28)<\/strong><\/a>, do outro lado do campo estar\u00e1 a Col\u00f4mbia, que ostenta uma invencibilidade de 25 jogos. Atual l\u00edder do Grupo D, a Col\u00f4mbia tem seis pontos, obtidos com vit\u00f3rias sobre o Paraguai (2 a 1 ) e Costa Rica (3 a 0). J\u00e1 o Brasil soma quatro pontos (um empate sem gols contra a Costa Rica e a goleada contra o Paraguai).<\/p>\n<p>O embate de hoje pode ter clima de revanche, ap\u00f3s o rev\u00e9s brasileiro (2 a 1), em partida das Eliminat\u00f3rias Sul-Americanas da Copa do Mundo de 2026, em novembro do ano passado..Na ocasi\u00e3o, a sele\u00e7\u00e3o estava sob\u00a0comando do t\u00e9cnico interino Fernando Diniz.\u00a0<\/p>\n<p>Ciente do desafio que tem pela frente, o t\u00e9cnico Dorival J\u00fanior fez suspense sobre os relacionados para o jogo desta noite, mas adiantou que n\u00e3o descartada\u00a0mudan\u00e7as no time.<\/p>\n<blockquote>\n<p>\u201cTem altera\u00e7\u00f5es dentro da necessidade da partida. N\u00f3s estamos estudando bastante a equipe colombiana, ali\u00e1s uma excelente equipe, vem tendo uma regularidade muito boa e alcan\u00e7ando resultados muito interessantes\u201d, elogiou Dorival, durante coletiva de imprensa na segunda-feira (1\u00ba).<\/p>\n<\/blockquote>\n<p>Quatro jogadores da sele\u00e7\u00e3o \u2013 Wendell, \u00c9der Milit\u00e3o, Vinicius J\u00fanior e Lucas Paquet\u00e1 &#8211; n\u00e3o podem correr o risco de receber o segundo cart\u00e3o amarelo na partida de hoje, caso contr\u00e1rio ficar\u00e3o fora da partida das quartas de final.<\/p>\n<blockquote>\n<p>\u201cN\u00e3o ser\u00e3o levados em conta [os cart\u00f5es], vamos entrar com melhor forma\u00e7\u00e3o poss\u00edvel para essa partida, independente da situa\u00e7\u00e3o de cada um, queremos fazer nosso melhor e conquistar o melhor resultado poss\u00edvel\u201d, garantiu o t\u00e9cnico.<\/p>\n<\/blockquote>\n<p>Na \u00faltima sexta (28),\u00a0\u00a0Dorival levou a campo \u00a0Alisson; Danilo, \u00c9der Milit\u00e3o (Gabriel Magalh\u00e3es), Marquinhos e Wendell; Jo\u00e3o Gomes, Bruno Guimar\u00e3es (Douglas Luiz) e Lucas Paquet\u00e1 (Andreas Pereira); Vinicius J\u00fanior., Savinho (Raphinha) e Rodrygo (Endrick).<\/p>\n<\/p><\/div>\n<p><script async src=\"\/\/www.instagram.com\/embed.js\"><\/script><br \/>\n<br \/><br \/>\n<br \/><a href=\"https:\/\/agenciabrasil.ebc.com.br\/esportes\/noticia\/2024-07\/copa-america-brasil-encara-colombia-de-olho-na-lideranca-do-grupo-d\" rel=\"noopener\">Ag\u00eancia Brasil<\/a><\/p>\n","protected":false},"excerpt":{"rendered":"<p>A sele\u00e7\u00e3o brasileira de futebol entra em campo contra a Col\u00f4mbia, na noite desta ter\u00e7a-feira (23), de olho na classifica\u00e7\u00e3o \u00e0s quartas de final da Copa Am\u00e9rica, nos Estados Unidos. O Brasil depende apenas de um empate no \u00faltimo duelo da fase de grupos para avan\u00e7ar na competi\u00e7\u00e3o. Em caso de vit\u00f3ria, a sele\u00e7\u00e3o vira [&hellip;]<\/p>\n","protected":false},"author":1,"featured_media":9491,"comment_status":"open","ping_status":"open","sticky":false,"template":"","format":"standard","meta":{"_jetpack_newsletter_access":"","_jetpack_dont_email_post_to_subs":false,"_jetpack_newsletter_tier_id":0,"_jetpack_memberships_contains_paywalled_content":false,"_mbp_banners":[],"_jetpack_feature_clip_id":0,"_jetpack_memberships_contains_paid_content":false,"footnotes":"","jetpack_publicize_message":"","jetpack_publicize_feature_enabled":true,"jetpack_social_post_already_shared":true,"jetpack_social_options":{"image_generator_settings":{"template":"highway","default_image_id":0,"font":"","enabled":false},"version":2},"jetpack_post_was_ever_published":false},"categories":[23],"tags":[],"class_list":["post-9490","post","type-post","status-publish","format-standard","has-post-thumbnail","category-esportes"],"jetpack_publicize_connections":[],"jetpack-related-posts":[],"jetpack_shortlink":"https:\/\/wp.me\/p7Eq1F-2t4","jetpack_sharing_enabled":true,"jetpack_featured_media_url":"https:\/\/i0.wp.com\/guialimeira.com.br\/news\/wp-content\/uploads\/2024\/07\/vini_jr_selecao_copa_america_2024.jpg?fit=1600%2C800&ssl=1","_links":{"self":[{"href":"https:\/\/guialimeira.com.br\/news\/wp-json\/wp\/v2\/posts\/9490","targetHints":{"allow":["GET"]}}],"collection":[{"href":"https:\/\/guialimeira.com.br\/news\/wp-json\/wp\/v2\/posts"}],"about":[{"href":"https:\/\/guialimeira.com.br\/news\/wp-json\/wp\/v2\/types\/post"}],"author":[{"embeddable":true,"href":"https:\/\/guialimeira.com.br\/news\/wp-json\/wp\/v2\/users\/1"}],"replies":[{"embeddable":true,"href":"https:\/\/guialimeira.com.br\/news\/wp-json\/wp\/v2\/comments?post=9490"}],"version-history":[{"count":0,"href":"https:\/\/guialimeira.com.br\/news\/wp-json\/wp\/v2\/posts\/9490\/revisions"}],"wp:featuredmedia":[{"embeddable":true,"href":"https:\/\/guialimeira.com.br\/news\/wp-json\/wp\/v2\/media\/9491"}],"wp:attachment":[{"href":"https:\/\/guialimeira.com.br\/news\/wp-json\/wp\/v2\/media?parent=9490"}],"wp:term":[{"taxonomy":"category","embeddable":true,"href":"https:\/\/guialimeira.com.br\/news\/wp-json\/wp\/v2\/categories?post=9490"},{"taxonomy":"post_tag","embeddable":true,"href":"https:\/\/guialimeira.com.br\/news\/wp-json\/wp\/v2\/tags?post=9490"}],"curies":[{"name":"wp","href":"https:\/\/api.w.org\/{rel}","templated":true}]}}