{"id":949,"date":"2024-04-04T17:19:59","date_gmt":"2024-04-04T20:19:59","guid":{"rendered":"https:\/\/guialimeira.com.br\/2024\/04\/04\/agu-defende-correcao-do-fgts-que-garanta-valor-da-inflacao\/"},"modified":"2024-04-04T17:19:59","modified_gmt":"2024-04-04T20:19:59","slug":"agu-defende-correcao-do-fgts-que-garanta-valor-da-inflacao","status":"publish","type":"post","link":"https:\/\/guialimeira.com.br\/news\/agu-defende-correcao-do-fgts-que-garanta-valor-da-inflacao\/","title":{"rendered":"AGU defende corre\u00e7\u00e3o do FGTS que garanta valor da infla\u00e7\u00e3o"},"content":{"rendered":"<p> <br \/>\n<\/p>\n<div>\n<p>A Advocacia-Geral da Uni\u00e3o (AGU) enviou nesta quinta-feira (4) ao Supremo Tribunal Federal (STF)\u00a0uma proposta para encerrar o julgamento sobre a legalidade do uso da Taxa Referencial (TR) para corre\u00e7\u00e3o das contas do Fundo de Garantia do Tempo de Servi\u00e7o (FGTS).\u00a0<img data-recalc-dims=\"1\" decoding=\"async\" src=\"https:\/\/i0.wp.com\/agenciabrasil.ebc.com.br\/ebc.png?w=696&#038;ssl=1\" style=\"width:1px; height:1px; display:inline;\"\/><img data-recalc-dims=\"1\" decoding=\"async\" src=\"https:\/\/i0.wp.com\/agenciabrasil.ebc.com.br\/ebc.gif?w=696&#038;ssl=1\" style=\"width:1px; height:1px; display:inline;\"\/><\/p>\n<p>Na peti\u00e7\u00e3o protocolada no STF, a AGU defendeu que as contas devem ter corre\u00e7\u00e3o m\u00ednima que garanta o valor do \u00cdndice Nacional de Pre\u00e7os ao Consumidor Amplo (IPCA), \u00edndice oficial da infla\u00e7\u00e3o. A proposta vale somente para novos dep\u00f3sitos a partir da decis\u00e3o do STF e n\u00e3o seria aplicada a valores retroativos.\u00a0<\/p>\n<p>Para a AGU, deve ser mantido o atual c\u00e1lculo que determina a corre\u00e7\u00e3o com juros de 3% ao ano, o acr\u00e9scimo de distribui\u00e7\u00e3o de lucros do fundo, al\u00e9m da corre\u00e7\u00e3o pela TR. Contudo, se o c\u00e1lculo atual n\u00e3o alcan\u00e7ar o IPCA, caberia ao Conselho Curador do FGTS estabelecer a forma de compensa\u00e7\u00e3o.\u00a0<\/p>\n<h2>Corre\u00e7\u00e3o do FGTS<\/h2>\n<p>A manifesta\u00e7\u00e3o foi protocolada antes do in\u00edcio do julgamento sobre a corre\u00e7\u00e3o das contas do FGTS, que est\u00e1 previsto para ser retomado hoje.\u00a0<\/p>\n<p>O caso come\u00e7ou a ser julgado pelo Supremo a partir de uma a\u00e7\u00e3o protocolada em 2014 pelo partido Solidariedade. A legenda sustenta que a corre\u00e7\u00e3o pela TR, com rendimento pr\u00f3ximo de zero, por ano, n\u00e3o remunera adequadamente os correntistas, perdendo para a infla\u00e7\u00e3o real.<\/p>\n<p>Criado em 1966 para substituir a garantia de estabilidade no emprego, o Fundo de Garantia do Tempo de Servi\u00e7o funciona como uma poupan\u00e7a compuls\u00f3ria e prote\u00e7\u00e3o financeira contra o desemprego. No caso de dispensa sem justa causa, o empregado recebe o saldo do FGTS, mais multa de 40% sobre o montante.<\/p>\n<\/p><\/div>\n<p><br \/>\n<br \/><a href=\"https:\/\/agenciabrasil.ebc.com.br\/justica\/noticia\/2024-04\/agu-defende-correcao-do-fgts-que-garanta-valor-da-inflacao\" rel=\"noopener\">Ag\u00eancia Brasil<\/a><\/p>\n","protected":false},"excerpt":{"rendered":"<p>A Advocacia-Geral da Uni\u00e3o (AGU) enviou nesta quinta-feira (4) ao Supremo Tribunal Federal (STF)\u00a0uma proposta para encerrar o julgamento sobre a legalidade do uso da Taxa Referencial (TR) para corre\u00e7\u00e3o das contas do Fundo de Garantia do Tempo de Servi\u00e7o (FGTS).\u00a0 Na peti\u00e7\u00e3o protocolada no STF, a AGU defendeu que as contas devem ter corre\u00e7\u00e3o [&hellip;]<\/p>\n","protected":false},"author":1,"featured_media":695,"comment_status":"open","ping_status":"open","sticky":false,"template":"","format":"standard","meta":{"_jetpack_newsletter_access":"","_jetpack_dont_email_post_to_subs":false,"_jetpack_newsletter_tier_id":0,"_jetpack_memberships_contains_paywalled_content":false,"_mbp_banners":[],"_jetpack_feature_clip_id":0,"_jetpack_memberships_contains_paid_content":false,"footnotes":"","jetpack_publicize_message":"","jetpack_publicize_feature_enabled":true,"jetpack_social_post_already_shared":true,"jetpack_social_options":{"image_generator_settings":{"template":"highway","default_image_id":0,"font":"","enabled":false},"version":2},"jetpack_post_was_ever_published":false},"categories":[22],"tags":[],"class_list":["post-949","post","type-post","status-publish","format-standard","has-post-thumbnail","category-nacional"],"jetpack_publicize_connections":[],"jetpack-related-posts":[],"jetpack_shortlink":"https:\/\/wp.me\/p7Eq1F-fj","jetpack_sharing_enabled":true,"jetpack_featured_media_url":"https:\/\/i0.wp.com\/guialimeira.com.br\/news\/wp-content\/uploads\/2024\/04\/mca_abr_numero_de_serie_de_4_digitos_090620_7.jpg?fit=1600%2C800&ssl=1","_links":{"self":[{"href":"https:\/\/guialimeira.com.br\/news\/wp-json\/wp\/v2\/posts\/949","targetHints":{"allow":["GET"]}}],"collection":[{"href":"https:\/\/guialimeira.com.br\/news\/wp-json\/wp\/v2\/posts"}],"about":[{"href":"https:\/\/guialimeira.com.br\/news\/wp-json\/wp\/v2\/types\/post"}],"author":[{"embeddable":true,"href":"https:\/\/guialimeira.com.br\/news\/wp-json\/wp\/v2\/users\/1"}],"replies":[{"embeddable":true,"href":"https:\/\/guialimeira.com.br\/news\/wp-json\/wp\/v2\/comments?post=949"}],"version-history":[{"count":0,"href":"https:\/\/guialimeira.com.br\/news\/wp-json\/wp\/v2\/posts\/949\/revisions"}],"wp:featuredmedia":[{"embeddable":true,"href":"https:\/\/guialimeira.com.br\/news\/wp-json\/wp\/v2\/media\/695"}],"wp:attachment":[{"href":"https:\/\/guialimeira.com.br\/news\/wp-json\/wp\/v2\/media?parent=949"}],"wp:term":[{"taxonomy":"category","embeddable":true,"href":"https:\/\/guialimeira.com.br\/news\/wp-json\/wp\/v2\/categories?post=949"},{"taxonomy":"post_tag","embeddable":true,"href":"https:\/\/guialimeira.com.br\/news\/wp-json\/wp\/v2\/tags?post=949"}],"curies":[{"name":"wp","href":"https:\/\/api.w.org\/{rel}","templated":true}]}}