{"id":9464,"date":"2024-07-01T19:43:06","date_gmt":"2024-07-01T22:43:06","guid":{"rendered":"https:\/\/guialimeira.com.br\/2024\/07\/01\/programacao-do-mes-traz-musica-danca-literatura-stand-up-e-muito-mais\/"},"modified":"2024-07-01T19:43:06","modified_gmt":"2024-07-01T22:43:06","slug":"programacao-do-mes-traz-musica-danca-literatura-stand-up-e-muito-mais","status":"publish","type":"post","link":"https:\/\/guialimeira.com.br\/news\/programacao-do-mes-traz-musica-danca-literatura-stand-up-e-muito-mais\/","title":{"rendered":"Programa\u00e7\u00e3o do m\u00eas traz m\u00fasica, dan\u00e7a, literatura, stand-up e muito mais"},"content":{"rendered":"<p> <br \/>\n<br \/><img data-recalc-dims=\"1\" decoding=\"async\" src=\"https:\/\/i0.wp.com\/ecrie.com.br\/sistema\/conteudos\/imagem\/m_137_0_1_30042024143313.jpg?w=696&#038;ssl=1\" \/><\/p>\n<p style=\"text-align: justify\"><span style=\"font-weight: 400\">O m&ecirc;s de julho traz cultura diversa, com muita m&uacute;sica, espet&aacute;culos de dan&ccedil;a, clubes de livro, com&eacute;dia, al&eacute;m de outros eventos. Confira tudo abaixo:<\/span><\/p>\n<p style=\"text-align: justify\">&nbsp;<\/p>\n<p style=\"text-align: justify\"><strong>Exposi&ccedil;&atilde;o: Os Invis&iacute;veis<\/strong><\/p>\n<p style=\"text-align: justify\"><span style=\"font-weight: 400\">Abertura na segunda-feira (1&deg;), &agrave;s 8h &#8211; Biblioteca Municipal Professor Jo&atilde;o de Souza Ferraz. A visita&ccedil;&atilde;o ocorre de segunda a sexta, das 8h &agrave;s 17h; &agrave;s quartas-feiras at&eacute; &agrave;s 19h; at&eacute; dia 31<\/span><\/p>\n<p style=\"text-align: justify\"><span style=\"font-weight: 400\">A exposi&ccedil;&atilde;o traz a valoriza&ccedil;&atilde;o e conscientiza&ccedil;&atilde;o de classe atrav&eacute;s de trabalhadores que por vezes se mostram invis&iacute;veis aos olhos da comunidade por serem consideradas profiss&otilde;es subvalorizadas. Se busca provocar reflex&otilde;es e quest&otilde;es a respeito da invisibilidade social e criticar os que se aproveitam dela. Cinco artistas exp&otilde;em suas particularidades e, em conjunto, se somam em uma exposi&ccedil;&atilde;o de grande impacto visual e social. A mostra apresenta a vis&atilde;o de invis&iacute;vel dos artistas Jo&atilde;o Caetano Assis Bell&atilde;o retratando os magarefes e catadores de recicl&aacute;veis, Eduardo Salzane &ndash; Oper&aacute;rios, Breno Ferreira &ndash; Coveiros, Pedro Lemos &ndash; Trabalhadores Rurais e Felipe Malavasi trazendo seu olhar sobre os faxineiros urbanos.<\/span><\/p>\n<p style=\"text-align: justify\"><span style=\"font-weight: 400\">Entrada: Gratuita.<\/span><\/p>\n<p style=\"text-align: justify\"><span style=\"font-weight: 400\">Classifica&ccedil;&atilde;o: Livre.<\/span><\/p>\n<p style=\"text-align: justify\"><span style=\"font-weight: 400\">Realiza&ccedil;&atilde;o: MaB&ecirc; Cultural, atrav&eacute;s da Lei Paulo Gustavo do Minist&eacute;rio da Cultura do Governo Federal do Brasil, com apoio da Prefeitura, por meio da Secretaria de Cultura.<\/span><\/p>\n<p style=\"text-align: justify\">&nbsp;<\/p>\n<p style=\"text-align: justify\"><strong>M&uacute;sica: Di&aacute;logos com o Duo Siqueira Lima<\/strong><\/p>\n<p style=\"text-align: justify\"><span style=\"font-weight: 400\">Quarta-feira (3), &agrave;s 19h &#8211; Anfiteatro Dr. Olindo de Luca da Biblioteca Municipal<\/span><\/p>\n<p style=\"text-align: justify\"><span style=\"font-weight: 400\">O Duo de violonistas formado por Cec&iacute;lia Siqueira e Fernando Lima faz um concerto seguido por uma conversa com a plateia, na qual respondem perguntas sobre suas carreiras, repert&oacute;rio da turn&ecirc;, caracter&iacute;sticas dos compositores tocados, entre outros assuntos. O repert&oacute;rio traz um di&aacute;logo entre compositores de diversas partes do mundo e estilos, constru&iacute;do com base em tr&ecirc;s vertentes: o impressionismo de Debussy, o nacionalismo musical brasileiro e espanhol e tamb&eacute;m da m&uacute;sica popular do Brasil. O Duo vai tocar obras de Ernesto Halffter, Torroba, Claude Debussy, Villa Lobos, Tom Jobim e Dominguinhos.<\/span><\/p>\n<p style=\"text-align: justify\"><span style=\"font-weight: 400\">Entrada: Gratuita.<\/span><\/p>\n<p style=\"text-align: justify\"><span style=\"font-weight: 400\">Classifica&ccedil;&atilde;o: Livre.<\/span><\/p>\n<p style=\"text-align: justify\"><span style=\"font-weight: 400\">Realiza&ccedil;&atilde;o: Proac &#8211; Programa de A&ccedil;&atilde;o Cultural da Secretaria de Estado da Cultura e Economia Criativa e da Prefeitura de Limeira, por meio da Secretaria de Cultura.<\/span><\/p>\n<p style=\"text-align: justify\">&nbsp;<\/p>\n<p style=\"text-align: justify\"><strong>Audiovisual: Meu cinema &eacute; logo ali<\/strong><\/p>\n<p style=\"text-align: justify\"><span style=\"font-weight: 400\">Quarta-feira (3), &agrave;s 19h &#8211; UBS Pastor Guaracy Rabesco, Jardim Novo Horizonte<\/span><\/p>\n<p style=\"text-align: justify\"><span style=\"font-weight: 400\">Exibi&ccedil;&atilde;o de filmes para o p&uacute;blico infantil da CEIEF Maria Paulina Rodrigues Provinciatto. Para ter acesso &agrave;s apresenta&ccedil;&otilde;es, basta fazer a retirada de ingresso antecipadamente.<\/span><\/p>\n<p style=\"text-align: justify\"><span style=\"font-weight: 400\">Entrada: Gratuita.<\/span><\/p>\n<p style=\"text-align: justify\"><span style=\"font-weight: 400\">Classifica&ccedil;&atilde;o: Livre.<\/span><\/p>\n<p style=\"text-align: justify\"><span style=\"font-weight: 400\">Realiza&ccedil;&atilde;o: Projeto contemplado com recursos da Lei Paulo Gustavo do Minist&eacute;rio da Cultura do Governo Federal e Prefeitura de Limeira, atrav&eacute;s da Secretaria de Cultura.<\/span><\/p>\n<p style=\"text-align: justify\">&nbsp;<\/p>\n<p style=\"text-align: justify\"><strong>Evento Fechado: Mostra de Arte e Talento &#8211; SCFV Ceprosom<\/strong><\/p>\n<p style=\"text-align: justify\"><span style=\"font-weight: 400\">Quarta- feira (3), &agrave;s 19h &#8211; <\/span><span style=\"font-weight: 400\">Teatro Vit&oacute;ria Emiliano Bernardo da Silva<\/span><\/p>\n<p style=\"text-align: justify\"><span style=\"font-weight: 400\">A mostra tem a participa&ccedil;&atilde;o de crian&ccedil;as do projeto que acontece nos centros comunit&aacute;rios dos bairros Jardim Ernesto Kuhl, Cecap, Parque Nossa Senhora das Dores e Parque Hip&oacute;lito.<\/span><\/p>\n<p style=\"text-align: justify\"><span style=\"font-weight: 400\">Entrada: Gratuita.<\/span><\/p>\n<p style=\"text-align: justify\"><span style=\"font-weight: 400\">Classifica&ccedil;&atilde;o: Livre.<\/span><\/p>\n<p style=\"text-align: justify\"><span style=\"font-weight: 400\">Realiza&ccedil;&atilde;o: Ceprosom, com o apoio da Prefeitura, por meio da Secretaria de Cultura.<\/span><\/p>\n<p style=\"text-align: justify\"><span style=\"font-weight: 400\">Dura&ccedil;&atilde;o: 100 min.<\/span><\/p>\n<p style=\"text-align: justify\">&nbsp;<\/p>\n<p style=\"text-align: justify\"><strong>Curso: Conserva&ccedil;&atilde;o de &aacute;udio anal&oacute;gico &#8211; disco de goma-laca, vinil e fitas magn&eacute;ticas<\/strong><\/p>\n<p style=\"text-align: justify\"><span style=\"font-weight: 400\">Quinta-feira (4), das 9h &agrave;s 17h &#8211; Museu Major Jos&eacute; Levy Sobrinho<\/span><\/p>\n<p style=\"text-align: justify\"><span style=\"font-weight: 400\">No per&iacute;odo da manh&atilde;, a oficina vai abordar a conserva&ccedil;&atilde;o de discos de goma laca e vinil com apresenta&ccedil;&atilde;o te&oacute;rica sobre os suportes, como conserv&aacute;-los e acondicion&aacute;-los. No per&iacute;odo da tarde, ser&aacute; trabalhado o conte&uacute;do sobre a conserva&ccedil;&atilde;o de K7s e Fitas Rolo, com demonstra&ccedil;&atilde;o de higieniza&ccedil;&atilde;o de K7s com equipamento pr&oacute;prio. A oficina &eacute; ministrada por Cecilia Salamon.<\/span><\/p>\n<p style=\"text-align: justify\"><span style=\"font-weight: 400\">Entrada: Gratuita.<\/span><\/p>\n<p style=\"text-align: justify\"><span style=\"font-weight: 400\">Classifica&ccedil;&atilde;o: A partir de 18 anos.<\/span><\/p>\n<p style=\"text-align: justify\"><span style=\"font-weight: 400\">Realiza&ccedil;&atilde;o: <\/span><span style=\"font-weight: 400\">Sistema Estadual de Museus (SISEM-SP), Casa das Rosas e Prefeitura de Limeira, por meio da Secretaria de Cultura.<\/span><\/p>\n<p style=\"text-align: justify\">&nbsp;<\/p>\n<p style=\"text-align: justify\"><strong>Evento: Festa Junina das Entidades<\/strong><\/p>\n<p style=\"text-align: justify\"><span style=\"font-weight: 400\">Sexta-feira (5) e s&aacute;bado (6) &#8211; Limeira Shopping<\/span><\/p>\n<p style=\"text-align: justify\"><span style=\"font-weight: 400\">Festa junina das entidades.<\/span><\/p>\n<p style=\"text-align: justify\"><span style=\"font-weight: 400\">Entrada: Gratuita.<\/span><\/p>\n<p style=\"text-align: justify\"><span style=\"font-weight: 400\">Classifica&ccedil;&atilde;o: Livre.<\/span><\/p>\n<p style=\"text-align: justify\"><span style=\"font-weight: 400\">Realiza&ccedil;&atilde;o: Entidades de Limeira, com apoio da Prefeitura, por meio da Secretaria de Cultura.<\/span><\/p>\n<p style=\"text-align: justify\">&nbsp;<\/p>\n<p style=\"text-align: justify\"><strong>Evento: Festa Popular da Comunidade Santa Ad&eacute;lia<\/strong><\/p>\n<p style=\"text-align: justify\"><span style=\"font-weight: 400\">Sexta-feira (5) e s&aacute;bado (6), das 19h &agrave;s 22 &#8211; Comunidade Santa Ad&eacute;lia, Bairro &Aacute;guas da Serra<\/span><\/p>\n<p style=\"text-align: justify\"><span style=\"font-weight: 400\">Festa Popular da Comunidade Santa Ad&eacute;lia<\/span><\/p>\n<p style=\"text-align: justify\"><span style=\"font-weight: 400\">Entrada: Gratuita.<\/span><\/p>\n<p style=\"text-align: justify\"><span style=\"font-weight: 400\">Classifica&ccedil;&atilde;o: Livre.<\/span><\/p>\n<p style=\"text-align: justify\"><span style=\"font-weight: 400\">Realiza&ccedil;&atilde;o: Comunidade Santa Ad&eacute;lia, com apoio da Prefeitura, por meio da Secretaria de Cultura.<\/span><\/p>\n<p style=\"text-align: justify\">&nbsp;<\/p>\n<p style=\"text-align: justify\"><strong>M&uacute;sica: Apresenta&ccedil;&atilde;o de Viol&atilde;o&nbsp;<\/strong><\/p>\n<p style=\"text-align: justify\"><span style=\"font-weight: 400\">S&aacute;bado (6), &agrave;s 10h &#8211; Pra&ccedil;a Toledo Barros<\/span><\/p>\n<p style=\"text-align: justify\"><span style=\"font-weight: 400\">Alunos das turmas de viol&atilde;o da <\/span><span style=\"font-weight: 400\">Escola Municipal de Cultura e Artes &#8220;Maestro M&aacute;rio Tintori&#8221; (Emcea) e da Casa da Cultura Oswaldo Salibe finalizam o semestre com apresenta&ccedil;&atilde;o no coreto. As turmas s&atilde;o ministradas pelo professor Luis Henrique de Oliveira Tolentino.<\/span><\/p>\n<p style=\"text-align: justify\"><span style=\"font-weight: 400\">Entrada: Gratuita.<\/span><\/p>\n<p style=\"text-align: justify\"><span style=\"font-weight: 400\">Classifica&ccedil;&atilde;o: Livre.<\/span><\/p>\n<p style=\"text-align: justify\"><span style=\"font-weight: 400\">Realiza&ccedil;&atilde;o: Emcea e Prefeitura, por meio da Secretaria de Cultura.<\/span><\/p>\n<p style=\"text-align: justify\">&nbsp;<\/p>\n<p style=\"text-align: justify\"><strong>Dan&ccedil;a: Dan&ccedil;are &#8211; Festival de Dan&ccedil;a<\/strong><\/p>\n<p style=\"text-align: justify\"><span style=\"font-weight: 400\">S&aacute;bado (6), &agrave;s 12h &#8211; <\/span><span style=\"font-weight: 400\">Teatro Vit&oacute;ria Emiliano Bernardo da Silva<\/span><\/p>\n<p style=\"text-align: justify\"><span style=\"font-weight: 400\">Idealizada por Mateus Louren&ccedil;o, a competi&ccedil;&atilde;o de dan&ccedil;a abrange as modalidades de bal&eacute;, jazz, estilo livre, contempor&acirc;neo, neo cl&aacute;ssico, sapateado, entre outras. O evento visa valorizar a cria&ccedil;&atilde;o, a educa&ccedil;&atilde;o e a pr&aacute;tica da dan&ccedil;a. O festival estimula as novas linguagens, promovendo a dan&ccedil;a como express&atilde;o art&iacute;stica e contribuindo para a difus&atilde;o cultural e o desenvolvimento regional. A Dan&ccedil;are conta com os&nbsp; jurados renomados: Jolles Salles, Alex Siqueira e Renata Bardazzi.<\/span><\/p>\n<p style=\"text-align: justify\"><span style=\"font-weight: 400\">Entrada: R$ 30 (inteira), R$ 15 (meia-entrada ou b&ocirc;nus em compra antecipada at&eacute; 05\/07).<\/span><\/p>\n<p style=\"text-align: justify\"><span style=\"font-weight: 400\">Classifica&ccedil;&atilde;o: Livre.<\/span><\/p>\n<p style=\"text-align: justify\"><span style=\"font-weight: 400\">Realiza&ccedil;&atilde;o: Elevare Est&uacute;dio &#8211; J&eacute;ssica Michelle Balthazar, com o apoio da Prefeitura, por meio da Secretaria de Cultura.<\/span><\/p>\n<p style=\"text-align: justify\"><span style=\"font-weight: 400\">Dura&ccedil;&atilde;o: 90 min.<\/span><\/p>\n<p style=\"text-align: justify\">&nbsp;<\/p>\n<p style=\"text-align: justify\"><strong>Evento: Festa Popular do Centro Pastoral Bom Jesus<\/strong><\/p>\n<p style=\"text-align: justify\"><span style=\"font-weight: 400\">S&aacute;bado (6), das 19h &agrave;s 22h &#8211; Estrada Limeira Botafogo, KM 1,5 &#8211; Bairro dos Pereiras<\/span><\/p>\n<p style=\"text-align: justify\"><span style=\"font-weight: 400\">Festa Popular do Centro Pastoral Bom Jesus.<\/span><\/p>\n<p style=\"text-align: justify\"><span style=\"font-weight: 400\">Entrada: Gratuita.<\/span><\/p>\n<p style=\"text-align: justify\"><span style=\"font-weight: 400\">Classifica&ccedil;&atilde;o: Livre.<\/span><\/p>\n<p style=\"text-align: justify\"><span style=\"font-weight: 400\">Realiza&ccedil;&atilde;o: Centro Pastoral Bom Jesus, com apoio da Prefeitura, por meio da Secretaria de Cultura.<\/span><\/p>\n<p style=\"text-align: justify\">&nbsp;<\/p>\n<p style=\"text-align: justify\"><strong>Evento: Festa Popular da Comunidade S&atilde;o Francisco de Assis<\/strong><\/p>\n<p style=\"text-align: justify\"><span style=\"font-weight: 400\">Dias 6, 7, 13, 14, 20, 21, 27 e 28, das 19h &agrave;s<\/span><a href=\"https:\/\/www.google.com\/maps\/search\/00h+-+Rua+Flam%C3%ADnio+Roland?entry=gmail&amp;source=g\" rel=\"noopener\"><span style=\"font-weight: 400\"> 00h &#8211; Rua Flam&iacute;nio Roland<\/span><\/a><span style=\"font-weight: 400\">, s\/n&ordm;, Vila Independ&ecirc;ncia<\/span><\/p>\n<p style=\"text-align: justify\"><span style=\"font-weight: 400\">Festa Popular da Comunidade S&atilde;o Francisco de Assis.<\/span><\/p>\n<p style=\"text-align: justify\"><span style=\"font-weight: 400\">Entrada: Gratuita.<\/span><\/p>\n<p style=\"text-align: justify\"><span style=\"font-weight: 400\">Classifica&ccedil;&atilde;o: Livre.<\/span><\/p>\n<p style=\"text-align: justify\"><span style=\"font-weight: 400\">Realiza&ccedil;&atilde;o: Comunidade S&atilde;o Francisco de Assis, com apoio da Prefeitura, por meio da Secretaria de Cultura.<\/span><\/p>\n<p style=\"text-align: justify\">&nbsp;<\/p>\n<p style=\"text-align: justify\"><strong>Evento: Festa Popular da Comunidade Nossa Senhora do Carmo<\/strong><\/p>\n<p style=\"text-align: justify\"><span style=\"font-weight: 400\">Dias 6, 7, 13 e 14, &agrave;s<\/span><a href=\"https:\/\/www.google.com\/maps\/search\/19h+-+Rua+Jo%C3%A3o+Bosco+Felix+Serafim?entry=gmail&amp;source=g\" rel=\"noopener\"><span style=\"font-weight: 400\"> 19h &#8211; Rua Jo&atilde;o Bosco Felix Serafim<\/span><\/a><span style=\"font-weight: 400\">, 123, Jd. Graminha III<\/span><\/p>\n<p style=\"text-align: justify\"><span style=\"font-weight: 400\">Festa Popular da Comunidade Nossa Senhora do Carmo.<\/span><\/p>\n<p style=\"text-align: justify\"><span style=\"font-weight: 400\">Entrada: Gratuita.<\/span><\/p>\n<p style=\"text-align: justify\"><span style=\"font-weight: 400\">Classifica&ccedil;&atilde;o: Livre.<\/span><\/p>\n<p style=\"text-align: justify\"><span style=\"font-weight: 400\">Realiza&ccedil;&atilde;o: Comunidade Nossa Senhora do Carmo, com apoio da Prefeitura, por meio da Secretaria de Cultura.<\/span><\/p>\n<p style=\"text-align: justify\">&nbsp;<\/p>\n<p style=\"text-align: justify\"><strong>M&uacute;sica: Retreta com Corpora&ccedil;&atilde;o Musical Arthur GIambelli<\/strong><\/p>\n<p style=\"text-align: justify\"><span style=\"font-weight: 400\">Domingo (7), &agrave;s 10h30 &#8211; Pra&ccedil;a Toledo Barros<\/span><\/p>\n<p style=\"text-align: justify\"><span style=\"font-weight: 400\">Sob reg&ecirc;ncia do Maestro Leandro Pereira, a Corpora&ccedil;&atilde;o apresenta um repert&oacute;rio diverso.<\/span><\/p>\n<p style=\"text-align: justify\"><span style=\"font-weight: 400\">Entrada: Gratuita.<\/span><\/p>\n<p style=\"text-align: justify\"><span style=\"font-weight: 400\">Classifica&ccedil;&atilde;o: Livre.<\/span><\/p>\n<p style=\"text-align: justify\"><span style=\"font-weight: 400\">Realiza&ccedil;&atilde;o: Prefeitura, por meio da Secretaria de Cultura, e banda.<\/span><\/p>\n<p style=\"text-align: justify\"><span style=\"font-weight: 400\">Dura&ccedil;&atilde;o: 90 min.&nbsp;<\/span><\/p>\n<p style=\"text-align: justify\">&nbsp;<\/p>\n<p style=\"text-align: justify\"><strong>Dan&ccedil;a: Entre Passos, Jogos e Brincadeiras<\/strong><\/p>\n<p style=\"text-align: justify\"><span style=\"font-weight: 400\">Domingo (7), &agrave;s 19h &#8211; <\/span><span style=\"font-weight: 400\">Teatro Vit&oacute;ria Emiliano Bernardo da Silva<\/span><\/p>\n<p style=\"text-align: justify\"><span style=\"font-weight: 400\">O espet&aacute;culo faz parte da finaliza&ccedil;&atilde;o semestral dos alunos da Oficina do Corpo, apresentando uma esfera totalmente l&uacute;dica. Atrav&eacute;s de coreografias, os alunos representam jogos e brincadeiras que fizeram parte da inf&acirc;ncia de muitos e que hoje se encontram esquecidas em meio a tanta tecnologia. Al&eacute;m disso, podemos afirmar que os jogos e brincadeiras s&atilde;o pr&aacute;ticas corporais que desenvolvem prazer, descontra&ccedil;&atilde;o, liberdade e obedi&ecirc;ncia.<\/span><\/p>\n<p style=\"text-align: justify\"><span style=\"font-weight: 400\">Entrada: R$ 50 (inteira), R$ 25 (meia-entrada ou b&ocirc;nus em compra antecipada at&eacute; 06\/07)<\/span><\/p>\n<p style=\"text-align: justify\"><span style=\"font-weight: 400\">Classifica&ccedil;&atilde;o: Livre.<\/span><\/p>\n<p style=\"text-align: justify\"><span style=\"font-weight: 400\">Realiza&ccedil;&atilde;o: Oficina do Corpo, com o apoio da Prefeitura, por meio da Secretaria de Cultura.<\/span><\/p>\n<p style=\"text-align: justify\"><span style=\"font-weight: 400\">Dura&ccedil;&atilde;o: 90 min.<\/span><\/p>\n<p style=\"text-align: justify\">&nbsp;<\/p>\n<p style=\"text-align: justify\"><strong>Literatura: Banca de Trocas de Livros e Gibis<\/strong><\/p>\n<p style=\"text-align: justify\"><span style=\"font-weight: 400\">Quarta-feira (10), das 17h &agrave;s 19h &#8211; <\/span><span style=\"font-weight: 400\">Biblioteca Municipal Professor Jo&atilde;o de Sousa Ferraz<\/span><\/p>\n<p style=\"text-align: justify\"><span style=\"font-weight: 400\">Na segunda quarta-feira do m&ecirc;s, al&eacute;m do empr&eacute;stimo e devolu&ccedil;&atilde;o de livros,a biblioteca realiza a Banca de Troca de Livros e Gibis. Apostilas, materiais did&aacute;ticos, enciclop&eacute;dias, c&oacute;pias reprogr&aacute;ficas ou livros em mau estado de conserva&ccedil;&atilde;o n&atilde;o s&atilde;o aceitos.<\/span><\/p>\n<p style=\"text-align: justify\"><span style=\"font-weight: 400\">Entrada: Gratuita.<\/span><\/p>\n<p style=\"text-align: justify\"><span style=\"font-weight: 400\">Classifica&ccedil;&atilde;o: Livre.<\/span><\/p>\n<p style=\"text-align: justify\"><span style=\"font-weight: 400\">Realiza&ccedil;&atilde;o: Prefeitura, por meio da Secretaria de Cultura.<\/span><\/p>\n<p style=\"text-align: justify\">&nbsp;<\/p>\n<p style=\"text-align: justify\"><strong>M&uacute;sica: Concerto da S&eacute;rie Alian&ccedil;a &#8211; Orquestra Sinf&ocirc;nica<\/strong><\/p>\n<p style=\"text-align: justify\"><span style=\"font-weight: 400\">Quinta-feira (11), &agrave;s 20h30 &#8211; <\/span><span style=\"font-weight: 400\">Teatro Vit&oacute;ria Emiliano Bernardo da Silva<\/span><\/p>\n<p style=\"text-align: justify\"><span style=\"font-weight: 400\">Sexta-feira (12), &agrave;s 20h30 &#8211; <\/span><span style=\"font-weight: 400\">Teatro Vit&oacute;ria Emiliano Bernardo da Silva<\/span><\/p>\n<p style=\"text-align: justify\"><span style=\"font-weight: 400\">*Mais informa&ccedil;&otilde;es em breve.<\/span><\/p>\n<p style=\"text-align: justify\"><span style=\"font-weight: 400\">Entrada: R$ 30 (inteira), R$ 15 (meia-entrada).<\/span><\/p>\n<p style=\"text-align: justify\"><span style=\"font-weight: 400\">Classifica&ccedil;&atilde;o: Livre.<\/span><\/p>\n<p style=\"text-align: justify\"><span style=\"font-weight: 400\">Realiza&ccedil;&atilde;o: Sociedade Pr&oacute; &#8211; Sinf&ocirc;nica de Limeira, com o apoio da Prefeitura, por meio da Secretaria de Cultura.<\/span><\/p>\n<p style=\"text-align: justify\"><span style=\"font-weight: 400\">Dura&ccedil;&atilde;o: 60 min.<\/span><\/p>\n<p style=\"text-align: justify\">&nbsp;<\/p>\n<p style=\"text-align: justify\"><strong>Evento: Festa Popular da Comunidade Santo Ant&ocirc;nio Sant&rsquo;Anna Galv&atilde;o<\/strong><\/p>\n<p style=\"text-align: justify\"><span style=\"font-weight: 400\">Dias 12, 13, e 14, das 19h &agrave;s 23h &#8211; Rua Herm&iacute;nio Ant&ocirc;nio, n&ordm; 655, Jd. Nereide<\/span><\/p>\n<p style=\"text-align: justify\"><span style=\"font-weight: 400\">Festa Popular da Comunidade Santo Ant&ocirc;nio Sant&rsquo;Anna Galv&atilde;o.<\/span><\/p>\n<p style=\"text-align: justify\"><span style=\"font-weight: 400\">Entrada: Gratuita.<\/span><\/p>\n<p style=\"text-align: justify\"><span style=\"font-weight: 400\">Classifica&ccedil;&atilde;o: Livre.<\/span><\/p>\n<p style=\"text-align: justify\"><span style=\"font-weight: 400\">Realiza&ccedil;&atilde;o: <\/span><span style=\"font-weight: 400\">Comunidade Santo Ant&ocirc;nio Sant&rsquo;Anna Galv&atilde;o<\/span><span style=\"font-weight: 400\">, com apoio da Prefeitura, por meio da Secretaria de Cultura.<\/span><\/p>\n<p style=\"text-align: justify\">&nbsp;<\/p>\n<p style=\"text-align: justify\"><strong>Evento: Apresenta&ccedil;&atilde;o da Orquestra de Violeiros <\/strong><strong>Tom de Terra&nbsp;<\/strong><\/p>\n<p style=\"text-align: justify\"><span style=\"font-weight: 400\">Sexta-feira (12), &agrave;s 20h &#8211; Pra&ccedil;a Camilo Ferrari, Jd. Santo Andr&eacute;<\/span><\/p>\n<p style=\"text-align: justify\"><span style=\"font-weight: 400\">A orquestra busca fomentar a cultura caipira, resgatando a m&uacute;sica de viola. Sob a reg&ecirc;ncia de Emanuel Massaro, ser&aacute; tocado um repert&oacute;rio com cl&aacute;ssicos caipiras.<\/span><\/p>\n<p style=\"text-align: justify\"><span style=\"font-weight: 400\">Entrada: Gratuita.<\/span><\/p>\n<p style=\"text-align: justify\"><span style=\"font-weight: 400\">Classifica&ccedil;&atilde;o: Livre.<\/span><\/p>\n<p style=\"text-align: justify\"><span style=\"font-weight: 400\">Realiza&ccedil;&atilde;o: Prefeitura, por meio da Secretaria de Cultura, e banda.<\/span><\/p>\n<p style=\"text-align: justify\">&nbsp;<\/p>\n<p style=\"text-align: justify\"><strong>Teatro: Permita Que Eu Fale &#8211; 5&ordm; Sarau Cultural CAMPL<\/strong><\/p>\n<p style=\"text-align: justify\"><span style=\"font-weight: 400\">S&aacute;bado (13), &agrave;s 20h &#8211; Teatro Vit&oacute;ria Emiliano Bernardo da Silva<\/span><\/p>\n<p style=\"text-align: justify\"><span style=\"font-weight: 400\">Adolescentes do Centro de Aprendizado Met&oacute;dico e Pr&aacute;tico de Limeira (CAMPL) declamam e interpretam poemas.<\/span><\/p>\n<p style=\"text-align: justify\"><span style=\"font-weight: 400\">Entrada: Gratuita.<\/span><\/p>\n<p style=\"text-align: justify\"><span style=\"font-weight: 400\">Classifica&ccedil;&atilde;o: Livre.<\/span><\/p>\n<p style=\"text-align: justify\"><span style=\"font-weight: 400\">Realiza&ccedil;&atilde;o: CAMPL, com o apoio da Prefeitura, por meio da Secretaria de Cultura.<\/span><\/p>\n<p style=\"text-align: justify\"><span style=\"font-weight: 400\">Dura&ccedil;&atilde;o: 90 min.<\/span><\/p>\n<p style=\"text-align: justify\">&nbsp;<\/p>\n<p style=\"text-align: justify\"><strong>Conhecimento: Encontro Numism&aacute;tico<\/strong><\/p>\n<p style=\"text-align: justify\"><span style=\"font-weight: 400\">S&aacute;bado (13), &agrave;s 10h &#8211; Anfiteatro Dr. Olindo de Luca da Biblioteca Municipal<\/span><\/p>\n<p style=\"text-align: justify\"><span style=\"font-weight: 400\">Encontros mensais no qual fazem estudos a fim de preservar a hist&oacute;ria, arte e<\/span><\/p>\n<p style=\"text-align: justify\"><span style=\"font-weight: 400\">cultura atrav&eacute;s dos sistemas monet&aacute;rios que tiveram in&iacute;cio cerca de 2700 anos<\/span><\/p>\n<p style=\"text-align: justify\"><span style=\"font-weight: 400\">atr&aacute;s.<\/span><\/p>\n<p style=\"text-align: justify\"><span style=\"font-weight: 400\">Classifica&ccedil;&atilde;o: Livre.<\/span><\/p>\n<p style=\"text-align: justify\"><span style=\"font-weight: 400\">Realiza&ccedil;&atilde;o: Grupo Numism&aacute;tica Limeira com apoio da Prefeitura, por meio da Secretaria de Cultura<\/span><\/p>\n<p style=\"text-align: justify\">&nbsp;<\/p>\n<p style=\"text-align: justify\"><strong>Exposi&ccedil;&atilde;o: Ocupa Limeira<\/strong><\/p>\n<p style=\"text-align: justify\"><span style=\"font-weight: 400\">Quinta-feira (13), &agrave;s 14h &#8211; Oposta Espa&ccedil;o Inventivo<\/span><\/p>\n<p style=\"text-align: justify\"><span style=\"font-weight: 400\">Visita&ccedil;&atilde;o at&eacute; 4 de agosto, das 14h &agrave;s 18h<\/span><\/p>\n<p style=\"text-align: justify\"><span style=\"font-weight: 400\">A exposi&ccedil;&atilde;o &eacute; composta por obras in&eacute;ditas desenvolvidas dentro da pesquisa de artistas participantes do projeto Ocupa Limeira, que fazem interven&ccedil;&otilde;es contempor&acirc;neas de obras de arte. As interven&ccedil;&otilde;es se desdobram entre pintura, instala&ccedil;&otilde;es de objetos, poesias, bordado livre em grande suporte, lambe-lambe dentre outras t&eacute;cnicas. A curadoria &eacute; de Fernando Pimentel\/Tosko que &eacute; artista, produtor cultural e professor de artes.<\/span><\/p>\n<p style=\"text-align: justify\"><span style=\"font-weight: 400\">Entrada: Gratuita.<\/span><\/p>\n<p style=\"text-align: justify\"><span style=\"font-weight: 400\">Classifica&ccedil;&atilde;o: Livre.<\/span><\/p>\n<p style=\"text-align: justify\"><span style=\"font-weight: 400\">Realiza&ccedil;&atilde;o: Projeto contemplado com recursos da Lei Paulo Gustavo do Minist&eacute;rio da Cultura do Governo Federal do Brasil e Prefeitura de Limeira, atrav&eacute;s da Secretaria de Cultura.<\/span><\/p>\n<p style=\"text-align: justify\">&nbsp;<\/p>\n<p style=\"text-align: justify\"><strong>Evento: Festa Junina da Par&oacute;quia Santa Efig&ecirc;nia<\/strong><\/p>\n<p style=\"text-align: justify\"><span style=\"font-weight: 400\">S&aacute;bado (13) e domingo (14), &agrave;s 18h &#8211; Av. Pref Ary Levy Pereira, 2021<\/span><\/p>\n<p style=\"text-align: justify\"><span style=\"font-weight: 400\">Festa Junina da Par&oacute;quia Santa Efig&ecirc;nia.<\/span><\/p>\n<p style=\"text-align: justify\"><span style=\"font-weight: 400\">Entrada: Gratuita.<\/span><\/p>\n<p style=\"text-align: justify\"><span style=\"font-weight: 400\">Classifica&ccedil;&atilde;o: Livre.<\/span><\/p>\n<p style=\"text-align: justify\"><span style=\"font-weight: 400\">Realiza&ccedil;<\/span><span style=\"font-weight: 400\">&atilde;o: Par&oacute;quia Santa Efig&ecirc;nia,<\/span><span style=\"font-weight: 400\"> com apoio da Prefeitura, por meio da Secretaria de Cultura.<\/span><\/p>\n<p style=\"text-align: justify\">&nbsp;<\/p>\n<p style=\"text-align: justify\"><strong>Evento: Festa Julina da Est&acirc;ncia Ingazeira<\/strong><\/p>\n<p style=\"text-align: justify\"><span style=\"font-weight: 400\">S&aacute;bado (13), &agrave;s 19h30 &#8211; Avenida Martim Lutero Km 6, Bairro dos Pires<\/span><\/p>\n<p style=\"text-align: justify\"><span style=\"font-weight: 400\">Festa Julina da Est&acirc;ncia Ingazeira.<\/span><\/p>\n<p style=\"text-align: justify\"><span style=\"font-weight: 400\">Entrada: Gratuita.<\/span><\/p>\n<p style=\"text-align: justify\"><span style=\"font-weight: 400\">Classifica&ccedil;&atilde;o: Livre.<\/span><\/p>\n<p style=\"text-align: justify\"><span style=\"font-weight: 400\">Realiza&ccedil;<\/span><span style=\"font-weight: 400\">&atilde;o: Est&acirc;ncia Ingazeira,<\/span><span style=\"font-weight: 400\"> com apoio da Prefeitura, por meio da Secretaria de Cultura.<\/span><\/p>\n<p style=\"text-align: justify\">&nbsp;<\/p>\n<p style=\"text-align: justify\"><strong>Evento: Vem pro Sa&iacute;ra &#8211; 1&ordm; Arrai&aacute; do Campo Alegre<\/strong><\/p>\n<p style=\"text-align: justify\"><span style=\"font-weight: 400\">S&aacute;bado (13), &agrave;s 19h &#8211; Bairro Sa&iacute;ra, Rodovia Limeira\/Mogi Mirim<\/span><\/p>\n<p style=\"text-align: justify\"><span style=\"font-weight: 400\">1&ordm; Arrai&aacute; do Campo Alegre.<\/span><\/p>\n<p style=\"text-align: justify\"><span style=\"font-weight: 400\">Entrada: Gratuita.<\/span><\/p>\n<p style=\"text-align: justify\"><span style=\"font-weight: 400\">Classifica&ccedil;&atilde;o: Livre.<\/span><\/p>\n<p style=\"text-align: justify\"><span style=\"font-weight: 400\">Realiza&ccedil;<\/span><span style=\"font-weight: 400\">&atilde;o: Associa&ccedil;&atilde;o dos moradores,<\/span><span style=\"font-weight: 400\"> com apoio da Prefeitura, por meio da Secretaria de Cultura.<\/span><\/p>\n<p style=\"text-align: justify\">&nbsp;<\/p>\n<p style=\"text-align: justify\"><strong>M&uacute;sica: Retreta com Banda Henrique Marques<\/strong><\/p>\n<p style=\"text-align: justify\"><span style=\"font-weight: 400\">Domingo (14), &agrave;s 10h30 &#8211; Pra&ccedil;a Toledo Barros<\/span><\/p>\n<p style=\"text-align: justify\"><span style=\"font-weight: 400\">Sob reg&ecirc;ncia de Maikel Morelli, a banda toca obras da m&uacute;sica instrumental e popular brasileira.&nbsp;<\/span><\/p>\n<p style=\"text-align: justify\"><span style=\"font-weight: 400\">Entrada: Gratuita.<\/span><\/p>\n<p style=\"text-align: justify\"><span style=\"font-weight: 400\">Classifica&ccedil;&atilde;o: Livre.<\/span><\/p>\n<p style=\"text-align: justify\"><span style=\"font-weight: 400\">Realiza&ccedil;&atilde;o: Prefeitura, por meio da Secretaria de Cultura, e banda.<\/span><\/p>\n<p style=\"text-align: justify\">&nbsp;<\/p>\n<p style=\"text-align: justify\"><strong>Dan&ccedil;a: Tributos<\/strong><\/p>\n<p style=\"text-align: justify\"><span style=\"font-weight: 400\">Domingo (14), &agrave;s 19h &#8211; Teatro Vit&oacute;ria Emiliano Bernardo da Silva<\/span><\/p>\n<p style=\"text-align: justify\"><span style=\"font-weight: 400\">O evento cria um universo encantador com m&uacute;sica e dan&ccedil;a, transportando o p&uacute;blico para um mundo de sonhos e fantasia. Com coreografias que retratam a poesia de cada m&uacute;sica, o espet&aacute;culo busca transmitir a emo&ccedil;&atilde;o dos dan&ccedil;arinos.<\/span><\/p>\n<p style=\"text-align: justify\"><span style=\"font-weight: 400\">Entrada: R$ 80 (inteira), R$ 40 (meia-entrada ou b&ocirc;nus em compra antecipada).<\/span><\/p>\n<p style=\"text-align: justify\"><span style=\"font-weight: 400\">Classifica&ccedil;&atilde;o: Livre.<\/span><\/p>\n<p style=\"text-align: justify\"><span style=\"font-weight: 400\">Realiza&ccedil;&atilde;o: Esta&ccedil;&atilde;o da Dan&ccedil;a, com o apoio da Prefeitura, por meio da Secretaria de Cultura.<\/span><\/p>\n<p style=\"text-align: justify\"><span style=\"font-weight: 400\">Dura&ccedil;&atilde;o: 120 min.<\/span><\/p>\n<p style=\"text-align: justify\">&nbsp;<\/p>\n<p style=\"text-align: justify\"><strong>F&eacute;rias no Museu: Exibi&ccedil;&atilde;o do filme &ldquo;O Pergaminho Vermelho&rdquo;<\/strong><\/p>\n<p style=\"text-align: justify\"><span style=\"font-weight: 400\">Quarta-feira (17), &agrave;s 9h e &agrave;s 14h &#8211; Museu Major Jos&eacute; Levy Sobrinho<\/span><\/p>\n<p style=\"text-align: justify\"><span style=\"font-weight: 400\">Quinta-feira (18), &agrave;s 9h e &agrave;s 14h &#8211; Museu Major Jos&eacute; Levy Sobrinho<\/span><\/p>\n<p style=\"text-align: justify\"><span style=\"font-weight: 400\">Tudo muda quando a adolescente Nina &eacute; transportada a um mundo misterioso, cercada por criaturas m&aacute;gicas. Com a ajuda de seus novos amigos, ela enfrenta muitos desafios para voltar para casa.<\/span><\/p>\n<p style=\"text-align: justify\"><span style=\"font-weight: 400\">Entrada: Gratuita, <\/span><span style=\"font-weight: 400\">mediante inscri&ccedil;&atilde;o pelo telefone 3442-1707 ou email <\/span><span style=\"font-weight: 400\">agendamento.museu@limeira.sp.gov.br<\/span><span style=\"font-weight: 400\">.<\/span><\/p>\n<p style=\"text-align: justify\"><span style=\"font-weight: 400\">Classifica&ccedil;&atilde;o: Livre.<\/span><\/p>\n<p style=\"text-align: justify\"><span style=\"font-weight: 400\">Realiza&ccedil;&atilde;o: Governo do Estado de S&atilde;o Paulo e Museu da Imagem e do Som (MIS), em parceria com a Prefeitura de Limeira, por meio da Secretaria de Cultura.<\/span><\/p>\n<p style=\"text-align: justify\">&nbsp;<\/p>\n<p style=\"text-align: justify\"><strong>Literatura: Clube do Livro l&ecirc; &ldquo;A cabe&ccedil;a do Santo&rdquo;<\/strong><\/p>\n<p style=\"text-align: justify\"><span style=\"font-weight: 400\">Quarta-feira (17), &agrave;s 18h15 &#8211; Biblioteca Municipal Professor Jo&atilde;o de Sousa Ferraz<\/span><\/p>\n<p style=\"text-align: justify\"><span style=\"font-weight: 400\">Neste encontro a discuss&atilde;o ser&aacute; sobre o livro: &ldquo;A cabe&ccedil;a do Santo&rdquo; de Socorro Acioli, com a media&ccedil;&atilde;o de Daniele Pedroso. O livro narra a hist&oacute;ria de Samuel. Pouco antes de morrer, a m&atilde;e de Samuel lhe faz um &uacute;ltimo pedido: que ele v&aacute; encontrar a av&oacute; e o pai que nunca conheceu. Mesmo contrariado, o rapaz cumpre a promessa e faz a p&eacute; o caminho de Juazeiro do Norte at&eacute; a pequena cidade de Candeia, sofrendo todas as agruras do sol impiedoso do sert&atilde;o do Cear&aacute;. Ao chegar &agrave;quela cidade quase fantasma, ele encontra abrigo num lugar curioso: a cabe&ccedil;a oca e gigantesca de uma est&aacute;tua inacabada de Santo Ant&ocirc;nio. Seu primeiro contato na cidade ser&aacute; com Francisco, um rapaz de quem logo fica amigo e que resolve ajud&aacute;-lo a explorar comercialmente o seu dom da escuta, promovendo casamentos e outras artimanhas amorosas.<\/span><\/p>\n<p style=\"text-align: justify\"><span style=\"font-weight: 400\">Entrada: Gratuita.<\/span><\/p>\n<p style=\"text-align: justify\"><span style=\"font-weight: 400\">Classifica&ccedil;&atilde;o: A partir de 14 anos.<\/span><\/p>\n<p style=\"text-align: justify\"><span style=\"font-weight: 400\">Realiza&ccedil;&atilde;o: Prefeitura, por meio da Secretaria de Cultura.<\/span><\/p>\n<p style=\"text-align: justify\">&nbsp;<\/p>\n<p style=\"text-align: justify\"><strong>Literatura: Clube do Livro Juvenil l&ecirc; &ldquo;As vantagens de ser invis&iacute;vel&rdquo;&nbsp;<\/strong><\/p>\n<p style=\"text-align: justify\"><span style=\"font-weight: 400\">Quinta-feira (18), &agrave;s 16h30 &#8211; Biblioteca Pracinhas da Cultura (Bairro Geada)<\/span><\/p>\n<p style=\"text-align: justify\"><span style=\"font-weight: 400\">Neste encontro a discuss&atilde;o ser&aacute; sobre o livro &ldquo;As vantagens de ser invis&iacute;vel&rdquo; de Stephen Chbosky, com media&ccedil;&atilde;o de Carina Crislai. <\/span><span style=\"font-weight: 400\">Mais &iacute;ntimas do que um di&aacute;rio, as cartas de Charlie s&atilde;o estranhas e &uacute;nicas, hil&aacute;rias e devastadoras. N&atilde;o se sabe onde ele mora. N&atilde;o se sabe para quem ele escreve. Tudo o que se conhece &eacute; o mundo que ele compartilha com o leitor. Estar encurralado entre o desejo de viver sua vida e fugir dela o coloca num novo caminho atrav&eacute;s de um territ&oacute;rio inexplorado. Um mundo de primeiros encontros amorosos, dramas familiares e novos amigos. Um mundo de sexo, drogas e rock&rsquo;n&rsquo;roll, quando o que todo mundo quer &eacute; aquela m&uacute;sica certa que provoca o impulso perfeito para se sentir infinito. A luta entre apatia e entusiasmo marca o fim da adolesc&ecirc;ncia de Charlie em uma hist&oacute;ria divertida e ao mesmo tempo instigante.<\/span><\/p>\n<p style=\"text-align: justify\"><span style=\"font-weight: 400\">Entrada: Gratuita.<\/span><\/p>\n<p style=\"text-align: justify\"><span style=\"font-weight: 400\">Classifica&ccedil;&atilde;o: A partir de 12 anos.<\/span><\/p>\n<p style=\"text-align: justify\"><span style=\"font-weight: 400\">Realiza&ccedil;&atilde;o: Prefeitura, por meio da Secretaria de Cultura.<\/span><\/p>\n<p style=\"text-align: justify\">&nbsp;<\/p>\n<p style=\"text-align: justify\"><strong>Audiovisual: Uma Hist&oacute;ria de Laranja Lima<\/strong><\/p>\n<p style=\"text-align: justify\"><span style=\"font-weight: 400\">S&aacute;bado (20), &agrave;s 17h &#8211; Cervejaria Salve, Rua Prof&ordf; Ceci Barbosa Neves Est&eacute;fano, 132 &#8211; Vila S&atilde;o Luiz<\/span><\/p>\n<p style=\"text-align: justify\"><span style=\"font-weight: 400\">Baseado no livro &ldquo;Hist&oacute;rias e Receitas&rdquo; de Nadir Alves Galante Cavazin, o document&aacute;rio relata hist&oacute;rias hist&oacute;ricas e receitas tradicionais de Limeira. Quem nunca ouviu falar sobre a origem da coxinha de galinha? E a tradicional e tr&aacute;gica hist&oacute;ria do frade que resultou no nome da cidade? Acompanhadas de deliciosas receitas, grandes hist&oacute;rias como essas s&atilde;o marcadas no livro de Nadir de 1998, e na produ&ccedil;&atilde;o recebem uma nova roupagem em um gostoso document&aacute;rio narrado e contado por grandes cozinheiros da cidade que v&atilde;o alternando entre receitas, hist&oacute;rias, viv&ecirc;ncias e afetividades.<\/span><\/p>\n<p style=\"text-align: justify\"><span style=\"font-weight: 400\">Classifica&ccedil;&atilde;o: Livre.<\/span><\/p>\n<p style=\"text-align: justify\"><span style=\"font-weight: 400\">Realiza&ccedil;&atilde;o: Projeto contemplado com recursos da Lei Paulo Gustavo do Minist&eacute;rio da Cultura do Governo Federal do Brasil e Prefeitura de Limeira, atrav&eacute;s da Secretaria de Cultura.<\/span><\/p>\n<p style=\"text-align: justify\">&nbsp;<\/p>\n<p style=\"text-align: justify\"><strong>Literatura: Lan&ccedil;amento do livro &ldquo;Frutas doces colhemos aos montes&rdquo;<\/strong><\/p>\n<p style=\"text-align: justify\"><span style=\"font-weight: 400\">S&aacute;bado (20), &agrave;s 19h30 &#8211; Palacete Levy<\/span><\/p>\n<p style=\"text-align: justify\"><span style=\"font-weight: 400\">O poeta Otac&iacute;lio Monteiro lan&ccedil;a seu d&eacute;cimo-nono livro. Intitulado &ldquo;Frutas doces colhemos aos montes&rdquo;, que &eacute; uma frase do hino de Limeira, o livro traz poesias que celebram a cidade. No evento, acontece declama&ccedil;&atilde;o de poemas, presen&ccedil;a especiais e sess&atilde;o de aut&oacute;grafos. Utilizando-se de variadas t&eacute;cnicas no g&ecirc;nero poesia, o autor discorre sobre personagens, costumes, datas e locais hist&oacute;ricos. A edi&ccedil;&atilde;o conta com a capa e diagrama&ccedil;&atilde;o de Gisele Ara&uacute;jo, revis&atilde;o de Carlos Fiore, pref&aacute;cio de Maria Rita Lemos e apresenta&ccedil;&atilde;o de Farid Zaine. Ser&atilde;o 200 exemplares distribu&iacute;dos gratuitamente, sendo 100 reservados &agrave;s escolas p&uacute;blicas da cidade e os demais distribu&iacute;dos aos convidados que primeiro adentrarem ao evento. A declama&ccedil;&atilde;o ficar&aacute; a cargo dos atores limeirenses Guto Oliveira, Dannyane Ferlim e Pricka Ferreira.<\/span><\/p>\n<p style=\"text-align: justify\"><span style=\"font-weight: 400\">Entrada: Gratuita.<\/span><\/p>\n<p style=\"text-align: justify\"><span style=\"font-weight: 400\">Classifica&ccedil;&atilde;o: Livre<\/span><\/p>\n<p style=\"text-align: justify\"><span style=\"font-weight: 400\">Realiza&ccedil;&atilde;o: Projeto contemplado com recursos da Lei Paulo Gustavo do Minist&eacute;rio da Cultura do Governo Federal do Brasil e Prefeitura de Limeira, atrav&eacute;s da Secretaria de Cultura.<\/span><\/p>\n<p style=\"text-align: justify\">&nbsp;<\/p>\n<p style=\"text-align: justify\"><strong>M&uacute;sica: Retreta com Corpora&ccedil;&atilde;o Arthur GIambelli<\/strong><\/p>\n<p style=\"text-align: justify\"><span style=\"font-weight: 400\">Domingo (21), &agrave;s 10h30 &#8211; Pra&ccedil;a Toledo Barros<\/span><\/p>\n<p style=\"text-align: justify\"><span style=\"font-weight: 400\">Sob reg&ecirc;ncia do Maestro Leandro Pereira, a Corpora&ccedil;&atilde;o apresenta um repert&oacute;rio diverso.<\/span><\/p>\n<p style=\"text-align: justify\"><span style=\"font-weight: 400\">Entrada: Gratuita.<\/span><\/p>\n<p style=\"text-align: justify\"><span style=\"font-weight: 400\">Classifica&ccedil;&atilde;o: Livre.<\/span><\/p>\n<p style=\"text-align: justify\"><span style=\"font-weight: 400\">Realiza&ccedil;&atilde;o: Prefeitura, por meio da Secretaria de Cultura, e banda.<\/span><\/p>\n<p style=\"text-align: justify\"><span style=\"font-weight: 400\">Dura&ccedil;&atilde;o: 90 min.&nbsp;<\/span><\/p>\n<p>&nbsp;<\/p>\n<p style=\"text-align: justify\"><strong>Jogos: Dia de Jogar<\/strong><\/p>\n<p style=\"text-align: justify\"><span style=\"font-weight: 400\">Quarta-feira (24), das 17h &agrave;s 19h &#8211; Biblioteca Municipal Professor Jo&atilde;o de Sousa Ferraz<\/span><\/p>\n<p style=\"text-align: justify\"><span style=\"font-weight: 400\">A biblioteca disponibiliza&nbsp; jogos de tabuleiro. Os jogos dispon&iacute;veis s&atilde;o: Detetive, Monopoly, Scrabble, Imagem &amp; A&ccedil;&atilde;o, Banco Imobili&aacute;rio, War, Jogo da Vida, Perfil, Quest, Batalha Naval e mais.<\/span><\/p>\n<p style=\"text-align: justify\"><span style=\"font-weight: 400\">Entrada: Gratuita.<\/span><\/p>\n<p style=\"text-align: justify\"><span style=\"font-weight: 400\">Classifica&ccedil;&atilde;o: A partir de 9 anos.<\/span><\/p>\n<p style=\"text-align: justify\"><span style=\"font-weight: 400\">Realiza&ccedil;&atilde;o: Prefeitura, por meio da Secretaria de Cultura.<\/span><\/p>\n<p style=\"text-align: justify\">&nbsp;<\/p>\n<p style=\"text-align: justify\"><strong>Stand-up: Cambotas Que a Vida D&aacute; com Fabiano Cambota<\/strong><\/p>\n<p style=\"text-align: justify\"><span style=\"font-weight: 400\">Sexta-feira (26), &agrave;s 20h &#8211; Teatro Vit&oacute;ria Emiliano Bernardo da Silva<\/span><\/p>\n<p style=\"text-align: justify\"><span style=\"font-weight: 400\">Al&eacute;m de veterano na com&eacute;dia, Fabiano Cambota &eacute; apresentador do fen&ocirc;meno televisivo &ldquo;A Culpa &eacute; do Cabral&rdquo;. Apresentando novas passagens hil&aacute;rias da sua vida, ele faz um paralelo com o passado distante e pouco promissor. A consagrada habilidade em fazer com&eacute;dia de maneira simples fica ainda mais clara neste show solo.<\/span><\/p>\n<p style=\"text-align: justify\"><span style=\"font-weight: 400\">Entrada: Plateia &#8211; R$ 80 (inteira), R$ 40 (meia-entrada) e R$ 60 (mediante entrega de 1kg de alimento n&atilde;o perec&iacute;vel no dia do evento).<\/span><\/p>\n<p style=\"text-align: justify\"><span style=\"font-weight: 400\">Mezanino &#8211; R$ 60&nbsp; (inteira), R$ 30 (meia-entrada) e R$ 40 (mediante entrega de 1kg de alimento n&atilde;o perec&iacute;vel no dia do evento).<\/span><\/p>\n<p style=\"text-align: justify\"><span style=\"font-weight: 400\">Classifica&ccedil;&atilde;o: A partir de 14 anos.<\/span><\/p>\n<p style=\"text-align: justify\"><span style=\"font-weight: 400\">Realiza&ccedil;&atilde;o: Gois Produ&ccedil;&otilde;es e Eventos-Fernando Gois, com o apoio da Prefeitura, por meio da Secretaria de Cultura.<\/span><\/p>\n<p style=\"text-align: justify\"><span style=\"font-weight: 400\">Dura&ccedil;&atilde;o: 90 min.<\/span><\/p>\n<p style=\"text-align: justify\">&nbsp;<\/p>\n<p style=\"text-align: justify\"><strong>Teatro: Sonho de Uma Noite de S&atilde;o Jo&atilde;o<\/strong><\/p>\n<p style=\"text-align: justify\"><span style=\"font-weight: 400\">S&aacute;bado (27), &agrave;s 20h &#8211; Teatro Vit&oacute;ria Emiliano Bernardo da Silva<\/span><\/p>\n<p style=\"text-align: justify\"><span style=\"font-weight: 400\">O espet&aacute;culo &eacute; uma livre adapta&ccedil;&atilde;o do cl&aacute;ssico shakespeariano &ldquo;Sonho de uma noite de ver&atilde;o&rdquo;. O p&uacute;blico ser&aacute; recepcionado no hall pelo elenco que estar&aacute; servindo algumas comidas e bebidas t&iacute;picas encontradas em festas juninas e ter&aacute; degusta&ccedil;&atilde;o de pratos criados em oficinas gastron&ocirc;micas. O evento busca valorizar e colocar em evid&ecirc;ncia a cultura interiorana do estado paulista, reunindo ricos aspectos da cultura caipira referentes &agrave; gastronomia, costumes, vestimentas, linguagem, m&uacute;sicas, dan&ccedil;as, cren&ccedil;as e religiosidade.<\/span><\/p>\n<p style=\"text-align: justify\"><span style=\"font-weight: 400\">Entrada: Gratuita.<\/span><\/p>\n<p style=\"text-align: justify\"><span style=\"font-weight: 400\">Classifica&ccedil;&atilde;o: Livre.<\/span><\/p>\n<p style=\"text-align: justify\"><span style=\"font-weight: 400\">Realiza&ccedil;&atilde;o: Merc&uacute;rio Cultural, com o apoio da Prefeitura, por meio da Secretaria de Cultura.<\/span><\/p>\n<p style=\"text-align: justify\"><span style=\"font-weight: 400\">Dura&ccedil;&atilde;o: 90min.<\/span><\/p>\n<p style=\"text-align: justify\">&nbsp;<\/p>\n<p style=\"text-align: justify\"><strong>Literatura: Leia Mulheres conversa sobre &ldquo;A rid&iacute;cula ideia de nunca mais te ver&rdquo;<\/strong><\/p>\n<p style=\"text-align: justify\"><span style=\"font-weight: 400\">S&aacute;bado (27), &agrave;s 16h &#8211; Anfiteatro Dr. Olindo de Luca da Biblioteca Municipal<\/span><\/p>\n<p style=\"text-align: justify\"><span style=\"font-weight: 400\">O clube do livro Leia Mulheres discute sobre o livro &ldquo;A rid&iacute;cula ideia de nunca mais te ver&rdquo; de Rosa Montero, um livro sobre o luto e suas consequ&ecirc;ncias, que navega com maestria entre a fic&ccedil;&atilde;o e a mem&oacute;ria. Quando Rosa Montero leu o impressionante di&aacute;rio (inclu&iacute;do como ap&ecirc;ndice neste livro) que Marie Curie escreveu ap&oacute;s a morte de seu marido, ela sentiu que a hist&oacute;ria dessa mulher fascinante guardava uma triste sintonia com a sua pr&oacute;pria: Pablo Lizcano, seu companheiro durante 21 anos, morrera havia pouco depois de enfrentar um c&acirc;ncer. As consequ&ecirc;ncias dessa perda geraram este livro vertiginoso e tocante a respeito da morte, mas sobretudo dos la&ccedil;os que nos unem ao extremo da vida. O encontro &eacute;&nbsp; mediado por Denise Ap. da Silva, Let&iacute;cia Reis e Nayara M. Pires.<\/span><\/p>\n<p style=\"text-align: justify\"><span style=\"font-weight: 400\">Entrada: Gratuita.<\/span><\/p>\n<p style=\"text-align: justify\"><span style=\"font-weight: 400\">Classifica&ccedil;&atilde;o: Livre.<\/span><\/p>\n<p style=\"text-align: justify\"><span style=\"font-weight: 400\">Realiza&ccedil;&atilde;o: Leia Mulheres, com apoio da Prefeitura, por meio da Secretaria de Cultura.<\/span><\/p>\n<p style=\"text-align: justify\">&nbsp;<\/p>\n<p style=\"text-align: justify\"><strong>M&uacute;sica: Retreta com a Banda Henrique Marques<\/strong><\/p>\n<p style=\"text-align: justify\"><span style=\"font-weight: 400\">Domingo (28), &agrave;s 10h30 &#8211; Pra&ccedil;a Toledo Barros<\/span><\/p>\n<p style=\"text-align: justify\"><span style=\"font-weight: 400\">Sob reg&ecirc;ncia de Maikel Morelli, a banda toca obras da m&uacute;sica instrumental e popular brasileira.&nbsp;<\/span><\/p>\n<p style=\"text-align: justify\"><span style=\"font-weight: 400\">Entrada: Gratuita.<\/span><\/p>\n<p style=\"text-align: justify\"><span style=\"font-weight: 400\">Classifica&ccedil;&atilde;o: Livre.<\/span><\/p>\n<p style=\"text-align: justify\"><span style=\"font-weight: 400\">Realiza&ccedil;&atilde;o: Prefeitura, por meio da Secretaria de Cultura, e banda.<\/span><\/p>\n<p style=\"text-align: justify\">&nbsp;<\/p>\n<p style=\"text-align: justify\"><strong>Exposi&ccedil;&atilde;o: As Festas Juninas e Suas Tradi&ccedil;&otilde;es<\/strong><\/p>\n<p style=\"text-align: justify\"><span style=\"font-weight: 400\">At&eacute; 31 de julho, de segunda a sexta, das 13h &agrave;s 17h &#8211; Museu Major Jos&eacute; Levy Sobrinho<\/span><\/p>\n<p style=\"text-align: justify\"><span style=\"font-weight: 400\">A exposi&ccedil;&atilde;o celebra as festas que ocorrem em todas as regi&otilde;es do Brasil durante o m&ecirc;s de junho, contando&nbsp; um pouco dessa hist&oacute;ria, que tem sua origem em celebra&ccedil;&otilde;es pag&atilde;s de tempos remotos.&nbsp;<\/span><\/p>\n<p style=\"text-align: justify\"><span style=\"font-weight: 400\">Entrada: Gratuita.<\/span><\/p>\n<p style=\"text-align: justify\"><span style=\"font-weight: 400\">Classifica&ccedil;&atilde;o: Livre.<\/span><\/p>\n<p style=\"text-align: justify\">&nbsp;<\/p>\n<p style=\"text-align: justify\"><strong>Exposi&ccedil;&atilde;o: Leonardo da Vinci &#8211; As Maravilhas Mec&acirc;nicas<\/strong><\/p>\n<p style=\"text-align: justify\"><span style=\"font-weight: 400\">De segunda a sexta-feira, das 9h &agrave;s 11h30 e das 14h30 &agrave;s 16h45 &#8211; Centro de Ci&ecirc;ncias e Cultura &ldquo;Professor Osvaldo Roberto Leite&rdquo;<\/span><\/p>\n<p style=\"text-align: justify\"><span style=\"font-weight: 400\">A exposi&ccedil;&atilde;o vem exemplificar, por meio de alguns dos projetos de Da Vinci, como a sua vis&atilde;o foi revolucion&aacute;ria. &Eacute; dividida em quatro &aacute;reas, simbolizadas pelos elementos da natureza (ar, &aacute;gua, fogo e terra), apresentando maquetes, textos e imagens que justificam sua fama de um dos maiores g&ecirc;nios da humanidade.<\/span><\/p>\n<p style=\"text-align: justify\"><span style=\"font-weight: 400\">Agenda para visitas de escolas: 3444-7893.<\/span><\/p>\n<p style=\"text-align: justify\"><span style=\"font-weight: 400\">Entrada: Gratuita.<\/span><\/p>\n<p style=\"text-align: justify\"><span style=\"font-weight: 400\">Classifica&ccedil;&atilde;o: Livre.<\/span><\/p>\n<p style=\"text-align: justify\"><span style=\"font-weight: 400\">Realiza&ccedil;&atilde;o: Prefeitura, por meio da Secretaria de Cultura, e M.A.S.T. &ndash; Museu de Astronomia e Afins.<\/span><\/p>\n<p style=\"text-align: justify\">&nbsp;<\/p>\n<p style=\"text-align: justify\"><strong>Exposi&ccedil;&atilde;o: Biodiversidade e Sa&uacute;de<\/strong><\/p>\n<p style=\"text-align: justify\"><span style=\"font-weight: 400\">De segunda a sexta-feira, das 9h &agrave;s 11h30 e das 14h30 &agrave;s 16h45 &#8211; Centro de Ci&ecirc;ncias e Cultura &ldquo;Professor Osvaldo Roberto Leite&rdquo;<\/span><\/p>\n<p style=\"text-align: justify\"><span style=\"font-weight: 400\">A mostra aborda a vasta biodiversidade do pa&iacute;s, j&aacute; que uma a cada cinco esp&eacute;cies existentes no mundo vive no Brasil. A exposi&ccedil;&atilde;o provoca reflex&otilde;es sobre as rela&ccedil;&otilde;es entre a biodiversidade, a sa&uacute;de e suas perspectivas socioambientais, convidando o visitante a compreender a complexidade da vida em seus diferentes n&iacute;veis de hierarquia, al&eacute;m de conhecer mais sobre os biomas brasileiros e refletir sobre a interven&ccedil;&atilde;o humana na natureza e na acelera&ccedil;&atilde;o do processo de extin&ccedil;&atilde;o de esp&eacute;cies. Tamb&eacute;m traz um jogo da mem&oacute;ria com informa&ccedil;&otilde;es sobre esp&eacute;cies brasileiras amea&ccedil;adas de extin&ccedil;&atilde;o e uma atividade interativa sobre as rela&ccedil;&otilde;es ecol&oacute;gicas que acontecem no ambiente da floresta.<\/span><\/p>\n<p style=\"text-align: justify\"><span style=\"font-weight: 400\">Agenda para visitas de escolas: 3444-7893.<\/span><\/p>\n<p style=\"text-align: justify\"><span style=\"font-weight: 400\">Entrada: Gratuita.<\/span><\/p>\n<p style=\"text-align: justify\"><span style=\"font-weight: 400\">Classifica&ccedil;&atilde;o: Livre.<\/span><\/p>\n<p style=\"text-align: justify\"><span style=\"font-weight: 400\">Realiza&ccedil;&atilde;o: Prefeitura, por meio da Secretaria de Cultura, e Museu da Vida &#8211; Funda&ccedil;&atilde;o Oswaldo Cruz<\/span><\/p>\n<p style=\"text-align: justify\"><span style=\"font-weight: 400\">&nbsp;<\/span><\/p>\n<p style=\"text-align: justify\"><strong>Exposi&ccedil;&atilde;o de Longa Dura&ccedil;&atilde;o: Limeira, Uma Cidade Entre S&eacute;culos<\/strong><\/p>\n<p style=\"text-align: justify\"><span style=\"font-weight: 400\">De ter&ccedil;a a sexta-feira, das 9h &agrave;s 17h &#8211; Museu Major Jos&eacute; Levy Sobrinho<\/span><\/p>\n<p style=\"text-align: justify\"><span style=\"font-weight: 400\">A exposi&ccedil;&atilde;o apresenta ao p&uacute;blico uma vis&atilde;o das variadas dimens&otilde;es que formam a identidade limeirense, tendo como eixo central a vida na cidade. Cada sala reflete uma din&acirc;mica que se desdobra da conviv&ecirc;ncia comunit&aacute;ria: o viver na cidade e seus temas correlatos; o &acirc;mbito dom&eacute;stico e o morar; os of&iacute;cios e a industrializa&ccedil;&atilde;o; as dimens&otilde;es pol&iacute;ticas; e as rela&ccedil;&otilde;es entre sa&uacute;de e educa&ccedil;&atilde;o. Com o objetivo de despertar o interesse pela hist&oacute;ria da cidade de Limeira, proporciona uma percep&ccedil;&atilde;o cr&iacute;tica e sens&iacute;vel da realidade hist&oacute;rica e, ainda, busca estabelecer rela&ccedil;&otilde;es de di&aacute;logo com os diversos p&uacute;blicos, e promove a ressignifica&ccedil;&atilde;o acerca das obras observadas pelos participantes dos grupos.<\/span><\/p>\n<p style=\"text-align: justify\"><span style=\"font-weight: 400\">Agendamento de grupos: <\/span><a href=\"http:\/\/agendamento.museu\/\" rel=\"noopener\"><span style=\"font-weight: 400\">agendamento.museu<\/span><\/a><span style=\"font-weight: 400\">@<\/span><a href=\"https:\/\/limeira.sp.gov.br\/\" rel=\"noopener\"><span style=\"font-weight: 400\">limeira.sp.gov.br<\/span><\/a><\/p>\n<p style=\"text-align: justify\"><span style=\"font-weight: 400\">Entrada: Gratuita.<\/span><\/p>\n<p style=\"text-align: justify\"><span style=\"font-weight: 400\">Classifica&ccedil;&atilde;o Livre.<\/span><\/p>\n<p style=\"text-align: justify\"><span style=\"font-weight: 400\">Realiza&ccedil;&atilde;o: Prefeitura, por meio da Secretaria de Cultura.<\/span><\/p>\n<p style=\"text-align: justify\"><span style=\"font-weight: 400\">&nbsp;<\/span><\/p>\n<p style=\"text-align: justify\"><strong>Exposi&ccedil;&atilde;o: Gruta da Paz e Sua Hist&oacute;ria<\/strong><\/p>\n<p style=\"text-align: justify\"><span style=\"font-weight: 400\">De ter&ccedil;a a sexta-feira, das 12h &agrave;s 17h; e aos s&aacute;bados, das 9h &agrave;s 13h &#8211; Gruta da Paz<\/span><\/p>\n<p style=\"text-align: justify\"><span style=\"font-weight: 400\">Constru&iacute;da entre 1919 e 1920 e reinaugurada em julho de 2017 pela Prefeitura Municipal de Limeira, o local que passou por reformas e revitaliza&ccedil;&atilde;o, se destaca como um dos principais cart&otilde;es postais da cidade. Marcando a reabertura deste espa&ccedil;o, o Museu Major Jos&eacute; Levy Sobrinho preparou a exposi&ccedil;&atilde;o &ldquo;Gruta da Paz e sua Hist&oacute;ria&rdquo;, que procura por meio de imagens e fotos do passado, contar um pouco de sua rica hist&oacute;ria e de sua trajet&oacute;ria marcante para a sociedade e para a cultura de Limeira e regi&atilde;o.<\/span><\/p>\n<p style=\"text-align: justify\"><span style=\"font-weight: 400\">Entrada: Gratuita.<\/span><\/p>\n<p style=\"text-align: justify\"><span style=\"font-weight: 400\">Classifica&ccedil;&atilde;o: Livre.<\/span><\/p>\n<p style=\"text-align: justify\"><span style=\"font-weight: 400\">Realiza&ccedil;&atilde;o: Prefeitura, por meio da Secretaria de Cultura.<\/span><\/p>\n<p style=\"text-align: justify\"><span style=\"font-weight: 400\">&nbsp;<\/span><\/p>\n<p style=\"text-align: justify\"><strong>*** Programa&ccedil;&atilde;o sujeita &agrave; altera&ccedil;&otilde;es.<\/strong><\/p>\n<p style=\"text-align: justify\"><strong>_____________________________________________________________<\/strong><\/p>\n<p style=\"text-align: justify\"><strong>ENDERE&Ccedil;OS E TELEFONES DA CULTURA:<\/strong><\/p>\n<p style=\"text-align: justify\">&nbsp;<\/p>\n<p style=\"text-align: justify\"><strong>Gabinete do Secret&aacute;rio de Cultura \/ Orquestra Sinf&ocirc;nica de Limeira \/ Departamento de Cultura \/ Departamento Operacional <\/strong><span style=\"font-weight: 400\">&#8211; Palacete Levy &#8211; Largo da Boa Morte, 11 &#8211; Centro. Telefone: 3441 7905.<\/span><\/p>\n<p style=\"text-align: justify\">&nbsp;<\/p>\n<p style=\"text-align: justify\"><strong>Escola Municipal de Cultura e Artes Maestro M&aacute;rio Tintori &#8211; Emcea\/ Departamento de Forma&ccedil;&atilde;o para as Artes \/ Sede do Programa Oficinas Culturais<\/strong><span style=\"font-weight: 400\"> &#8211; Rua da Boa Morte, 471 &#8211; Centro. Telefone: 3441 5493.<\/span><\/p>\n<p style=\"text-align: justify\">&nbsp;<\/p>\n<p style=\"text-align: justify\"><strong>Museu Major Jos&eacute; Levy Sobrinho \/ Centro Municipal de Mem&oacute;ria Hist&oacute;rica de Limeira<\/strong><span style=\"font-weight: 400\"> &#8211; Rua da Boa Morte, 471 &#8211; Centro. Telefone: 3442 1707.<\/span><\/p>\n<p style=\"text-align: justify\">&nbsp;<\/p>\n<p style=\"text-align: justify\"><strong>Espa&ccedil;o Expositivo Prof&ordf; Maria Eloisa Gon&ccedil;alves de Oliveira Rossi <\/strong><span style=\"font-weight: 400\">&#8211; Rua Treze de Maio, 102, Centro. Telefone: 3442 1707.<\/span><\/p>\n<p style=\"text-align: justify\">&nbsp;<\/p>\n<p style=\"text-align: justify\"><strong>Teatro Vit&oacute;ria &ldquo;Emiliano Bernardo da Silva&rdquo;<\/strong><span style=\"font-weight: 400\"> &#8211; Pra&ccedil;a Toledo Barros &#8211; s\/no &#8211; Centro. Telefone: 3451 6679.<\/span><\/p>\n<p style=\"text-align: justify\">&nbsp;<\/p>\n<p style=\"text-align: justify\"><strong>Centro de Ci&ecirc;ncias e Cultura Prof. Osvaldo Roberto Leite <\/strong><span style=\"font-weight: 400\">&#8211; Parque Cidade &#8211; Rua Jos&eacute; Botelho Veloso, s\/no &#8211; Vila S&atilde;o Jo&atilde;o. Telefone: 3444 7893.<\/span><\/p>\n<p style=\"text-align: justify\">&nbsp;<\/p>\n<p style=\"text-align: justify\"><strong>Biblioteca Municipal Professor Jo&atilde;o de Sousa Ferraz e Infantil Profa. Cec&iacute;lia Quadros<\/strong><span style=\"font-weight: 400\"> &#8211; Parque Cidade &#8211; Rua Jos&eacute; Botelho Veloso, s\/n &#8211; Vila S&atilde;o Jo&atilde;o. Telefone: 3442 6539.<\/span><\/p>\n<p style=\"text-align: justify\">&nbsp;<\/p>\n<p style=\"text-align: justify\"><strong>Casa da Cultura Oswaldo Salibe<\/strong><span style=\"font-weight: 400\"> &#8211; Rua Renato Moretti, 222 &#8211; Parque Nossa Senhora das Dores. Telefone: 3453 9009.<\/span><\/p>\n<p style=\"text-align: justify\">&nbsp;<\/p>\n<p style=\"text-align: justify\"><strong>Casa da Cultura 2<\/strong><span style=\"font-weight: 400\"> &#8211; Rua Alberto Pelegrino, 37 &#8211; Vista Alegre. Telefone: 3442 8470.<\/span><\/p>\n<p style=\"text-align: justify\"><span style=\"font-weight: 400\">Pracinhas da Cultura (CEU) &#8211; Av. Prefeito Ari Levi Pereira, 845 &ndash; Geada. Telefone: 3451- 2650.<\/span><\/p>\n<p style=\"text-align: justify\">&nbsp;<\/p>\n<p><br \/>\n<br \/><a href=\"https:\/\/limeira.sp.gov.br\/programacao-do-mes-traz-musica-danca-literatura-stand-up-e-muito-mais\" rel=\"noopener\">Informa\u00e7\u00f5es da PML <\/a><\/p>\n","protected":false},"excerpt":{"rendered":"<p>O m&ecirc;s de julho traz cultura diversa, com muita m&uacute;sica, espet&aacute;culos de dan&ccedil;a, clubes de livro, com&eacute;dia, al&eacute;m de outros eventos. Confira tudo abaixo: &nbsp; Exposi&ccedil;&atilde;o: Os Invis&iacute;veis Abertura na segunda-feira (1&deg;), &agrave;s 8h &#8211; Biblioteca Municipal Professor Jo&atilde;o de Souza Ferraz. A visita&ccedil;&atilde;o ocorre de segunda a sexta, das 8h &agrave;s 17h; &agrave;s quartas-feiras [&hellip;]<\/p>\n","protected":false},"author":1,"featured_media":3415,"comment_status":"open","ping_status":"open","sticky":false,"template":"","format":"standard","meta":{"_jetpack_newsletter_access":"","_jetpack_dont_email_post_to_subs":false,"_jetpack_newsletter_tier_id":0,"_jetpack_memberships_contains_paywalled_content":false,"_mbp_banners":[],"_jetpack_feature_clip_id":0,"_jetpack_memberships_contains_paid_content":false,"footnotes":"","jetpack_publicize_message":"","jetpack_publicize_feature_enabled":true,"jetpack_social_post_already_shared":true,"jetpack_social_options":{"image_generator_settings":{"template":"highway","default_image_id":0,"font":"","enabled":false},"version":2},"jetpack_post_was_ever_published":false},"categories":[16],"tags":[],"class_list":["post-9464","post","type-post","status-publish","format-standard","has-post-thumbnail","category-local"],"jetpack_publicize_connections":[],"jetpack-related-posts":[],"jetpack_shortlink":"https:\/\/wp.me\/p7Eq1F-2sE","jetpack_sharing_enabled":true,"jetpack_featured_media_url":"https:\/\/i0.wp.com\/guialimeira.com.br\/news\/wp-content\/uploads\/2024\/05\/m_137_0_1_30042024143313.jpg?fit=1280%2C852&ssl=1","_links":{"self":[{"href":"https:\/\/guialimeira.com.br\/news\/wp-json\/wp\/v2\/posts\/9464","targetHints":{"allow":["GET"]}}],"collection":[{"href":"https:\/\/guialimeira.com.br\/news\/wp-json\/wp\/v2\/posts"}],"about":[{"href":"https:\/\/guialimeira.com.br\/news\/wp-json\/wp\/v2\/types\/post"}],"author":[{"embeddable":true,"href":"https:\/\/guialimeira.com.br\/news\/wp-json\/wp\/v2\/users\/1"}],"replies":[{"embeddable":true,"href":"https:\/\/guialimeira.com.br\/news\/wp-json\/wp\/v2\/comments?post=9464"}],"version-history":[{"count":0,"href":"https:\/\/guialimeira.com.br\/news\/wp-json\/wp\/v2\/posts\/9464\/revisions"}],"wp:featuredmedia":[{"embeddable":true,"href":"https:\/\/guialimeira.com.br\/news\/wp-json\/wp\/v2\/media\/3415"}],"wp:attachment":[{"href":"https:\/\/guialimeira.com.br\/news\/wp-json\/wp\/v2\/media?parent=9464"}],"wp:term":[{"taxonomy":"category","embeddable":true,"href":"https:\/\/guialimeira.com.br\/news\/wp-json\/wp\/v2\/categories?post=9464"},{"taxonomy":"post_tag","embeddable":true,"href":"https:\/\/guialimeira.com.br\/news\/wp-json\/wp\/v2\/tags?post=9464"}],"curies":[{"name":"wp","href":"https:\/\/api.w.org\/{rel}","templated":true}]}}