{"id":9462,"date":"2024-07-01T19:41:01","date_gmt":"2024-07-01T22:41:01","guid":{"rendered":"https:\/\/guialimeira.com.br\/2024\/07\/01\/brasil-amplia-vagas-no-atletismo-e-chama-primeiros-convocados-a-paris\/"},"modified":"2024-07-01T19:41:01","modified_gmt":"2024-07-01T22:41:01","slug":"brasil-amplia-vagas-no-atletismo-e-chama-primeiros-convocados-a-paris","status":"publish","type":"post","link":"https:\/\/guialimeira.com.br\/news\/brasil-amplia-vagas-no-atletismo-e-chama-primeiros-convocados-a-paris\/","title":{"rendered":"Brasil amplia vagas no atletismo e chama primeiros convocados a Paris"},"content":{"rendered":"<p> <br \/>\n<\/p>\n<div>\n<p>O Brasil ampliou neste fim de semana o n\u00famero de classificados no atletismo \u00e0 Olimp\u00edada de Paris, no encerramento do Trof\u00e9u Brasil, em S\u00e3o Paulo. \u00a0O mineiro Luiz Maur\u00edcio da Silva (lan\u00e7amento de dardo) venceu a prova, com direito a quebra do recorde continental, com a marca de \u00a085,57m.<img data-recalc-dims=\"1\" decoding=\"async\" src=\"https:\/\/i0.wp.com\/agenciabrasil.ebc.com.br\/ebc.png?w=696&#038;ssl=1\" style=\"width:1px; height:1px; display:inline;\"\/><img data-recalc-dims=\"1\" decoding=\"async\" src=\"https:\/\/i0.wp.com\/agenciabrasil.ebc.com.br\/ebc.gif?w=696&#038;ssl=1\" style=\"width:1px; height:1px; display:inline;\"\/><\/p>\n<p>Com o fechamento do ranking mundial da World Athletics (federa\u00e7\u00e3o internacional) no domingo (30), o Brasil tamb\u00e9m arrematou uma vaga das duas \u00faltimas vagas no revezamento no 4&#215;100 metros \u2013 14 equipes j\u00e1 estavam asseguradas. Na lista da World Athletics o pa\u00eds \u00e9 o mais bem ranqueado, em 15\u00ba lugar, e a Holanda, e 16\u00ba, garantiu a outra vaga.<\/p>\n<div class=\"dnd-widget-wrapper context-cheio_8colunas type-image\">\n<div class=\"dnd-atom-rendered\"><!-- scald=391135:cheio_8colunas --><\/p>\n<div class=\"shadow overflow-hidden rounded-lg d-block w-100\">\n            <img data-recalc-dims=\"1\" decoding=\"async\" src=\"https:\/\/i0.wp.com\/agenciabrasil.ebc.com.br\/sites\/default\/files\/thumbnails\/image\/loading_v2.gif?w=696&#038;ssl=1\" data-echo=\"https:\/\/imagens.ebc.com.br\/hcIrzAL8nM3XTUt32xbIWbcKjfE=\/754x0\/smart\/https:\/\/agenciabrasil.ebc.com.br\/sites\/default\/files\/thumbnails\/image\/2024\/07\/01\/4x100m_mundial_de_atletismo_budapeste_2023.jpg?itok=plsQUqOm\" alt=\"Brasil se classifica pelo ranking mundial, em 15\u00ba lugar, no revezamento 4x100m do atletismo em Paris 2024, com o tempo de 38s19 obtido no Campeonato Mundial de Atletismo de 2023 - em 01\/07\/2024\" title=\"Wagner Carmo\/CBAt\/Direitos Reservados\" class=\"flex-fill img-cover\"\/><br \/>\n        <img data-recalc-dims=\"1\" decoding=\"async\" src=\"https:\/\/i0.wp.com\/imagens.ebc.com.br\/hcIrzAL8nM3XTUt32xbIWbcKjfE%3D\/754x0\/smart\/https%3A\/\/agenciabrasil.ebc.com.br\/sites\/default\/files\/thumbnails\/image\/2024\/07\/01\/4x100m_mundial_de_atletismo_budapeste_2023.jpg?w=696&#038;ssl=1\" alt=\"Brasil se classifica pelo ranking mundial, em 15\u00ba lugar, no revezamento 4x100m do atletismo em Paris 2024, com o tempo de 38s19 obtido no Campeonato Mundial de Atletismo de 2023 - em 01\/07\/2024\" title=\"Wagner Carmo\/CBAt\/Direitos Reservados\" class=\"flex-fill img-cover\"\/>\n    <\/div>\n<p><!-- END scald=391135 --><\/div>\n<div class=\"dnd-caption-wrapper\">\n<p>O melhor tempo do Brasil no revezamento 4x100m foi de 38s19, obtido no Mundial de Atletismo do ano passado,\u00a0pelo quarteto formado por\u00a0Felipe Bardi, Erick Cardoso, Paulo Andr\u00e9 Camilo, e Rodrigo Nascimento &#8211; <strong>Wagner Carmo\/CBAt\/Direitos Reservados<\/strong><!--END copyright=391135--><\/p>\n<\/div>\n<\/div>\n<p>A classifica\u00e7\u00e3o verde e amarela foi obtida com o tempo de 38s19, cravado\u00a0pelo quarteto formado por Felipe Bardi, Erick Cardoso, Paulo Andr\u00e9 Camilo, e Rodrigo Nascimento, no Mundial de Atletismo em Budapeste (Hungria), no ano passado. \u00a0J\u00e1 a marca da Holanda (38s30) foi alcan\u00e7ada em abril.<\/p>\n<p>A Confedera\u00e7\u00e3o Brasileira de Atletismo (CBAt) far\u00e1 a convoca\u00e7\u00e3o dos atletas para Paris 2024 na pr\u00f3xima quarta (3). As provas da modalidade em Paris ocorrer\u00e3o de 1\u00ba a 11 de agosto. O <a href=\"https:\/\/www.cob.org.br\/pt\/galerias\/noticias\/lista-de-vagas-e-atletas-garantidos-no-time-brasil-dos-jogos-olimpicos-paris-2024\/\" rel=\"noopener\"><strong>Brasil j\u00e1 tem garantidas 261 vagas em Paris 2024.<\/strong><\/a><\/p>\n<h2>Tiro com arco<\/h2>\n<p>L\u00edder do ranking mundial do arco recurso, Marcus Vin\u00edcius D\u2019Almeida representar\u00e1 o Brasil em Paris\u00a0 junto com Ana Luiza Caetano, respectivamente na disputa do individual masculino e no feminino. \u00a0Os dois foram convocados no domingo (30) pelo Comit\u00ea Ol\u00edmpico do Brasil (COB). Marcus assegurou vaga para o pais ao faturar medalha de bronze no Mundial \u00a0da modalidade, em agosto do ano passado, na Alemanha.\u00a0 Natural de Maric\u00e1 (RJ), Marcus, foi eleito este ano o melhor arqueiro do mundo, em fevereiro deste ano, em premia\u00e7\u00e3o da Word Achery (federa\u00e7\u00e3o internacional).<\/p>\n<blockquote class=\"twitter-tweet\">\n<p dir=\"ltr\" lang=\"pt\" xml:lang=\"pt\">EQUIPE DEFINIDA! \ud83c\udff9\ud83c\udde7\ud83c\uddf7<\/p>\n<p>Marcus D\u2019Almeida e Ana Luiza Caetano ser\u00e3o os atletas brasileiros no tiro com arco em <a href=\"https:\/\/twitter.com\/hashtag\/Paris2024?src=hash&amp;ref_src=twsrc%5Etfw\" rel=\"noopener\">#Paris2024<\/a>.<\/p>\n<p>Os dois competir\u00e3o no Recurvo Individual e tamb\u00e9m far\u00e3o dupla no Misto. \ud83d\udd25<a href=\"https:\/\/twitter.com\/hashtag\/TimeBrasil?src=hash&amp;ref_src=twsrc%5Etfw\" rel=\"noopener\">#TimeBrasil<\/a> <a href=\"https:\/\/t.co\/Lfui4VLZfr\">pic.twitter.com\/Lfui4VLZfr<\/a><\/p>\n<p>\u2014 Time Brasil (@timebrasil) <a href=\"https:\/\/twitter.com\/timebrasil\/status\/1807577564480716844?ref_src=twsrc%5Etfw\" rel=\"noopener\">July 1, 2024<\/a><\/p><\/blockquote>\n<p>J\u00e1 a vaga feminina para o Brasil em Paris foi assegurada por Ana Clara Machado, ao conquistar a prata nos Jogos Pan-Americanos de Santiago (Chile) em 2023.<\/p>\n<p>A competi\u00e7\u00e3o do tiro com arco em Paris come\u00e7a antes da cerim\u00f4nia oficial de abertura (26 de julho). As disputas ter\u00e3o in\u00edcio no dia 25 de julho e ir\u00e3o at\u00e9 4 de agosto.<\/p>\n<h2>Hipismo<\/h2>\n<p>A Confedera\u00e7\u00e3o Brasileira de Hipismo (CBH) definiu no \u00faltimo s\u00e1bado (29) a lista de convocados para as disputas de salto, hipismo completo e adestramento, programadas para o per\u00edodo de 26 de julho a 6 de agosto, na cidade de Versalhes (Fran\u00e7a).<\/p>\n<p>A delega\u00e7\u00e3o brasileira contar\u00e1 na competi\u00e7\u00e3o de saltos com Yuri Mansur, Stephan de Freitas Barcha, Rodrigo Pessoa e Pedro Veniss, al\u00e9m de Luciana Diniz e Luiz Felipe de Azevedo Filho (ambos reservas).<\/p>\n<blockquote class=\"instagram-media\" data-instgrm-captioned=\"\" data-instgrm-permalink=\"https:\/\/www.instagram.com\/p\/C8z4uIdv_8x\/?utm_source=ig_embed&amp;utm_campaign=loading\" data-instgrm-version=\"14\" style=\" background:#FFF; border:0; border-radius:3px; box-shadow:0 0 1px 0 rgba(0,0,0,0.5),0 1px 10px 0 rgba(0,0,0,0.15); margin: 1px; max-width:540px; min-width:326px; padding:0; width:99.375%; width:-webkit-calc(100% - 2px); width:calc(100% - 2px);\">\n<\/blockquote>\n<p>No hipismo completo, o pa\u00eds ser\u00e1 representado por Carlos Ramadam Parro, Marcio Carvalho Jorge, Rafael Mamprim Losano, Ruy Leme da Fonseca e Vinicius Albano \u2013 este \u00faltimo ser\u00e1 reserva.<\/p>\n<p>Na disputa do adestramento o convocado foi Jo\u00e3o Victor Marcari Oliva, tendo como reserva o cavaleiro Renderson Oliveira.<\/p>\n<\/p><\/div>\n<p><script async src=\"\/\/platform.twitter.com\/widgets.js\" charset=\"utf-8\"><\/script><script async src=\"\/\/www.instagram.com\/embed.js\"><\/script><br \/>\n<br \/><br \/>\n<br \/><a href=\"https:\/\/agenciabrasil.ebc.com.br\/esportes\/noticia\/2024-07\/brasil-amplia-vagas-no-atletismo-e-chama-primeiros-convocados-paris\" rel=\"noopener\">Ag\u00eancia Brasil<\/a><\/p>\n","protected":false},"excerpt":{"rendered":"<p>O Brasil ampliou neste fim de semana o n\u00famero de classificados no atletismo \u00e0 Olimp\u00edada de Paris, no encerramento do Trof\u00e9u Brasil, em S\u00e3o Paulo. \u00a0O mineiro Luiz Maur\u00edcio da Silva (lan\u00e7amento de dardo) venceu a prova, com direito a quebra do recorde continental, com a marca de \u00a085,57m. Com o fechamento do ranking mundial [&hellip;]<\/p>\n","protected":false},"author":1,"featured_media":9463,"comment_status":"open","ping_status":"open","sticky":false,"template":"","format":"standard","meta":{"_jetpack_newsletter_access":"","_jetpack_dont_email_post_to_subs":false,"_jetpack_newsletter_tier_id":0,"_jetpack_memberships_contains_paywalled_content":false,"_mbp_banners":[],"_jetpack_feature_clip_id":0,"_jetpack_memberships_contains_paid_content":false,"footnotes":"","jetpack_publicize_message":"","jetpack_publicize_feature_enabled":true,"jetpack_social_post_already_shared":true,"jetpack_social_options":{"image_generator_settings":{"template":"highway","default_image_id":0,"font":"","enabled":false},"version":2},"jetpack_post_was_ever_published":false},"categories":[23],"tags":[],"class_list":["post-9462","post","type-post","status-publish","format-standard","has-post-thumbnail","category-esportes"],"jetpack_publicize_connections":[],"jetpack-related-posts":[],"jetpack_shortlink":"https:\/\/wp.me\/p7Eq1F-2sC","jetpack_sharing_enabled":true,"jetpack_featured_media_url":"https:\/\/i0.wp.com\/guialimeira.com.br\/news\/wp-content\/uploads\/2024\/07\/luiz_mauricio_da_silva_lancamento_de_dardo_paris_2024.jpg?fit=1600%2C800&ssl=1","_links":{"self":[{"href":"https:\/\/guialimeira.com.br\/news\/wp-json\/wp\/v2\/posts\/9462","targetHints":{"allow":["GET"]}}],"collection":[{"href":"https:\/\/guialimeira.com.br\/news\/wp-json\/wp\/v2\/posts"}],"about":[{"href":"https:\/\/guialimeira.com.br\/news\/wp-json\/wp\/v2\/types\/post"}],"author":[{"embeddable":true,"href":"https:\/\/guialimeira.com.br\/news\/wp-json\/wp\/v2\/users\/1"}],"replies":[{"embeddable":true,"href":"https:\/\/guialimeira.com.br\/news\/wp-json\/wp\/v2\/comments?post=9462"}],"version-history":[{"count":0,"href":"https:\/\/guialimeira.com.br\/news\/wp-json\/wp\/v2\/posts\/9462\/revisions"}],"wp:featuredmedia":[{"embeddable":true,"href":"https:\/\/guialimeira.com.br\/news\/wp-json\/wp\/v2\/media\/9463"}],"wp:attachment":[{"href":"https:\/\/guialimeira.com.br\/news\/wp-json\/wp\/v2\/media?parent=9462"}],"wp:term":[{"taxonomy":"category","embeddable":true,"href":"https:\/\/guialimeira.com.br\/news\/wp-json\/wp\/v2\/categories?post=9462"},{"taxonomy":"post_tag","embeddable":true,"href":"https:\/\/guialimeira.com.br\/news\/wp-json\/wp\/v2\/tags?post=9462"}],"curies":[{"name":"wp","href":"https:\/\/api.w.org\/{rel}","templated":true}]}}