{"id":9455,"date":"2024-07-01T18:42:07","date_gmt":"2024-07-01T21:42:07","guid":{"rendered":"https:\/\/guialimeira.com.br\/2024\/07\/01\/lei-geral-de-protecao-de-dados-lgpd-e-apresentada-a-conselheiros-de-saude\/"},"modified":"2024-07-01T18:42:07","modified_gmt":"2024-07-01T21:42:07","slug":"lei-geral-de-protecao-de-dados-lgpd-e-apresentada-a-conselheiros-de-saude","status":"publish","type":"post","link":"https:\/\/guialimeira.com.br\/news\/lei-geral-de-protecao-de-dados-lgpd-e-apresentada-a-conselheiros-de-saude\/","title":{"rendered":"Lei Geral de Prote\u00e7\u00e3o de Dados (LGPD) \u00e9 apresentada a conselheiros de sa\u00fade"},"content":{"rendered":"<p> <br \/>\n<br \/><img data-recalc-dims=\"1\" decoding=\"async\" src=\"https:\/\/i0.wp.com\/ecrie.com.br\/sistema\/conteudos\/imagem\/m_137_0_1_01072024155502.jpeg?w=696&#038;ssl=1\" \/><\/p>\n<p>O Conselho Municipal de Sa&uacute;de de Limeira realizou na semana passada, no Pa&ccedil;o Municipal, reuni&atilde;o ordin&aacute;ria de trabalho, sob a presid&ecirc;ncia de&nbsp;Rafael Botteon, que &eacute; diretor do Fundo Municipal de Sa&uacute;de. Em pauta, a Lei Geral de Prote&ccedil;&atilde;o de Dados (LGPD), tema apresentado pelo encarregado da&nbsp;Prote&ccedil;&atilde;o de Dados Pessoais&nbsp;da Secretaria de Gest&atilde;o Estrat&eacute;gicas,&nbsp;Bruno Henrique da Silva. Os conselheiros tamb&eacute;m receberam informa&ccedil;&otilde;es sobre o cen&aacute;rio epidemiol&oacute;gico da dengue e o andamento das campanhas de vacina&ccedil;&atilde;o. As informa&ccedil;&otilde;es epidemiol&oacute;gicas foram relatadas pelo assessor-executivo da Secretaria de Sa&uacute;de, Alexandre Ferrari.<\/p>\n<p>&nbsp;<\/p>\n<p><br \/>\n<br \/><a href=\"https:\/\/limeira.sp.gov.br\/lei-geral-de-protecao-de-dados-lgpd-e-apresentada-a-conselheiros-de-saude\" rel=\"noopener\">Informa\u00e7\u00f5es da PML <\/a><\/p>\n","protected":false},"excerpt":{"rendered":"<p>O Conselho Municipal de Sa&uacute;de de Limeira realizou na semana passada, no Pa&ccedil;o Municipal, reuni&atilde;o ordin&aacute;ria de trabalho, sob a presid&ecirc;ncia de&nbsp;Rafael Botteon, que &eacute; diretor do Fundo Municipal de Sa&uacute;de. Em pauta, a Lei Geral de Prote&ccedil;&atilde;o de Dados (LGPD), tema apresentado pelo encarregado da&nbsp;Prote&ccedil;&atilde;o de Dados Pessoais&nbsp;da Secretaria de Gest&atilde;o Estrat&eacute;gicas,&nbsp;Bruno Henrique da [&hellip;]<\/p>\n","protected":false},"author":1,"featured_media":9456,"comment_status":"open","ping_status":"open","sticky":false,"template":"","format":"standard","meta":{"_jetpack_newsletter_access":"","_jetpack_dont_email_post_to_subs":false,"_jetpack_newsletter_tier_id":0,"_jetpack_memberships_contains_paywalled_content":false,"_mbp_banners":[],"_jetpack_feature_clip_id":0,"_jetpack_memberships_contains_paid_content":false,"footnotes":"","jetpack_publicize_message":"","jetpack_publicize_feature_enabled":true,"jetpack_social_post_already_shared":true,"jetpack_social_options":{"image_generator_settings":{"template":"highway","default_image_id":0,"font":"","enabled":false},"version":2},"jetpack_post_was_ever_published":false},"categories":[16],"tags":[],"class_list":["post-9455","post","type-post","status-publish","format-standard","has-post-thumbnail","category-local"],"jetpack_publicize_connections":[],"jetpack-related-posts":[],"jetpack_shortlink":"https:\/\/wp.me\/p7Eq1F-2sv","jetpack_sharing_enabled":true,"jetpack_featured_media_url":"https:\/\/i0.wp.com\/guialimeira.com.br\/news\/wp-content\/uploads\/2024\/07\/m_137_0_1_01072024155502.jpeg?fit=900%2C675&ssl=1","_links":{"self":[{"href":"https:\/\/guialimeira.com.br\/news\/wp-json\/wp\/v2\/posts\/9455","targetHints":{"allow":["GET"]}}],"collection":[{"href":"https:\/\/guialimeira.com.br\/news\/wp-json\/wp\/v2\/posts"}],"about":[{"href":"https:\/\/guialimeira.com.br\/news\/wp-json\/wp\/v2\/types\/post"}],"author":[{"embeddable":true,"href":"https:\/\/guialimeira.com.br\/news\/wp-json\/wp\/v2\/users\/1"}],"replies":[{"embeddable":true,"href":"https:\/\/guialimeira.com.br\/news\/wp-json\/wp\/v2\/comments?post=9455"}],"version-history":[{"count":0,"href":"https:\/\/guialimeira.com.br\/news\/wp-json\/wp\/v2\/posts\/9455\/revisions"}],"wp:featuredmedia":[{"embeddable":true,"href":"https:\/\/guialimeira.com.br\/news\/wp-json\/wp\/v2\/media\/9456"}],"wp:attachment":[{"href":"https:\/\/guialimeira.com.br\/news\/wp-json\/wp\/v2\/media?parent=9455"}],"wp:term":[{"taxonomy":"category","embeddable":true,"href":"https:\/\/guialimeira.com.br\/news\/wp-json\/wp\/v2\/categories?post=9455"},{"taxonomy":"post_tag","embeddable":true,"href":"https:\/\/guialimeira.com.br\/news\/wp-json\/wp\/v2\/tags?post=9455"}],"curies":[{"name":"wp","href":"https:\/\/api.w.org\/{rel}","templated":true}]}}