{"id":9449,"date":"2024-07-01T17:41:01","date_gmt":"2024-07-01T20:41:01","guid":{"rendered":"https:\/\/guialimeira.com.br\/2024\/07\/01\/pedagio-da-limeira-cordeiropolis-segue-estado-e-reajusta-valores-a-partir-desta-terca-2\/"},"modified":"2024-07-01T17:41:01","modified_gmt":"2024-07-01T20:41:01","slug":"pedagio-da-limeira-cordeiropolis-segue-estado-e-reajusta-valores-a-partir-desta-terca-2","status":"publish","type":"post","link":"https:\/\/guialimeira.com.br\/news\/pedagio-da-limeira-cordeiropolis-segue-estado-e-reajusta-valores-a-partir-desta-terca-2\/","title":{"rendered":"Ped\u00e1gio da Limeira-Cordeir\u00f3polis segue Estado e reajusta valores a partir desta ter\u00e7a (2)"},"content":{"rendered":"<p> <br \/>\n<br \/><img data-recalc-dims=\"1\" decoding=\"async\" src=\"https:\/\/i0.wp.com\/ecrie.com.br\/sistema\/conteudos\/imagem\/m_137_128_47_15122022144819.jpg?w=696&#038;ssl=1\" \/><\/p>\n<p style=\"text-align: justify\">A Prefeitura de Limeira, por meio da Secretaria de Mobilidade Urbana, informa que o ped&aacute;gio localizado na Rodovia Doutor C&aacute;ssio de Freitas Levy, que liga Limeira a Cordeir&oacute;polis, ter&aacute; novo valor a partir desta ter&ccedil;a-feira (2). O reajuste segue &iacute;ndice da Ag&ecirc;ncia de Transportes do Estado de S&atilde;o Paulo (Artesp). Decreto que regulamenta o valor ser&aacute; divulgado no Jornal Oficial desta ter&ccedil;a.<\/p>\n<p style=\"text-align: justify\">Para os ve&iacute;culos utilit&aacute;rios leves (de passeio e de passageiros), o valor passar&aacute; dos atuais R$ 3,90 para R$ 4,15 &ndash; somente no sentido Limeira\/Cordeir&oacute;polis. J&aacute; para os ve&iacute;culos de cargas e &ocirc;nibus, o ped&aacute;gio passar&aacute; de R$ 8,20 para R$ 8,70, por eixo, em ambos os sentidos. Segundo a pasta, os valores foram arredondados para facilitar a opera&ccedil;&atilde;o no ped&aacute;gio. As motocicletas seguem isentas, conforme legisla&ccedil;&atilde;o.<\/p>\n<p style=\"text-align: justify\">De acordo com legisla&ccedil;&atilde;o municipal, o reajuste da tarifa do ped&aacute;gio municipal est&aacute; vinculado aos novos valores do ped&aacute;gio das rodovias estaduais em &iacute;ndice equivalente ao da Rodovia Anhanguera &ndash; ped&aacute;gio do km 152.<\/p>\n<p><br \/>\n<br \/><a href=\"https:\/\/limeira.sp.gov.br\/pedagio-da-limeira-cordeiropolis-segue-estado-e-reajusta-valores-a-partir-desta-terca-2\" rel=\"noopener\">Informa\u00e7\u00f5es da PML <\/a><\/p>\n","protected":false},"excerpt":{"rendered":"<p>A Prefeitura de Limeira, por meio da Secretaria de Mobilidade Urbana, informa que o ped&aacute;gio localizado na Rodovia Doutor C&aacute;ssio de Freitas Levy, que liga Limeira a Cordeir&oacute;polis, ter&aacute; novo valor a partir desta ter&ccedil;a-feira (2). O reajuste segue &iacute;ndice da Ag&ecirc;ncia de Transportes do Estado de S&atilde;o Paulo (Artesp). Decreto que regulamenta o valor [&hellip;]<\/p>\n","protected":false},"author":1,"featured_media":9450,"comment_status":"open","ping_status":"open","sticky":false,"template":"","format":"standard","meta":{"_jetpack_newsletter_access":"","_jetpack_dont_email_post_to_subs":false,"_jetpack_newsletter_tier_id":0,"_jetpack_memberships_contains_paywalled_content":false,"_mbp_banners":[],"_jetpack_feature_clip_id":0,"_jetpack_memberships_contains_paid_content":false,"footnotes":"","jetpack_publicize_message":"","jetpack_publicize_feature_enabled":true,"jetpack_social_post_already_shared":true,"jetpack_social_options":{"image_generator_settings":{"template":"highway","default_image_id":0,"font":"","enabled":false},"version":2},"jetpack_post_was_ever_published":false},"categories":[16],"tags":[],"class_list":["post-9449","post","type-post","status-publish","format-standard","has-post-thumbnail","category-local"],"jetpack_publicize_connections":[],"jetpack-related-posts":[],"jetpack_shortlink":"https:\/\/wp.me\/p7Eq1F-2sp","jetpack_sharing_enabled":true,"jetpack_featured_media_url":"https:\/\/i0.wp.com\/guialimeira.com.br\/news\/wp-content\/uploads\/2024\/07\/m_137_128_47_15122022144819.jpg?fit=1024%2C641&ssl=1","_links":{"self":[{"href":"https:\/\/guialimeira.com.br\/news\/wp-json\/wp\/v2\/posts\/9449","targetHints":{"allow":["GET"]}}],"collection":[{"href":"https:\/\/guialimeira.com.br\/news\/wp-json\/wp\/v2\/posts"}],"about":[{"href":"https:\/\/guialimeira.com.br\/news\/wp-json\/wp\/v2\/types\/post"}],"author":[{"embeddable":true,"href":"https:\/\/guialimeira.com.br\/news\/wp-json\/wp\/v2\/users\/1"}],"replies":[{"embeddable":true,"href":"https:\/\/guialimeira.com.br\/news\/wp-json\/wp\/v2\/comments?post=9449"}],"version-history":[{"count":0,"href":"https:\/\/guialimeira.com.br\/news\/wp-json\/wp\/v2\/posts\/9449\/revisions"}],"wp:featuredmedia":[{"embeddable":true,"href":"https:\/\/guialimeira.com.br\/news\/wp-json\/wp\/v2\/media\/9450"}],"wp:attachment":[{"href":"https:\/\/guialimeira.com.br\/news\/wp-json\/wp\/v2\/media?parent=9449"}],"wp:term":[{"taxonomy":"category","embeddable":true,"href":"https:\/\/guialimeira.com.br\/news\/wp-json\/wp\/v2\/categories?post=9449"},{"taxonomy":"post_tag","embeddable":true,"href":"https:\/\/guialimeira.com.br\/news\/wp-json\/wp\/v2\/tags?post=9449"}],"curies":[{"name":"wp","href":"https:\/\/api.w.org\/{rel}","templated":true}]}}