{"id":9448,"date":"2024-07-01T16:55:01","date_gmt":"2024-07-01T19:55:01","guid":{"rendered":"https:\/\/guialimeira.com.br\/2024\/07\/01\/onibus-intermunicipal-e-suburbano-ficam-mais-caro-em-sao-paulo\/"},"modified":"2024-07-01T16:55:01","modified_gmt":"2024-07-01T19:55:01","slug":"onibus-intermunicipal-e-suburbano-ficam-mais-caro-em-sao-paulo","status":"publish","type":"post","link":"https:\/\/guialimeira.com.br\/news\/onibus-intermunicipal-e-suburbano-ficam-mais-caro-em-sao-paulo\/","title":{"rendered":"\u00d4nibus intermunicipal e suburbano ficam mais caro em S\u00e3o Paulo"},"content":{"rendered":"<p> <br \/>\n<\/p>\n<div>\n<p>As passagens dos \u00f4nibus intermunicipais rodovi\u00e1rios e suburbanos que circulam no estado de S\u00e3o Paulo, administrados pela Ag\u00eancia de Transporte do Estado de S\u00e3o Paulo (Artesp), est\u00e3o 10% mais caras a partir desta segunda-feira (1\u00ba).<img data-recalc-dims=\"1\" decoding=\"async\" src=\"https:\/\/i0.wp.com\/agenciabrasil.ebc.com.br\/ebc.png?w=696&#038;ssl=1\" style=\"width:1px; height:1px; display:inline;\"\/><img data-recalc-dims=\"1\" decoding=\"async\" src=\"https:\/\/i0.wp.com\/agenciabrasil.ebc.com.br\/ebc.gif?w=696&#038;ssl=1\" style=\"width:1px; height:1px; display:inline;\"\/><\/p>\n<p>O reajuste foi <a href=\"https:\/\/www.doe.sp.gov.br\/executivo\/secretaria-de-parcerias-em-investimentos\/portaria-artesp-n-77-de-28-de-junho-de-2024-20240628113416214417560\" target=\"_blank\" rel=\"noopener\">publicado no <em>Di\u00e1rio Oficial<\/em><\/a> de sexta-feira (28) e come\u00e7ou a valer a partir da meia-noite desta segunda-feira.<\/p>\n<p>Os \u00f4nibus rodovi\u00e1rios s\u00e3o os que operam em terminais rodovi\u00e1rios ou ag\u00eancias de vendas de passagens e que t\u00eam caracter\u00edsticas como bagageiro externo e poltronas individuais e numeradas. J\u00e1 os suburbanos contam com cobran\u00e7a de passagem dentro do ve\u00edculo, sem lugares numerados e com portas independentes para embarque e desembarque de passageiros e permite o transporte de passageiros em p\u00e9.<\/p>\n<h2><strong>Ped\u00e1gios<\/strong><\/h2>\n<p>Na semana passada, a Artesp tamb\u00e9m autorizou o reajuste anual nas tarifas de ped\u00e1gios nos trechos de rodovias estaduais administrados por 17 concession\u00e1rias que integram o Programa de Concess\u00f5es Rodovi\u00e1rias do Estado de S\u00e3o Paulo. Com isso, a partir desta segunda-feira, 16 concession\u00e1rias j\u00e1 podem reajustar suas tarifas: CCR AutoBAn, Via Colinas, Ecovias, Arteris Intervias, Renovias, CCR SPVias, Tebe, CCR ViaOeste, CART, Ecopistas, CCR RodoAnel, Rodovias do Tiet\u00ea, Rota das Bandeiras, SPMar, ViaRondon e Tamoios.<\/p>\n<p>J\u00e1 a Entrevias poder\u00e1 reajustar o valor de seus ped\u00e1gios a partir da meia-noite do pr\u00f3ximo s\u00e1bado (6).\u00a0<\/p>\n<p>O maior reajuste ser\u00e1 aplicado na Tamoios, com aumento de 4,48%.\u00a0J\u00e1 o menor ser\u00e1 nas rodovias da Tebe, de 0,33%. Nas demais concession\u00e1rias, o reajuste permitido \u00e9 de 3,92%.<\/p>\n<p>Segundo a Artesp, os reajustes consideram a recomposi\u00e7\u00e3o inflacion\u00e1ria nos \u00faltimos 12 meses &#8211; de junho de 2023 a maio deste ano &#8211; e est\u00e3o baseados no \u00cdndice Geral de Pre\u00e7os de Mercado (IGPM) e no \u00cdndice Nacional de Pre\u00e7os ao Consumidor Amplo (IPCA), de acordo com cada contrato.<\/p>\n<\/p><\/div>\n<p><br \/>\n<br \/><a href=\"https:\/\/agenciabrasil.ebc.com.br\/economia\/noticia\/2024-07\/onibus-intermunicipal-e-suburbano-ficam-mais-caro-em-sao-paulo\" rel=\"noopener\">Ag\u00eancia Brasil<\/a><\/p>\n","protected":false},"excerpt":{"rendered":"<p>As passagens dos \u00f4nibus intermunicipais rodovi\u00e1rios e suburbanos que circulam no estado de S\u00e3o Paulo, administrados pela Ag\u00eancia de Transporte do Estado de S\u00e3o Paulo (Artesp), est\u00e3o 10% mais caras a partir desta segunda-feira (1\u00ba). O reajuste foi publicado no Di\u00e1rio Oficial de sexta-feira (28) e come\u00e7ou a valer a partir da meia-noite desta segunda-feira. [&hellip;]<\/p>\n","protected":false},"author":1,"featured_media":1263,"comment_status":"open","ping_status":"open","sticky":false,"template":"","format":"standard","meta":{"_jetpack_newsletter_access":"","_jetpack_dont_email_post_to_subs":false,"_jetpack_newsletter_tier_id":0,"_jetpack_memberships_contains_paywalled_content":false,"_mbp_banners":[],"_jetpack_feature_clip_id":0,"_jetpack_memberships_contains_paid_content":false,"footnotes":"","jetpack_publicize_message":"","jetpack_publicize_feature_enabled":true,"jetpack_social_post_already_shared":true,"jetpack_social_options":{"image_generator_settings":{"template":"highway","default_image_id":0,"font":"","enabled":false},"version":2},"jetpack_post_was_ever_published":false},"categories":[24],"tags":[],"class_list":["post-9448","post","type-post","status-publish","format-standard","has-post-thumbnail","category-economia"],"jetpack_publicize_connections":[],"jetpack-related-posts":[],"jetpack_shortlink":"https:\/\/wp.me\/p7Eq1F-2so","jetpack_sharing_enabled":true,"jetpack_featured_media_url":"https:\/\/i0.wp.com\/guialimeira.com.br\/news\/wp-content\/uploads\/2024\/04\/277589181_378128897656263_2293707564046955568_n.jpg?fit=1600%2C800&ssl=1","_links":{"self":[{"href":"https:\/\/guialimeira.com.br\/news\/wp-json\/wp\/v2\/posts\/9448","targetHints":{"allow":["GET"]}}],"collection":[{"href":"https:\/\/guialimeira.com.br\/news\/wp-json\/wp\/v2\/posts"}],"about":[{"href":"https:\/\/guialimeira.com.br\/news\/wp-json\/wp\/v2\/types\/post"}],"author":[{"embeddable":true,"href":"https:\/\/guialimeira.com.br\/news\/wp-json\/wp\/v2\/users\/1"}],"replies":[{"embeddable":true,"href":"https:\/\/guialimeira.com.br\/news\/wp-json\/wp\/v2\/comments?post=9448"}],"version-history":[{"count":0,"href":"https:\/\/guialimeira.com.br\/news\/wp-json\/wp\/v2\/posts\/9448\/revisions"}],"wp:featuredmedia":[{"embeddable":true,"href":"https:\/\/guialimeira.com.br\/news\/wp-json\/wp\/v2\/media\/1263"}],"wp:attachment":[{"href":"https:\/\/guialimeira.com.br\/news\/wp-json\/wp\/v2\/media?parent=9448"}],"wp:term":[{"taxonomy":"category","embeddable":true,"href":"https:\/\/guialimeira.com.br\/news\/wp-json\/wp\/v2\/categories?post=9448"},{"taxonomy":"post_tag","embeddable":true,"href":"https:\/\/guialimeira.com.br\/news\/wp-json\/wp\/v2\/tags?post=9448"}],"curies":[{"name":"wp","href":"https:\/\/api.w.org\/{rel}","templated":true}]}}