{"id":9435,"date":"2024-07-01T15:39:12","date_gmt":"2024-07-01T18:39:12","guid":{"rendered":"https:\/\/guialimeira.com.br\/2024\/07\/01\/proximos-dias-trazem-exposicao-musica-danca-e-outros-eventos\/"},"modified":"2024-07-01T15:39:12","modified_gmt":"2024-07-01T18:39:12","slug":"proximos-dias-trazem-exposicao-musica-danca-e-outros-eventos","status":"publish","type":"post","link":"https:\/\/guialimeira.com.br\/news\/proximos-dias-trazem-exposicao-musica-danca-e-outros-eventos\/","title":{"rendered":"Pr\u00f3ximos dias trazem exposi\u00e7\u00e3o, m\u00fasica, dan\u00e7a e outros eventos"},"content":{"rendered":"<p> <br \/>\n<br \/><img data-recalc-dims=\"1\" decoding=\"async\" src=\"https:\/\/i0.wp.com\/ecrie.com.br\/sistema\/conteudos\/imagem\/m_137_0_1_04042024134720.jpg?w=696&#038;ssl=1\" \/><\/p>\n<div class=\"adn ads\" data-message-id=\"#msg-f:1803393732477520478\" data-legacy-message-id=\"1906f10b7e7d0a5e\">\n<div class=\"gs\">\n<div class=\"\">\n<div id=\":q8\" class=\"ii gt\">\n<div id=\":ty\" class=\"a3s aiL \">\n<p dir=\"ltr\" style=\"text-align: justify\"><span style=\"font-size: 1em\">A programa&ccedil;&atilde;o desta semana traz a exposi&ccedil;&atilde;o &ldquo;Os Invis&iacute;veis&rdquo; e o concerto &ldquo;Di&aacute;logos com o Duo Siqueira Lima&#8221;, na Biblioteca Municipal. Tamb&eacute;m acontece dan&ccedil;a no festival &ldquo;Dan&ccedil;are&rdquo; e no espet&aacute;culo &ldquo;Entre Passos, Jogos e Brincadeiras&rdquo;, no Teatro Vit&oacute;ria.<\/span><\/p>\n<p dir=\"ltr\" style=\"text-align: justify\">A agenda cultural ainda conta com exibi&ccedil;&atilde;o de filme, curso e outros eventos. Confira abaixo:<\/p>\n<p dir=\"ltr\">&nbsp;<\/p>\n<p dir=\"ltr\" style=\"text-align: justify\"><strong>Exposi&ccedil;&atilde;o: Os Invis&iacute;veis<\/strong><\/p>\n<p dir=\"ltr\" style=\"text-align: justify\">Abertura na segunda-feira (1&deg;), &agrave;s 8h &#8211;&nbsp;Biblioteca Municipal Professor Jo&atilde;o de Souza Ferraz. A visita&ccedil;&atilde;o ocorre&nbsp;de segunda a sexta, das 8h &agrave;s 17h;&nbsp;&agrave;s quartas-feiras at&eacute; &agrave;s 19h; at&eacute; dia 31<\/p>\n<p dir=\"ltr\" style=\"text-align: justify\">A exposi&ccedil;&atilde;o traz a valoriza&ccedil;&atilde;o e conscientiza&ccedil;&atilde;o de classe atrav&eacute;s de trabalhadores que por vezes se mostram invis&iacute;veis aos olhos da comunidade por serem consideradas profiss&otilde;es subvalorizadas. Se busca provocar reflex&otilde;es e quest&otilde;es a respeito da invisibilidade social e criticar os que se aproveitam dela. Cinco artistas exp&otilde;em suas particularidades e, em conjunto, se somam em uma exposi&ccedil;&atilde;o de grande impacto visual e social. A mostra apresenta a vis&atilde;o de invis&iacute;vel dos artistas Jo&atilde;o Caetano Assis Bell&atilde;o retratando os magarefes e catadores de recicl&aacute;veis, Eduardo Salzane &ndash; Oper&aacute;rios, Breno Ferreira &ndash; Coveiros, Pedro Lemos &ndash; Trabalhadores Rurais e Felipe Malavasi trazendo seu olhar sobre os faxineiros urbanos.<\/p>\n<p dir=\"ltr\" style=\"text-align: justify\">Entrada: Gratuita.<\/p>\n<p dir=\"ltr\" style=\"text-align: justify\">Classifica&ccedil;&atilde;o: Livre.<\/p>\n<p dir=\"ltr\" style=\"text-align: justify\">Realiza&ccedil;&atilde;o: MaB&ecirc; Cultural, atrav&eacute;s da Lei Paulo Gustavo do Minist&eacute;rio da Cultura do Governo Federal do Brasil, com apoio da Prefeitura, por meio da Secretaria de Cultura.<\/p>\n<p dir=\"ltr\">&nbsp;<\/p>\n<p dir=\"ltr\" style=\"text-align: justify\"><strong>M&uacute;sica: Di&aacute;logos com o Duo Siqueira Lima<\/strong><\/p>\n<p dir=\"ltr\" style=\"text-align: justify\">Quarta-feira (3), &agrave;s 19h &#8211; Anfiteatro Dr. Olindo de Luca da Biblioteca Municipal<\/p>\n<p dir=\"ltr\" style=\"text-align: justify\">O Duo de violonistas formado por Cec&iacute;lia Siqueira e Fernando Lima faz um concerto seguido por uma conversa com a plateia, na qual respondem perguntas sobre suas carreiras, repert&oacute;rio da turn&ecirc;, caracter&iacute;sticas dos compositores tocados, entre outros assuntos. O repert&oacute;rio traz um di&aacute;logo entre compositores de diversas partes do mundo e estilos, constru&iacute;do com base em tr&ecirc;s vertentes: o impressionismo de Debussy, o nacionalismo musical brasileiro e espanhol e tamb&eacute;m da m&uacute;sica popular do Brasil. O Duo vai tocar obras de Ernesto Halffter, Torroba, Claude Debussy, Villa Lobos, Tom Jobim e Dominguinhos.<\/p>\n<p dir=\"ltr\" style=\"text-align: justify\">Entrada: Gratuita.<\/p>\n<p dir=\"ltr\" style=\"text-align: justify\">Classifica&ccedil;&atilde;o: Livre.<\/p>\n<p dir=\"ltr\" style=\"text-align: justify\">Realiza&ccedil;&atilde;o: Proac &#8211; Programa de A&ccedil;&atilde;o Cultural da Secretaria de Estado da Cultura e Economia Criativa e da Prefeitura de Limeira, por meio da Secretaria de Cultura.<\/p>\n<p dir=\"ltr\">&nbsp;<\/p>\n<p dir=\"ltr\" style=\"text-align: justify\"><strong>Audiovisual: Meu cinema &eacute; logo ali<\/strong><\/p>\n<p dir=\"ltr\" style=\"text-align: justify\">Quarta-feira (3), &agrave;s 19h &#8211; UBS Pastor Guaracy Rabesco, Jardim Novo Horizonte<\/p>\n<p dir=\"ltr\" style=\"text-align: justify\">Exibi&ccedil;&atilde;o de filmes para o p&uacute;blico infantil da CEIEF Maria Paulina Rodrigues Provinciatto. Para ter acesso &agrave;s apresenta&ccedil;&otilde;es, basta fazer a retirada de ingresso antecipadamente.<\/p>\n<p dir=\"ltr\" style=\"text-align: justify\">Entrada: Gratuita.<\/p>\n<p dir=\"ltr\" style=\"text-align: justify\">Classifica&ccedil;&atilde;o: Livre.<\/p>\n<p dir=\"ltr\" style=\"text-align: justify\">Realiza&ccedil;&atilde;o: Projeto contemplado com recursos da Lei Paulo Gustavo do Minist&eacute;rio da Cultura do Governo Federal do Brasil e Prefeitura de Limeira, atrav&eacute;s da Secretaria de Cultura.<\/p>\n<p dir=\"ltr\">&nbsp;<\/p>\n<p dir=\"ltr\" style=\"text-align: justify\"><strong>Evento Fechado: Mostra de Arte e Talento &#8211; SCFV Ceprosom<\/strong><\/p>\n<p dir=\"ltr\" style=\"text-align: justify\">Quarta- feira (3), &agrave;s 19h &#8211;&nbsp;Teatro Vit&oacute;ria Emiliano Bernardo da Silva<\/p>\n<p dir=\"ltr\" style=\"text-align: justify\">A mostra tem a participa&ccedil;&atilde;o de crian&ccedil;as do projeto que acontece nos centros comunit&aacute;rios dos bairros Jardim Ernesto Kuhl, Cecap, Parque Nossa Senhora das Dores e Parque Hip&oacute;lito.<\/p>\n<p dir=\"ltr\" style=\"text-align: justify\">Entrada: Gratuita.<\/p>\n<p dir=\"ltr\" style=\"text-align: justify\">Classifica&ccedil;&atilde;o: Livre.<\/p>\n<p dir=\"ltr\" style=\"text-align: justify\">Realiza&ccedil;&atilde;o: Ceprosom, com o apoio da Prefeitura, por meio da Secretaria de Cultura.<\/p>\n<p dir=\"ltr\" style=\"text-align: justify\">Dura&ccedil;&atilde;o: 100 min.<\/p>\n<p dir=\"ltr\">&nbsp;<\/p>\n<p dir=\"ltr\" style=\"text-align: justify\"><strong>Curso: Conserva&ccedil;&atilde;o de &aacute;udio anal&oacute;gico &#8211; disco de goma-laca, vinil e fitas magn&eacute;ticas<\/strong><\/p>\n<p dir=\"ltr\" style=\"text-align: justify\">Quinta-feira (4), das 9h &agrave;s 17h &#8211; Museu Major Jos&eacute; Levy Sobrinho<\/p>\n<p dir=\"ltr\" style=\"text-align: justify\">No per&iacute;odo da manh&atilde;, a oficina vai abordar a conserva&ccedil;&atilde;o de discos de goma laca e vinil com apresenta&ccedil;&atilde;o te&oacute;rica sobre os suportes, como conserv&aacute;-los e acondicion&aacute;-los. No per&iacute;odo da tarde, ser&aacute; trabalhado o conte&uacute;do sobre a conserva&ccedil;&atilde;o de K7s e Fitas Rolo, com demonstra&ccedil;&atilde;o de higieniza&ccedil;&atilde;o de K7s com equipamento pr&oacute;prio. A oficina &eacute; ministrada por Cecilia Salamon.<\/p>\n<p dir=\"ltr\" style=\"text-align: justify\">Entrada: Gratuita.<\/p>\n<p dir=\"ltr\" style=\"text-align: justify\">Classifica&ccedil;&atilde;o: A partir de 18 anos.<\/p>\n<p dir=\"ltr\" style=\"text-align: justify\">Realiza&ccedil;&atilde;o:&nbsp;Sistema Estadual de Museus (SISEM-SP), Casa das Rosas e Prefeitura de Limeira, por meio da Secretaria de Cultura.<\/p>\n<p dir=\"ltr\">&nbsp;<\/p>\n<p dir=\"ltr\" style=\"text-align: justify\"><strong>Evento: Festa Junina das Entidades<\/strong><\/p>\n<p dir=\"ltr\" style=\"text-align: justify\">Sexta-feira (5) e s&aacute;bado (6) &#8211; Limeira Shopping<\/p>\n<p dir=\"ltr\" style=\"text-align: justify\">Festa junina das entidades.<\/p>\n<p dir=\"ltr\" style=\"text-align: justify\">Entrada: Gratuita.<\/p>\n<p dir=\"ltr\" style=\"text-align: justify\">Classifica&ccedil;&atilde;o: Livre.<\/p>\n<p dir=\"ltr\" style=\"text-align: justify\">Realiza&ccedil;&atilde;o: Entidades de Limeira, com apoio da Prefeitura, por meio da Secretaria de Cultura.<\/p>\n<p dir=\"ltr\">&nbsp;<\/p>\n<p dir=\"ltr\" style=\"text-align: justify\"><strong>Evento: Festa Popular da Comunidade Santa Ad&eacute;lia<\/strong><\/p>\n<p dir=\"ltr\" style=\"text-align: justify\">Sexta-feira (5) e s&aacute;bado (6), das 19h &agrave;s 22 &#8211; Comunidade Santa Ad&eacute;lia, Bairro &Aacute;guas da Serra<\/p>\n<p dir=\"ltr\" style=\"text-align: justify\">Festa Popular da Comunidade Santa Ad&eacute;lia<\/p>\n<p dir=\"ltr\" style=\"text-align: justify\">Entrada: Gratuita.<\/p>\n<p dir=\"ltr\" style=\"text-align: justify\">Classifica&ccedil;&atilde;o: Livre.<\/p>\n<p dir=\"ltr\" style=\"text-align: justify\">Realiza&ccedil;&atilde;o: Comunidade Santa Ad&eacute;lia, com apoio da Prefeitura, por meio da Secretaria de Cultura.<\/p>\n<p dir=\"ltr\">&nbsp;<\/p>\n<p dir=\"ltr\" style=\"text-align: justify\"><strong>Dan&ccedil;a: Dan&ccedil;are &#8211; Festival de Dan&ccedil;a<\/strong><\/p>\n<p dir=\"ltr\" style=\"text-align: justify\">S&aacute;bado (6), &agrave;s 12h &#8211;&nbsp;Teatro Vit&oacute;ria Emiliano Bernardo da Silva<\/p>\n<p dir=\"ltr\" style=\"text-align: justify\">Idealizada por Mateus Louren&ccedil;o, a competi&ccedil;&atilde;o de dan&ccedil;a abrange as modalidades de bal&eacute;, jazz, estilo livre, contempor&acirc;neo, neo cl&aacute;ssico, sapateado, entre outras. O evento visa valorizar a cria&ccedil;&atilde;o, a educa&ccedil;&atilde;o e a pr&aacute;tica da dan&ccedil;a. O festival estimula as novas linguagens, promovendo a dan&ccedil;a como express&atilde;o art&iacute;stica e contribuindo para a difus&atilde;o cultural e o desenvolvimento regional. A Dan&ccedil;are conta com os &nbsp;jurados renomados: Jolles Salles, Alex Siqueira e Renata Bardazzi.<\/p>\n<p dir=\"ltr\" style=\"text-align: justify\">Entrada: R$ 30 (inteira), R$ 15 (meia-entrada ou b&ocirc;nus em compra antecipada at&eacute; 05\/07).<\/p>\n<p dir=\"ltr\" style=\"text-align: justify\">Classifica&ccedil;&atilde;o: Livre.<\/p>\n<p dir=\"ltr\" style=\"text-align: justify\">Realiza&ccedil;&atilde;o: Elevare Est&uacute;dio &#8211; J&eacute;ssica Michelle Balthazar, com o apoio da Prefeitura, por meio da Secretaria de Cultura.<\/p>\n<p dir=\"ltr\" style=\"text-align: justify\">Dura&ccedil;&atilde;o: 90 min.<\/p>\n<p dir=\"ltr\">&nbsp;<\/p>\n<p dir=\"ltr\" style=\"text-align: justify\"><strong>Evento: Festa Popular do Centro Pastoral Bom Jesus<\/strong><\/p>\n<p dir=\"ltr\" style=\"text-align: justify\">S&aacute;bado (6), das 19h &agrave;s 22h &#8211; Estrada Limeira Botafogo, KM 1,5 &#8211; Bairro dos Pereiras<\/p>\n<p dir=\"ltr\" style=\"text-align: justify\">Festa Popular do Centro Pastoral Bom Jesus.<\/p>\n<p dir=\"ltr\" style=\"text-align: justify\">Entrada: Gratuita.<\/p>\n<p dir=\"ltr\" style=\"text-align: justify\">Classifica&ccedil;&atilde;o: Livre.<\/p>\n<p dir=\"ltr\" style=\"text-align: justify\">Realiza&ccedil;&atilde;o: Centro Pastoral Bom Jesus, com apoio da Prefeitura, por meio da Secretaria de Cultura.<\/p>\n<p dir=\"ltr\">&nbsp;<\/p>\n<p dir=\"ltr\" style=\"text-align: justify\"><strong>Evento: Festa Popular da Comunidade S&atilde;o Francisco de Assis<\/strong><\/p>\n<p dir=\"ltr\" style=\"text-align: justify\">Dias 6, 7, 13, 14, 20, 21, 27 e 28, das 19h &agrave;s 00h &#8211; Rua Flam&iacute;nio Roland, s\/n&ordm;, Vila Independ&ecirc;ncia<\/p>\n<p dir=\"ltr\" style=\"text-align: justify\">Festa Popular da Comunidade S&atilde;o Francisco de Assis.<\/p>\n<p dir=\"ltr\" style=\"text-align: justify\">Entrada: Gratuita.<\/p>\n<p dir=\"ltr\" style=\"text-align: justify\">Classifica&ccedil;&atilde;o: Livre.<\/p>\n<p dir=\"ltr\" style=\"text-align: justify\">Realiza&ccedil;&atilde;o: Comunidade S&atilde;o Francisco de Assis, com apoio da Prefeitura, por meio da Secretaria de Cultura.<\/p>\n<p dir=\"ltr\">&nbsp;<\/p>\n<p dir=\"ltr\" style=\"text-align: justify\"><strong>Evento: Festa Popular da Comunidade Nossa Senhora do Carmo<\/strong><\/p>\n<p dir=\"ltr\" style=\"text-align: justify\">Dias 6, 7, 13 e 14, &agrave;s 19h &#8211; Rua Jo&atilde;o Bosco Felix Serafim, 123, Jd. Graminha III<\/p>\n<p dir=\"ltr\" style=\"text-align: justify\">Festa Popular da Comunidade Nossa Senhora do Carmo.<\/p>\n<p dir=\"ltr\" style=\"text-align: justify\">Entrada: Gratuita.<\/p>\n<p dir=\"ltr\" style=\"text-align: justify\">Classifica&ccedil;&atilde;o: Livre.<\/p>\n<p dir=\"ltr\" style=\"text-align: justify\">Realiza&ccedil;&atilde;o: Comunidade Nossa Senhora do Carmo, com apoio da Prefeitura, por meio da Secretaria de Cultura.<\/p>\n<p dir=\"ltr\" style=\"text-align: justify\">&nbsp;<\/p>\n<p dir=\"ltr\" style=\"text-align: justify\"><strong>M&uacute;sica: Retreta com Corpora&ccedil;&atilde;o Musical Arthur GIambelli<\/strong><\/p>\n<p dir=\"ltr\" style=\"text-align: justify\">Domingo (7), &agrave;s 10h30 &#8211; Pra&ccedil;a Toledo Barros<\/p>\n<p dir=\"ltr\" style=\"text-align: justify\">Sob reg&ecirc;ncia do Maestro Leandro Pereira, a Corpora&ccedil;&atilde;o apresenta um repert&oacute;rio diverso.<\/p>\n<p dir=\"ltr\" style=\"text-align: justify\">Entrada: Gratuita.<\/p>\n<p dir=\"ltr\" style=\"text-align: justify\">Classifica&ccedil;&atilde;o: Livre.<\/p>\n<p dir=\"ltr\" style=\"text-align: justify\">Realiza&ccedil;&atilde;o: Prefeitura, por meio da Secretaria de Cultura, e banda.<\/p>\n<p dir=\"ltr\" style=\"text-align: justify\">Dura&ccedil;&atilde;o: 90 min.&nbsp;<\/p>\n<p dir=\"ltr\">&nbsp;<\/p>\n<p dir=\"ltr\" style=\"text-align: justify\"><strong>Dan&ccedil;a: Entre Passos, Jogos e Brincadeiras<\/strong><\/p>\n<p dir=\"ltr\" style=\"text-align: justify\">Domingo (7), &agrave;s 19h &#8211;&nbsp;Teatro Vit&oacute;ria Emiliano Bernardo da Silva<\/p>\n<p dir=\"ltr\" style=\"text-align: justify\">O espet&aacute;culo faz parte da finaliza&ccedil;&atilde;o semestral dos alunos da Oficina do Corpo, apresentando uma esfera totalmente l&uacute;dica. Atrav&eacute;s de coreografias, os alunos representam jogos e brincadeiras que fizeram parte da inf&acirc;ncia de muitos e que hoje se encontram esquecidas em meio a tanta tecnologia. Al&eacute;m disso, podemos afirmar que os jogos e brincadeiras s&atilde;o pr&aacute;ticas corporais que desenvolvem prazer, descontra&ccedil;&atilde;o, liberdade e obedi&ecirc;ncia.<\/p>\n<p dir=\"ltr\" style=\"text-align: justify\">Entrada: R$ 50 (inteira), R$ 25 (meia-entrada ou b&ocirc;nus em compra antecipada at&eacute; 06\/07)<\/p>\n<p dir=\"ltr\" style=\"text-align: justify\">Classifica&ccedil;&atilde;o: Livre.<\/p>\n<p dir=\"ltr\" style=\"text-align: justify\">Realiza&ccedil;&atilde;o: Oficina do Corpo, com o apoio da Prefeitura, por meio da Secretaria de Cultura.<\/p>\n<p dir=\"ltr\" style=\"text-align: justify\">Dura&ccedil;&atilde;o: 90 min.<\/p>\n<\/div>\n<\/div>\n<\/div>\n<\/div>\n<\/div>\n<p><br \/>\n<br \/><a href=\"https:\/\/limeira.sp.gov.br\/proximos-dias-trazem-exposicao-musica-danca-e-outros-eventos\" rel=\"noopener\">Informa\u00e7\u00f5es da PML <\/a><\/p>\n","protected":false},"excerpt":{"rendered":"<p>A programa&ccedil;&atilde;o desta semana traz a exposi&ccedil;&atilde;o &ldquo;Os Invis&iacute;veis&rdquo; e o concerto &ldquo;Di&aacute;logos com o Duo Siqueira Lima&#8221;, na Biblioteca Municipal. Tamb&eacute;m acontece dan&ccedil;a no festival &ldquo;Dan&ccedil;are&rdquo; e no espet&aacute;culo &ldquo;Entre Passos, Jogos e Brincadeiras&rdquo;, no Teatro Vit&oacute;ria. A agenda cultural ainda conta com exibi&ccedil;&atilde;o de filme, curso e outros eventos. Confira abaixo: &nbsp; Exposi&ccedil;&atilde;o: [&hellip;]<\/p>\n","protected":false},"author":1,"featured_media":944,"comment_status":"open","ping_status":"open","sticky":false,"template":"","format":"standard","meta":{"_jetpack_newsletter_access":"","_jetpack_dont_email_post_to_subs":false,"_jetpack_newsletter_tier_id":0,"_jetpack_memberships_contains_paywalled_content":false,"_mbp_banners":[],"_jetpack_feature_clip_id":0,"_jetpack_memberships_contains_paid_content":false,"footnotes":"","jetpack_publicize_message":"","jetpack_publicize_feature_enabled":true,"jetpack_social_post_already_shared":true,"jetpack_social_options":{"image_generator_settings":{"template":"highway","default_image_id":0,"font":"","enabled":false},"version":2},"jetpack_post_was_ever_published":false},"categories":[16],"tags":[],"class_list":["post-9435","post","type-post","status-publish","format-standard","has-post-thumbnail","category-local"],"jetpack_publicize_connections":[],"jetpack-related-posts":[],"jetpack_shortlink":"https:\/\/wp.me\/p7Eq1F-2sb","jetpack_sharing_enabled":true,"jetpack_featured_media_url":"https:\/\/i0.wp.com\/guialimeira.com.br\/news\/wp-content\/uploads\/2024\/04\/m_137_0_1_04042024134720.jpg?fit=1280%2C852&ssl=1","_links":{"self":[{"href":"https:\/\/guialimeira.com.br\/news\/wp-json\/wp\/v2\/posts\/9435","targetHints":{"allow":["GET"]}}],"collection":[{"href":"https:\/\/guialimeira.com.br\/news\/wp-json\/wp\/v2\/posts"}],"about":[{"href":"https:\/\/guialimeira.com.br\/news\/wp-json\/wp\/v2\/types\/post"}],"author":[{"embeddable":true,"href":"https:\/\/guialimeira.com.br\/news\/wp-json\/wp\/v2\/users\/1"}],"replies":[{"embeddable":true,"href":"https:\/\/guialimeira.com.br\/news\/wp-json\/wp\/v2\/comments?post=9435"}],"version-history":[{"count":0,"href":"https:\/\/guialimeira.com.br\/news\/wp-json\/wp\/v2\/posts\/9435\/revisions"}],"wp:featuredmedia":[{"embeddable":true,"href":"https:\/\/guialimeira.com.br\/news\/wp-json\/wp\/v2\/media\/944"}],"wp:attachment":[{"href":"https:\/\/guialimeira.com.br\/news\/wp-json\/wp\/v2\/media?parent=9435"}],"wp:term":[{"taxonomy":"category","embeddable":true,"href":"https:\/\/guialimeira.com.br\/news\/wp-json\/wp\/v2\/categories?post=9435"},{"taxonomy":"post_tag","embeddable":true,"href":"https:\/\/guialimeira.com.br\/news\/wp-json\/wp\/v2\/tags?post=9435"}],"curies":[{"name":"wp","href":"https:\/\/api.w.org\/{rel}","templated":true}]}}