{"id":9417,"date":"2024-07-01T11:46:02","date_gmt":"2024-07-01T14:46:02","guid":{"rendered":"https:\/\/guialimeira.com.br\/2024\/07\/01\/forca-nacional-do-sus-investiga-mortes-entre-indigenas-no-acre\/"},"modified":"2024-07-01T11:46:02","modified_gmt":"2024-07-01T14:46:02","slug":"forca-nacional-do-sus-investiga-mortes-entre-indigenas-no-acre","status":"publish","type":"post","link":"https:\/\/guialimeira.com.br\/news\/forca-nacional-do-sus-investiga-mortes-entre-indigenas-no-acre\/","title":{"rendered":"For\u00e7a Nacional do SUS investiga mortes entre ind\u00edgenas no Acre"},"content":{"rendered":"<p> <br \/>\n<\/p>\n<div>\n<p>Uma equipe da For\u00e7a Nacional do Sistema \u00danico de Sa\u00fade (SUS) composta por dois m\u00e9dicos, dois enfermeiros e dois t\u00e9cnicos inicia nesta segunda-feira (1\u00ba) uma miss\u00e3o explorat\u00f3ria em comunidades ind\u00edgenas de Assis Brasil (AC). De acordo com o Minist\u00e9rio da Sa\u00fade, a proposta \u00e9 investigar e tratar quadros de gripe, s\u00edndrome respirat\u00f3ria aguda grave (SRAG) e diarreia.<img data-recalc-dims=\"1\" decoding=\"async\" src=\"https:\/\/i0.wp.com\/agenciabrasil.ebc.com.br\/ebc.png?w=696&#038;ssl=1\" style=\"width:1px; height:1px; display:inline;\"\/><img data-recalc-dims=\"1\" decoding=\"async\" src=\"https:\/\/i0.wp.com\/agenciabrasil.ebc.com.br\/ebc.gif?w=696&#038;ssl=1\" style=\"width:1px; height:1px; display:inline;\"\/><\/p>\n<p>\u201cAl\u00e9m dos atendimentos, ser\u00e1 feito o diagn\u00f3stico vivo da situa\u00e7\u00e3o no local. O aumento expressivo das doen\u00e7as t\u00eam causado \u00f3bitos de crian\u00e7as e idosos\u201d, destacou a pasta por meio de nota. As secretarias de Sa\u00fade Ind\u00edgena (Sesai) e de Vigil\u00e2ncia em Sa\u00fade e Ambiente tamb\u00e9m monitoram a situa\u00e7\u00e3o.<\/p>\n<p>A previs\u00e3o \u00e9 que as atividades se estendam por cinco dias. Segundo a Secretaria de Sa\u00fade do Acre, notifica\u00e7\u00f5es recentes mostram que crian\u00e7as de 1 a 5 anos e idosos acima de 60 anos \u201cs\u00e3o desproporcionalmente afetados\u201d com as doen\u00e7as citadas. \u201cAl\u00e9m disso, foram registradas mortes entre crian\u00e7as menores de 5 anos em aldeias locais\u201d.<\/p>\n<h2>Entenda<\/h2>\n<p>O munic\u00edpio de Assis Brasil tem mais de 7 mil habitantes e fica localizado na tr\u00edplice fronteira entre o Brasil, o Peru e a Bol\u00edvia. O Sistema de informa\u00e7\u00e3o da Aten\u00e7\u00e3o \u00e0 Sa\u00fade ind\u00edgena registra duas etnias vivendo na regi\u00e3o, Jaminawa e Manchineri, totalizando 2,1 mil ind\u00edgenas distribu\u00eddos em 32 aldeias.<\/p>\n<p>\u00a0<\/p>\n<\/p><\/div>\n<p><br \/>\n<br \/><a href=\"https:\/\/agenciabrasil.ebc.com.br\/saude\/noticia\/2024-07\/forca-nacional-do-sus-investiga-mortes-entre-indigenas-no-acre\" rel=\"noopener\">Ag\u00eancia Brasil <\/a><\/p>\n","protected":false},"excerpt":{"rendered":"<p>Uma equipe da For\u00e7a Nacional do Sistema \u00danico de Sa\u00fade (SUS) composta por dois m\u00e9dicos, dois enfermeiros e dois t\u00e9cnicos inicia nesta segunda-feira (1\u00ba) uma miss\u00e3o explorat\u00f3ria em comunidades ind\u00edgenas de Assis Brasil (AC). De acordo com o Minist\u00e9rio da Sa\u00fade, a proposta \u00e9 investigar e tratar quadros de gripe, s\u00edndrome respirat\u00f3ria aguda grave (SRAG) [&hellip;]<\/p>\n","protected":false},"author":1,"featured_media":5627,"comment_status":"open","ping_status":"open","sticky":false,"template":"","format":"standard","meta":{"_jetpack_newsletter_access":"","_jetpack_dont_email_post_to_subs":false,"_jetpack_newsletter_tier_id":0,"_jetpack_memberships_contains_paywalled_content":false,"_mbp_banners":[],"_jetpack_feature_clip_id":0,"_jetpack_memberships_contains_paid_content":false,"footnotes":"","jetpack_publicize_message":"","jetpack_publicize_feature_enabled":true,"jetpack_social_post_already_shared":true,"jetpack_social_options":{"image_generator_settings":{"template":"highway","default_image_id":0,"font":"","enabled":false},"version":2},"jetpack_post_was_ever_published":false},"categories":[15],"tags":[],"class_list":["post-9417","post","type-post","status-publish","format-standard","has-post-thumbnail","category-saude"],"jetpack_publicize_connections":[],"jetpack-related-posts":[],"jetpack_shortlink":"https:\/\/wp.me\/p7Eq1F-2rT","jetpack_sharing_enabled":true,"jetpack_featured_media_url":"https:\/\/i0.wp.com\/guialimeira.com.br\/news\/wp-content\/uploads\/2024\/05\/53720261907_64852d7fda_o.jpg?fit=1600%2C800&ssl=1","_links":{"self":[{"href":"https:\/\/guialimeira.com.br\/news\/wp-json\/wp\/v2\/posts\/9417","targetHints":{"allow":["GET"]}}],"collection":[{"href":"https:\/\/guialimeira.com.br\/news\/wp-json\/wp\/v2\/posts"}],"about":[{"href":"https:\/\/guialimeira.com.br\/news\/wp-json\/wp\/v2\/types\/post"}],"author":[{"embeddable":true,"href":"https:\/\/guialimeira.com.br\/news\/wp-json\/wp\/v2\/users\/1"}],"replies":[{"embeddable":true,"href":"https:\/\/guialimeira.com.br\/news\/wp-json\/wp\/v2\/comments?post=9417"}],"version-history":[{"count":0,"href":"https:\/\/guialimeira.com.br\/news\/wp-json\/wp\/v2\/posts\/9417\/revisions"}],"wp:featuredmedia":[{"embeddable":true,"href":"https:\/\/guialimeira.com.br\/news\/wp-json\/wp\/v2\/media\/5627"}],"wp:attachment":[{"href":"https:\/\/guialimeira.com.br\/news\/wp-json\/wp\/v2\/media?parent=9417"}],"wp:term":[{"taxonomy":"category","embeddable":true,"href":"https:\/\/guialimeira.com.br\/news\/wp-json\/wp\/v2\/categories?post=9417"},{"taxonomy":"post_tag","embeddable":true,"href":"https:\/\/guialimeira.com.br\/news\/wp-json\/wp\/v2\/tags?post=9417"}],"curies":[{"name":"wp","href":"https:\/\/api.w.org\/{rel}","templated":true}]}}