{"id":9409,"date":"2024-07-01T10:45:01","date_gmt":"2024-07-01T13:45:01","guid":{"rendered":"https:\/\/guialimeira.com.br\/2024\/07\/01\/dengue-brasil-tem-em-6-meses-61-milhoes-de-casos-e-42-mil-mortes\/"},"modified":"2024-07-01T10:45:01","modified_gmt":"2024-07-01T13:45:01","slug":"dengue-brasil-tem-em-6-meses-61-milhoes-de-casos-e-42-mil-mortes","status":"publish","type":"post","link":"https:\/\/guialimeira.com.br\/news\/dengue-brasil-tem-em-6-meses-61-milhoes-de-casos-e-42-mil-mortes\/","title":{"rendered":"Dengue: Brasil tem, em 6 meses, 6,1 milh\u00f5es de casos e 4,2 mil mortes"},"content":{"rendered":"<p> <br \/>\n<\/p>\n<div>\n<p>O Brasil encerrou o primeiro semestre de 2024 registrando 6.159.160 casos prov\u00e1veis de dengue e 4.250 mortes pela doen\u00e7a. Segundo o painel de monitoramento de arboviroses do Minist\u00e9rio da Sa\u00fade, h\u00e1 ainda 2.730 \u00f3bitos em investiga\u00e7\u00e3o. O coeficiente de incid\u00eancia da dengue no pa\u00eds \u00e9, agora, de 3.033 casos para cada 100 mil habitantes e a taxa de letalidade \u00e9 de 0,07.<img data-recalc-dims=\"1\" decoding=\"async\" src=\"https:\/\/i0.wp.com\/agenciabrasil.ebc.com.br\/ebc.png?w=696&#038;ssl=1\" style=\"width:1px; height:1px; display:inline;\"\/><img data-recalc-dims=\"1\" decoding=\"async\" src=\"https:\/\/i0.wp.com\/agenciabrasil.ebc.com.br\/ebc.gif?w=696&#038;ssl=1\" style=\"width:1px; height:1px; display:inline;\"\/><\/p>\n<p>Dados divulgados nesta segunda-feira (1\u00ba), em Bras\u00edlia, \u00a0mostram que a maior parte dos casos prov\u00e1veis de dengue em 2024 foi anotada entre mulheres (54,8%), contra 45,2% entre homens.<\/p>\n<h2>Faixa et\u00e1ria<\/h2>\n<p>Ao todo, 49,6% das ocorr\u00eancias foram identificadas em pessoas brancas, 42,5% entre pardos, 6,2% entre pretos e 0,3% entre ind\u00edgenas. A faixa et\u00e1ria de 20 a 29 anos concentra a maior parte das v\u00edtimas, seguida pela de 30 a 39 anos e pela de 40 a 49 anos.<\/p>\n<p>Entre as unidades federativas, o Distrito Federal registra o maior coeficiente de incid\u00eancia de dengue (9.626 casos por 100 mil habitantes). Em seguida, est\u00e3o Minas Gerais (8.035), Paran\u00e1 (5.478), Santa Catarina (4.607) e S\u00e3o Paulo (4.301). Em n\u00fameros absolutos, S\u00e3o Paulo lidera com 1,9 milh\u00e3o de ocorr\u00eancias. Em seguida, aparecem Minas Gerais (1,6 milh\u00e3o), Paran\u00e1 (626,8 mil), Santa Catarina (350,6 mil) e Goi\u00e1s (301,5 mil).\u00a0<\/p>\n<\/p><\/div>\n<p><br \/>\n<br \/><a href=\"https:\/\/agenciabrasil.ebc.com.br\/saude\/noticia\/2024-07\/dengue-brasil-tem-em-6-meses-61-milhoes-de-casos-e-42-mil-mortes\" rel=\"noopener\">Ag\u00eancia Brasil <\/a><\/p>\n","protected":false},"excerpt":{"rendered":"<p>O Brasil encerrou o primeiro semestre de 2024 registrando 6.159.160 casos prov\u00e1veis de dengue e 4.250 mortes pela doen\u00e7a. Segundo o painel de monitoramento de arboviroses do Minist\u00e9rio da Sa\u00fade, h\u00e1 ainda 2.730 \u00f3bitos em investiga\u00e7\u00e3o. O coeficiente de incid\u00eancia da dengue no pa\u00eds \u00e9, agora, de 3.033 casos para cada 100 mil habitantes e [&hellip;]<\/p>\n","protected":false},"author":1,"featured_media":9410,"comment_status":"open","ping_status":"open","sticky":false,"template":"","format":"standard","meta":{"_jetpack_newsletter_access":"","_jetpack_dont_email_post_to_subs":false,"_jetpack_newsletter_tier_id":0,"_jetpack_memberships_contains_paywalled_content":false,"_mbp_banners":[],"_jetpack_feature_clip_id":0,"_jetpack_memberships_contains_paid_content":false,"footnotes":"","jetpack_publicize_message":"","jetpack_publicize_feature_enabled":true,"jetpack_social_post_already_shared":true,"jetpack_social_options":{"image_generator_settings":{"template":"highway","default_image_id":0,"font":"","enabled":false},"version":2},"jetpack_post_was_ever_published":false},"categories":[15],"tags":[],"class_list":["post-9409","post","type-post","status-publish","format-standard","has-post-thumbnail","category-saude"],"jetpack_publicize_connections":[],"jetpack-related-posts":[],"jetpack_shortlink":"https:\/\/wp.me\/p7Eq1F-2rL","jetpack_sharing_enabled":true,"jetpack_featured_media_url":"https:\/\/i0.wp.com\/guialimeira.com.br\/news\/wp-content\/uploads\/2024\/07\/vacina_dengue_05.jpg?fit=1600%2C800&ssl=1","_links":{"self":[{"href":"https:\/\/guialimeira.com.br\/news\/wp-json\/wp\/v2\/posts\/9409","targetHints":{"allow":["GET"]}}],"collection":[{"href":"https:\/\/guialimeira.com.br\/news\/wp-json\/wp\/v2\/posts"}],"about":[{"href":"https:\/\/guialimeira.com.br\/news\/wp-json\/wp\/v2\/types\/post"}],"author":[{"embeddable":true,"href":"https:\/\/guialimeira.com.br\/news\/wp-json\/wp\/v2\/users\/1"}],"replies":[{"embeddable":true,"href":"https:\/\/guialimeira.com.br\/news\/wp-json\/wp\/v2\/comments?post=9409"}],"version-history":[{"count":0,"href":"https:\/\/guialimeira.com.br\/news\/wp-json\/wp\/v2\/posts\/9409\/revisions"}],"wp:featuredmedia":[{"embeddable":true,"href":"https:\/\/guialimeira.com.br\/news\/wp-json\/wp\/v2\/media\/9410"}],"wp:attachment":[{"href":"https:\/\/guialimeira.com.br\/news\/wp-json\/wp\/v2\/media?parent=9409"}],"wp:term":[{"taxonomy":"category","embeddable":true,"href":"https:\/\/guialimeira.com.br\/news\/wp-json\/wp\/v2\/categories?post=9409"},{"taxonomy":"post_tag","embeddable":true,"href":"https:\/\/guialimeira.com.br\/news\/wp-json\/wp\/v2\/tags?post=9409"}],"curies":[{"name":"wp","href":"https:\/\/api.w.org\/{rel}","templated":true}]}}